{"id":251438,"date":"2025-07-08T07:57:09","date_gmt":"2025-07-08T07:57:09","guid":{"rendered":"https:\/\/www.europesays.com\/de\/251438\/"},"modified":"2025-07-08T07:57:09","modified_gmt":"2025-07-08T07:57:09","slug":"sommer-der-70er-in-moenchengladbach-retro-girls","status":"publish","type":"post","link":"https:\/\/www.europesays.com\/de\/251438\/","title":{"rendered":"Sommer der 70er in M\u00f6nchengladbach | Retro Girls"},"content":{"rendered":"<p class=\"card__subtitle\"> Retro-Magazin von NiersRadio aus M\u00f6nchengladbach <\/p>\n<p>Bunte Mode, Freibad-Spa\u00df im Volksbad, und Beat-<a href=\"https:\/\/www.nrwision.de\/mediathek\/themen\/musik\" target=\"_blank\" rel=\"noopener\">Musik<\/a> aus den Lautsprechern: Das waren die 70er in M\u00f6nchengladbach. Die Moderatorinnen Petra und Susanne machen eine musikalische Zeitreise in die Vergangenheit ihrer Heimatstadt. Sie pr\u00e4sentieren unter anderem den Schlager-Klassiker &#8222;Ein Bett im Kornfeld&#8220; von J\u00fcrgen Drews und den Hit &#8222;Love Is in the Air&#8220; von 1977. Zudem erinnern sie an die Tausendjahrfeier der Stadt M\u00f6nchengladbach im Jahr 1974 und den legend\u00e4ren 7:1-Sieg von Borussia M\u00f6nchengladbach gegen Inter Mailand.<\/p>\n","protected":false},"excerpt":{"rendered":"Retro-Magazin von NiersRadio aus M\u00f6nchengladbach Bunte Mode, Freibad-Spa\u00df im Volksbad, und Beat-Musik aus den Lautsprechern: Das waren die&hellip;\n","protected":false},"author":2,"featured_media":251439,"comment_status":"","ping_status":"","sticky":false,"template":"","format":"standard","meta":{"footnotes":""},"categories":[1849],"tags":[37529,69923,11498,3364,29,548,663,3934,10860,30,13,4455,14,15,1209,970,12,2715,17976],"class_list":{"0":"post-251438","1":"post","2":"type-post","3":"status-publish","4":"format-standard","5":"has-post-thumbnail","7":"category-moenchengladbach","8":"tag-1970er","9":"tag-70er","10":"tag-beat","11":"tag-de","12":"tag-deutschland","13":"tag-eu","14":"tag-europa","15":"tag-europe","16":"tag-freibad","17":"tag-germany","18":"tag-headlines","19":"tag-moenchengladbach","20":"tag-nachrichten","21":"tag-news","22":"tag-nordrhein-westfalen","23":"tag-schlager","24":"tag-schlagzeilen","25":"tag-sommer","26":"tag-zeitreise"},"share_on_mastodon":{"url":"https:\/\/pubeurope.com\/@de\/114816551926616152","error":""},"_links":{"self":[{"href":"https:\/\/www.europesays.com\/de\/wp-json\/wp\/v2\/posts\/251438","targetHints":{"allow":["GET"]}}],"collection":[{"href":"https:\/\/www.europesays.com\/de\/wp-json\/wp\/v2\/posts"}],"about":[{"href":"https:\/\/www.europesays.com\/de\/wp-json\/wp\/v2\/types\/post"}],"author":[{"embeddable":true,"href":"https:\/\/www.europesays.com\/de\/wp-json\/wp\/v2\/users\/2"}],"replies":[{"embeddable":true,"href":"https:\/\/www.europesays.com\/de\/wp-json\/wp\/v2\/comments?post=251438"}],"version-history":[{"count":0,"href":"https:\/\/www.europesays.com\/de\/wp-json\/wp\/v2\/posts\/251438\/revisions"}],"wp:featuredmedia":[{"embeddable":true,"href":"https:\/\/www.europesays.com\/de\/wp-json\/wp\/v2\/media\/251439"}],"wp:attachment":[{"href":"https:\/\/www.europesays.com\/de\/wp-json\/wp\/v2\/media?parent=251438"}],"wp:term":[{"taxonomy":"category","embeddable":true,"href":"https:\/\/www.europesays.com\/de\/wp-json\/wp\/v2\/categories?post=251438"},{"taxonomy":"post_tag","embeddable":true,"href":"https:\/\/www.europesays.com\/de\/wp-json\/wp\/v2\/tags?post=251438"}],"curies":[{"name":"wp","href":"https:\/\/api.w.org\/{rel}","templated":true}]}}