{"id":251474,"date":"2025-07-08T08:16:10","date_gmt":"2025-07-08T08:16:10","guid":{"rendered":"https:\/\/www.europesays.com\/de\/251474\/"},"modified":"2025-07-08T08:16:10","modified_gmt":"2025-07-08T08:16:10","slug":"omis-startet-in-frankreich-mit-sell-out-daten-fuer-die-outdoor-branche","status":"publish","type":"post","link":"https:\/\/www.europesays.com\/de\/251474\/","title":{"rendered":"OMIS startet in Frankreich mit Sell-out-Daten f\u00fcr die Outdoor-Branche"},"content":{"rendered":"<p>Der Outdoor Market Intelligence Service (OMIS) von Sporting Insights und der European Outdoor Group liefert nach dem Start in Gro\u00dfbritannien nun auch in Frankreich Echtzeitdaten zu Sell-out und Markttrends. \u00dcber 20 H\u00e4ndler und Marken unterst\u00fctzen das Programm.<\/p>\n<p>Nach Gro\u00dfbritannien ist Frankreich der zweite Markt mit dem Outdoor Market Intelligence Service (OMIS). Der Service von Sporting Insights, der European Outdoor Group (EOG) und dem franz\u00f6sischen Brancheverband Outdoor Sports Valley (OSV) liefert Outdoor-Marken, H\u00e4ndlern und Distributoren nahezu in Echtzeit Sell-out-Daten aus station\u00e4rem und Online-Handel. Erfasst werden Bekleidung, Schuhe, Camping, Kletterausr\u00fcstung, Rucks\u00e4cke und Taschen sowie Equipment, untergliedert in zahlreiche Subkategorien.<\/p>\n<p>Nutzer k\u00f6nnen nach einzelnen Monaten oder benutzerdefinierten Zeitr\u00e4umen filtern; historische Trenddaten ab 2023 erm\u00f6glichen eine Einordnung der aktuellen Zahlen. Preisfilter bieten zus\u00e4tzliche Flexibilit\u00e4t.<\/p>\n<p>Ermittelte Kennzahlen sind Verkaufsvolumen, Umsatz und durchschnittlicher Verkaufspreis. Die Daten k\u00f6nnen nach Vertriebskanal segmentiert werden; Auswertungen bis auf Marken- und Modellebene sind m\u00f6glich.<\/p>\n<p>Zum Start in Frankreich umfasst OMIS Verk\u00e4ufe im Wert von \u00fcber 580 Millionen Euro und \u00fcber eine Million Einzelprodukte. Unterst\u00fctzt wird der Service von mehr als 20 Unternehmen, darunter Decathlon, Intersport, Jack Wolfskin, Millet, Bergfreunde und Sport 2000.<\/p>\n<p>Guillaume Bouvaist von OSV betont, OMIS erm\u00f6gliche Marken und H\u00e4ndlern, fundierte Entscheidungen f\u00fcr ein nachhaltigeres und wettbewerbsf\u00e4higeres Business zu treffen. Auch ein Launch in der DACH-Region ist geplant \u2013 voraussichtlich Ende 2025.<\/p>\n","protected":false},"excerpt":{"rendered":"Der Outdoor Market Intelligence Service (OMIS) von Sporting Insights und der European Outdoor Group liefert nach dem Start&hellip;\n","protected":false},"author":2,"featured_media":251475,"comment_status":"","ping_status":"","sticky":false,"template":"","format":"standard","meta":{"footnotes":""},"categories":[3974],"tags":[331,332,548,663,3934,3980,156,13,14,15,12],"class_list":{"0":"post-251474","1":"post","2":"type-post","3":"status-publish","4":"format-standard","5":"has-post-thumbnail","7":"category-frankreich","8":"tag-aktuelle-nachrichten","9":"tag-aktuelle-news","10":"tag-eu","11":"tag-europa","12":"tag-europe","13":"tag-france","14":"tag-frankreich","15":"tag-headlines","16":"tag-nachrichten","17":"tag-news","18":"tag-schlagzeilen"},"share_on_mastodon":{"url":"https:\/\/pubeurope.com\/@de\/114816626443984508","error":""},"_links":{"self":[{"href":"https:\/\/www.europesays.com\/de\/wp-json\/wp\/v2\/posts\/251474","targetHints":{"allow":["GET"]}}],"collection":[{"href":"https:\/\/www.europesays.com\/de\/wp-json\/wp\/v2\/posts"}],"about":[{"href":"https:\/\/www.europesays.com\/de\/wp-json\/wp\/v2\/types\/post"}],"author":[{"embeddable":true,"href":"https:\/\/www.europesays.com\/de\/wp-json\/wp\/v2\/users\/2"}],"replies":[{"embeddable":true,"href":"https:\/\/www.europesays.com\/de\/wp-json\/wp\/v2\/comments?post=251474"}],"version-history":[{"count":0,"href":"https:\/\/www.europesays.com\/de\/wp-json\/wp\/v2\/posts\/251474\/revisions"}],"wp:featuredmedia":[{"embeddable":true,"href":"https:\/\/www.europesays.com\/de\/wp-json\/wp\/v2\/media\/251475"}],"wp:attachment":[{"href":"https:\/\/www.europesays.com\/de\/wp-json\/wp\/v2\/media?parent=251474"}],"wp:term":[{"taxonomy":"category","embeddable":true,"href":"https:\/\/www.europesays.com\/de\/wp-json\/wp\/v2\/categories?post=251474"},{"taxonomy":"post_tag","embeddable":true,"href":"https:\/\/www.europesays.com\/de\/wp-json\/wp\/v2\/tags?post=251474"}],"curies":[{"name":"wp","href":"https:\/\/api.w.org\/{rel}","templated":true}]}}