{"id":251521,"date":"2025-07-08T08:40:21","date_gmt":"2025-07-08T08:40:21","guid":{"rendered":"https:\/\/www.europesays.com\/de\/251521\/"},"modified":"2025-07-08T08:40:21","modified_gmt":"2025-07-08T08:40:21","slug":"neuroinklusion-am-arbeitsplatz-perspektiven-fuer-nachhaltige-hr-kultur","status":"publish","type":"post","link":"https:\/\/www.europesays.com\/de\/251521\/","title":{"rendered":"Neuroinklusion am Arbeitsplatz: Perspektiven f\u00fcr nachhaltige HR-Kultur"},"content":{"rendered":"<p class=\"date\">08.07.2025 \u2013 10:14<\/p>\n<p class=\"customer\">\n                        <a class=\"story-customer\" title=\"weiter zum newsroom von Top Employers Institute\" href=\"https:\/\/www.presseportal.de\/nr\/112613\" target=\"_blank\" rel=\"noopener\">Top Employers Institute<\/a>\n                    <\/p>\n<p><a class=\"glightbox event-trigger\" href=\"https:\/\/cache.pressmailing.net\/thumbnail\/story_hires\/65ecc3c8-9ae0-4ea2-9e53-64aed26c6cfb\/image001.jpeg.jpg\" data-description=\"Patrik Rendel, Regional Manager DACH &amp; CEE beim Top Employers Institute \/ Weiterer Text \u00fcber ots und www.presseportal.de\/nr\/112613 \/ Die Verwendung dieses Bildes f\u00fcr redaktionelle Zwecke ist unter Beachtung aller mitgeteilten Nutzungsbedingungen zul\u00e4ssig und dann auch honorarfrei. Ver\u00f6ffentlichung ausschlie\u00dflich mit Bildrechte-Hinweis.\" data-category=\"medialightbox\" data-action=\"click\" data-label=\"single\" data-value=\"686ccc6c270000fd2ce7528b\" target=\"_blank\" rel=\"noopener\"><img decoding=\"async\" height=\"540\" with=\"720\" src=\"https:\/\/www.europesays.com\/de\/wp-content\/uploads\/2025\/07\/neuroinklusion-am-arbeitsplatz-perspektiven-f-r-nachhaltige-hr-kultur.jpeg\"   alt=\"Neuroinklusion am Arbeitsplatz: Perspektiven f\u00fcr nachhaltige HR-Kultur\" class=\"single\"\/><\/a><\/p>\n<p><a data-category=\"citylink-story-view\" data-action=\"click\" data-label=\"Citylink in Meldungsansicht\" class=\"story-city event-trigger\" href=\"https:\/\/www.presseportal.de\/regional\/D%FCsseldorf\" title=\"News aus D\u00fcsseldorf \" target=\"_blank\" rel=\"noopener\">D\u00fcsseldorf<\/a> (ots)<\/p>\n<p> Neuroinklusion am Arbeitsplatz entwickelt sich zur Schl\u00fcsselkomponente einer zukunftsorientierten Personalstrategie. Trotz wachsender Relevanz fehlen in vielen Unternehmen noch konkrete Ma\u00dfnahmen. Eine neue Studie des Top Employers Institute liefert Orientierung und Handlungsans\u00e4tze. <\/p>\n<p><b>Neuroinclusive by Design &#8211; Wie Unternehmen Potenziale erkennen und f\u00f6rdern<\/b><\/p>\n<p> Diversity und Inklusion sind in vielen Unternehmen fest verankert &#8211; zumindest auf dem Papier. Doch w\u00e4hrend Geschlecht, Herkunft und Alter oft im Zentrum stehen, bleibt ein Aspekt meist unbeachtet: neurodiverse Talente. Menschen mit ADHS, Autismus, Legasthenie oder anderen neurologischen Besonderheiten bringen wertvolle Perspektiven mit &#8211; vorausgesetzt, ihr Umfeld ist auf sie eingestellt. <\/p>\n<p> Mit dem Report &#8220; <a target=\"_blank\" class=\"uri-ext outbound\" rel=\"noopener\" href=\"https:\/\/www.top-employers.com\/blog\/neuroinclusive-by-design\/\">Neuroinclusive by Design<\/a>&#8220; r\u00fcckt das Top Employers Institute dieses bislang unterrepr\u00e4sentierte Thema in den Fokus der HR-Strategie. Der Bericht analysiert aktuelle Erkenntnisse zur Neuroinklusion am Arbeitsplatz und zeigt praxisnah, wie Unternehmen Strukturen schaffen k\u00f6nnen, die neurodiverse Mitarbeitende nicht nur akzeptieren, sondern gezielt f\u00f6rdern. <\/p>\n<p><b>Status quo: Bewusstsein, aber mangelnde Umsetzung<\/b><\/p>\n<p> Obwohl das Thema Neurodivergenz zunehmend in HR-Diskursen ankommt, bleibt der Schritt von der Erkenntnis zur Umsetzung oft aus. So zeigte etwa eine  <a target=\"_blank\" class=\"uri-ext outbound\" rel=\"noopener\" href=\"https:\/\/de.statista.com\/statistik\/daten\/studie\/1552136\/umfrage\/massnahmen-in-unternehmen-im-bereich-neurodivergenz\/\">Befragung<\/a> des Statista Research Departments unter HR-Verantwortlichen im deutschsprachigen Raum, dass mehr als die H\u00e4lfte der Unternehmen bislang keinerlei gezielte Ma\u00dfnahmen f\u00fcr neurodivergente Mitarbeitende ergriffen hat. Vor diesem Hintergrund gewinnt die  <a target=\"_blank\" class=\"uri-ext outbound\" rel=\"noopener\" href=\"https:\/\/www.top-employers.com\/blog\/neuroinclusive-by-design\/\">Studie des Top Employers Institute<\/a> zus\u00e4tzlich an Bedeutung: Sie zeigt nicht nur den konkreten Handlungsbedarf auf, sondern liefert gleichzeitig praxistaugliche Ans\u00e4tze f\u00fcr mehr Teilhabe, Struktur und Vertrauen im Arbeitsalltag. <\/p>\n<p><b>Zwischen Innovationsdruck und kultureller Verantwortung<\/b><\/p>\n<p> Unternehmen stehen heute unter doppeltem Druck: Sie m\u00fcssen sowohl innovativ als auch werteorientiert agieren. Genau an dieser Schnittstelle positioniert sich Neuroinklusion als zukunftsweisender Ansatz. Sie erlaubt, unternehmerische Ziele mit kultureller Verantwortung zu verbinden, ohne Kompromisse bei Effizienz, Qualit\u00e4t oder Performance einzugehen. <\/p>\n<p> Patrik Rendel, Regional Manager DACH &amp; CEE beim Top Employers Institute, betont: &#8222;Arbeitsumgebungen zu schaffen, in denen alle Menschen ihr Potenzial entfalten k\u00f6nnen, ist l\u00e4ngst keine Option mehr &#8211; es ist eine Notwendigkeit. Die Ma\u00dfnahmen, die neurodivergente Mitarbeitende unterst\u00fctzen, kommen der gesamten Belegschaft zugute. Neurodiversit\u00e4t wirkt als Katalysator f\u00fcr Zusammenarbeit &#8211; und verbessert nachweislich die Unternehmensleistung.&#8220; <\/p>\n<p><b>Neuroinklusion am Arbeitsplatz &#8211; ein Muss f\u00fcr moderne HR-Strategien<\/b><\/p>\n<p> Um die L\u00fccke zwischen Erkenntnis und aktiver Umsetzung von konkreten Neuroinklusionsma\u00dfnahmen zu schlie\u00dfen, hat sich Top Employers Institute mit seiner j\u00fcngsten Untersuchung &#8220; <a target=\"_blank\" class=\"uri-ext outbound\" rel=\"noopener\" href=\"https:\/\/www.top-employers.com\/blog\/neuroinclusive-by-design\/\">Neuroinclusive by Design<\/a>&#8220; gewidmet. Aufbauend auf qualitativen Interviews mit neurodivergenten Mitarbeitenden analysiert die Studie praxisnahe Wege, wie Unternehmen integrative Strukturen aufbauen und gleichzeitig ihre Leistungsf\u00e4higkeit steigern k\u00f6nnen. <\/p>\n<p> Neuroinklusion wird im Report als zukunftsweisende Kompetenz verstanden, die kulturelle Intelligenz, strategische Planung und agile Umsetzung verbindet. Als Bestandteil moderner New-Work-Konzepte f\u00f6rdert sie Innovation, Empathie und gemeinsame Wertsch\u00f6pfung. Drei Prinzipien stehen im Fokus erfolgreicher Unternehmen: Die gezielte Nutzung individueller St\u00e4rken, klar definierte Formen der Zusammenarbeit und eine vertrauensbasierte, transparente Unternehmenskultur. <\/p>\n<p> Fallbeispiele aus der Studie zeigen: Neurodiverse Teams zeichnen sich durch hohe Probleml\u00f6sungskompetenz, Kreativit\u00e4t und Mustererkennung aus &#8211; besonders dort, wo Mitarbeitende jenseits starrer Rollen arbeiten k\u00f6nnen. <\/p>\n<p> Einheitliche Kommunikation, klare Prozesse und R\u00fccksichtnahme verst\u00e4rken diese Wirkung strukturell. Entscheidend ist: Sicherheit und Akzeptanz steigern die Leistung messbar. F\u00fchrung, hybride Arbeitsmodelle und Talentbindung profitieren direkt von einer gezielten Integration neurodiverser Perspektiven in die HR-Strategie. <\/p>\n<p><b>Das Top Employer Institute: ein umfangreiches Leistungsspektrum<\/b><\/p>\n<p> Das Top Employers Institute ist nicht nur f\u00fcr seine regelm\u00e4\u00dfigen, vertiefenden Einblicke zu aktuellen HR-Fragestellungen wie der  <a target=\"_blank\" class=\"uri-ext outbound\" rel=\"noopener\" href=\"https:\/\/www.top-employers.com\/blog\/neuroinclusive-by-design\/\">Neuroinklusion am Arbeitsplatz<\/a> bekannt. <\/p>\n<p> Ganz generell verbindet es Forschungskompetenz mit konkreter Praxisunterst\u00fctzung. Das Institut liefert nicht nur theoretische Grundlagen &#8211; es stellt auch eine Vielzahl von Best Practices und Fallstudien zur Verf\u00fcgung. Die Bandbreite reicht von sensibilisierenden Schulungen \u00fcber neue Rekrutierungsstrategien bis hin zu strukturierter Onboarding-Begleitung. <\/p>\n<p> Die Erkenntnisse stammen aus einem breiten Pool zertifizierter Unternehmen, die sich j\u00e4hrlich der Bewertung durch das Institut stellen. Mehr als 2.400 Unternehmen weltweit tragen mittlerweile das Siegel &#8222;Top Employer&#8220;. Sie profitieren von der Auszeichnung und vom Zugang zu einem globalen Netzwerk, das Erfahrungswerte und Wissenstransfer f\u00f6rdert. <\/p>\n<p> Das Herzst\u00fcck der Arbeit des Top Employers Institute ist ein international anerkanntes Zertifizierungsprogramm, das auf standardisierter Methodik und umfassender Benchmark-Analyse basiert. Unternehmen, die teilnehmen, erhalten nicht nur ein Siegel &#8211; sie gewinnen fundierte Einblicke in ihre HR-Strukturen und k\u00f6nnen sich im globalen Vergleich mit anderen Top Employer-Unternehmen messen. <\/p>\n<p><b>Fazit: Wer gewinnen will, muss verstehen &#8211; und handeln<\/b><\/p>\n<p> Neuroinklusion am Arbeitsplatz steht exemplarisch f\u00fcr eine neue Generation von HR-Trends, die Mensch und Betrieb gleicherma\u00dfen in den Blick nehmen. Integriert gedacht und strategisch verankert, verbessert sie nicht nur das individuelle Wohlbefinden, sondern auch die unternehmerische Zukunftsf\u00e4higkeit. <\/p>\n<p> Die Herausforderung liegt dabei weniger in der Erkenntnis als im Handeln. Mit den richtigen Impulsen, fundierten Analysen und verl\u00e4sslichen Partnerschaften l\u00e4sst sich ein Weg einschlagen, der Inklusion, Performance und Innovationskraft dauerhaft und glaubw\u00fcrdig miteinander verbindet. <\/p>\n<p class=\"contact-headline\">Ansprechpartner f\u00fcr die Presse:<\/p>\n<p class=\"contact-text\">Top Employers Institute GmbH &amp; Co. KG<br \/>Spaces Andreas Quartier<br \/>c\/o Top Employers Institute GmbH<br \/>Neubr\u00fcckstra\u00dfe 1<br \/>40213 D\u00fcsseldorf<\/p>\n<p>Carsten Jekel f\u00fcr Top Employers Institute<br \/><a href=\"https:\/\/www.presseportal.de\/pm\/112613\/mailto: carsten@jekel-marketing.de\" class=\"uri-mailto\" target=\"_blank\" rel=\"noopener\"> carsten@jekel-marketing.de<\/a><br \/>+49 (0)171 2684031<\/p>\n<p class=\"originator\">Original-Content von: Top Employers Institute, \u00fcbermittelt durch news aktuell<\/p>\n","protected":false},"excerpt":{"rendered":"08.07.2025 \u2013 10:14 Top Employers Institute D\u00fcsseldorf (ots) Neuroinklusion am Arbeitsplatz entwickelt sich zur Schl\u00fcsselkomponente einer zukunftsorientierten Personalstrategie.&hellip;\n","protected":false},"author":2,"featured_media":251522,"comment_status":"","ping_status":"","sticky":false,"template":"","format":"standard","meta":{"footnotes":""},"categories":[1831],"tags":[1140,17401,3477,3364,29,3405,30,1648,77198,77199,77200,1209,178,180,179,181,11748],"class_list":{"0":"post-251521","1":"post","2":"type-post","3":"status-publish","4":"format-standard","5":"has-post-thumbnail","7":"category-duesseldorf","8":"tag-arbeit","9":"tag-arbeitsplatz","10":"tag-bild","11":"tag-de","12":"tag-deutschland","13":"tag-duesseldorf","14":"tag-germany","15":"tag-inklusion","16":"tag-neurodiversitt","17":"tag-neuroinclusive-by-design","18":"tag-neuroinklusion","19":"tag-nordrhein-westfalen","20":"tag-presse","21":"tag-pressemeldung","22":"tag-pressemitteilung","23":"tag-pressemitteilungen","24":"tag-studie"},"share_on_mastodon":{"url":"https:\/\/pubeurope.com\/@de\/114816720890761853","error":""},"_links":{"self":[{"href":"https:\/\/www.europesays.com\/de\/wp-json\/wp\/v2\/posts\/251521","targetHints":{"allow":["GET"]}}],"collection":[{"href":"https:\/\/www.europesays.com\/de\/wp-json\/wp\/v2\/posts"}],"about":[{"href":"https:\/\/www.europesays.com\/de\/wp-json\/wp\/v2\/types\/post"}],"author":[{"embeddable":true,"href":"https:\/\/www.europesays.com\/de\/wp-json\/wp\/v2\/users\/2"}],"replies":[{"embeddable":true,"href":"https:\/\/www.europesays.com\/de\/wp-json\/wp\/v2\/comments?post=251521"}],"version-history":[{"count":0,"href":"https:\/\/www.europesays.com\/de\/wp-json\/wp\/v2\/posts\/251521\/revisions"}],"wp:featuredmedia":[{"embeddable":true,"href":"https:\/\/www.europesays.com\/de\/wp-json\/wp\/v2\/media\/251522"}],"wp:attachment":[{"href":"https:\/\/www.europesays.com\/de\/wp-json\/wp\/v2\/media?parent=251521"}],"wp:term":[{"taxonomy":"category","embeddable":true,"href":"https:\/\/www.europesays.com\/de\/wp-json\/wp\/v2\/categories?post=251521"},{"taxonomy":"post_tag","embeddable":true,"href":"https:\/\/www.europesays.com\/de\/wp-json\/wp\/v2\/tags?post=251521"}],"curies":[{"name":"wp","href":"https:\/\/api.w.org\/{rel}","templated":true}]}}