{"id":251525,"date":"2025-07-08T08:42:11","date_gmt":"2025-07-08T08:42:11","guid":{"rendered":"https:\/\/www.europesays.com\/de\/251525\/"},"modified":"2025-07-08T08:42:11","modified_gmt":"2025-07-08T08:42:11","slug":"colours-festival-sidi-larbi-cherkaoui-tanzt-in-nomad-gegen-sandstuerme-an","status":"publish","type":"post","link":"https:\/\/www.europesays.com\/de\/251525\/","title":{"rendered":"Colours-Festival: Sidi Larbi Cherkaoui tanzt in \u201eNomad\u201c gegen Sandst\u00fcrme an"},"content":{"rendered":"<p>Der Hitze entkommt beim Colours-Festival niemand. Just an den Tagen, als der Sommer in Stuttgart durchatmet, verdichtet sie sich auf der B\u00fchne in der gro\u00dfen Halle des Theaterhauses. Bespielt wird sie von Sidi Larbi Cherkaoui und seiner Kompanie Eastman; der belgische Choreograf setzt sich in seinem St\u00fcck \u201eNomad\u201c mit den Bedingungen eines Lebens in der W\u00fcste und mit seinen marokkanischen Wurzeln auseinander.<\/p>\n<p>Ein ausgedorrtes St\u00fcck Erde, bis zum Horizont von Rissen durchzogen, zeigt auf einer Projektionsfl\u00e4che im Hintergrund den unwirtlichen Ort, an dem zehn T\u00e4nzer davor das \u00dcberleben unter erschwerten Bedingungen f\u00fcr uns durchspielen. Sie k\u00e4mpfen gebeugt gegen einen Sandsturm an, sind beim Fallen auf andere angewiesen, stapfen und robben durch schweres Gel\u00e4nde, kleben in Duetten wie feuchter Lehm aneinander, um am Ende ganz in ihm aufzugehen.<\/p>\n<p>  <img decoding=\"async\" loading=\"lazy\" src=\"https:\/\/www.europesays.com\/de\/wp-content\/uploads\/2025\/07\/media.media.78d098e5-050a-430f-9fbf-935351bbda99.original1024.media.jpeg\"\/>     Projektionen geben \u201eNomad\u201c einen Ort.    Foto: Filip Van Roe    <\/p>\n<p>Klar, dass Tanz hier nicht verfeinert, sondern karg sein muss. Auch wenn die W\u00fcste harte Kerle fordert, nur zwei Frauen gibt es im \u201eNomad\u201c-Team, wirken Bewegungen verhuscht und unentschieden, als tr\u00fcbe ein steter Sandsturm die Sicht. Selbst Gruppenszenen fehlt die mitrei\u00dfende Energie, die Hitze scheint alle Leidenschaft zu l\u00e4hmen. Doch ohne sie bleibt der Tanz \u00fcberraschend fahrig und uninspiriert.<\/p>\n<p>Faszinierende Videobilder sorgen f\u00fcr Emotionen <\/p>\n<p>Cherkaoui, bekannt f\u00fcr das Zusammenspiel vieler Kunstformen und Stimmungen, setzt in \u201eNomad\u201c auf Live-Gesang und Oud-Spiel. Klagende, orientalische T\u00f6ne treiben den Tanz an. Doch es sind vor allem die faszinierenden Videobilder von Paul Van Caudenberg, die ihm einen Ort, Emotionen und eine Erz\u00e4hlung geben. <\/p>\n<p>Die Hoffnung, dass Klimawandel und menschengemachte Zerst\u00f6rung umkehrbar sind, schwingt mit, wenn fallender Regen oder die Explosion einer Atombombe pl\u00f6tzlich r\u00fcckw\u00e4rtslaufen. Doch statt einem gl\u00fccklichen hat \u201eNomad\u201c ein dystopisches Ende: wenn die Erde als unerreichbarer, blauer Planet \u00fcber der W\u00fcste entschwebt und eine weitere Explosion sie in glei\u00dfendes Licht taucht. So macht Cherkaoui in \u201eNomad\u201c die W\u00fcste zur Warnung. Ihr entkommt keiner, auch wenn drau\u00dfen Regen f\u00e4llt. <\/p>\n<p>Info <\/p>\n<p class=\"infobox\"> <strong>Termin<\/strong><br \/>Sidi Larbi Cherkaouis \u201eNomad\u201c ist nochmals am 8. Juli um 20.30 Uhr beim Colours-Tanzfestival zu sehen.<\/p>\n","protected":false},"excerpt":{"rendered":"Der Hitze entkommt beim Colours-Festival niemand. Just an den Tagen, als der Sommer in Stuttgart durchatmet, verdichtet sie&hellip;\n","protected":false},"author":2,"featured_media":251526,"comment_status":"","ping_status":"","sticky":false,"template":"","format":"standard","meta":{"footnotes":""},"categories":[1830],"tags":[1634,67432,3364,29,77205,30,80,77204,77203,1441,65241],"class_list":{"0":"post-251525","1":"post","2":"type-post","3":"status-publish","4":"format-standard","5":"has-post-thumbnail","7":"category-stuttgart","8":"tag-baden-wuerttemberg","9":"tag-colours","10":"tag-de","11":"tag-deutschland","12":"tag-eastman","13":"tag-germany","14":"tag-kultur","15":"tag-nomad","16":"tag-sidi-larbi-cherkaoui","17":"tag-stuttgart","18":"tag-tanzfestival"},"share_on_mastodon":{"url":"https:\/\/pubeurope.com\/@de\/114816728724500193","error":""},"_links":{"self":[{"href":"https:\/\/www.europesays.com\/de\/wp-json\/wp\/v2\/posts\/251525","targetHints":{"allow":["GET"]}}],"collection":[{"href":"https:\/\/www.europesays.com\/de\/wp-json\/wp\/v2\/posts"}],"about":[{"href":"https:\/\/www.europesays.com\/de\/wp-json\/wp\/v2\/types\/post"}],"author":[{"embeddable":true,"href":"https:\/\/www.europesays.com\/de\/wp-json\/wp\/v2\/users\/2"}],"replies":[{"embeddable":true,"href":"https:\/\/www.europesays.com\/de\/wp-json\/wp\/v2\/comments?post=251525"}],"version-history":[{"count":0,"href":"https:\/\/www.europesays.com\/de\/wp-json\/wp\/v2\/posts\/251525\/revisions"}],"wp:featuredmedia":[{"embeddable":true,"href":"https:\/\/www.europesays.com\/de\/wp-json\/wp\/v2\/media\/251526"}],"wp:attachment":[{"href":"https:\/\/www.europesays.com\/de\/wp-json\/wp\/v2\/media?parent=251525"}],"wp:term":[{"taxonomy":"category","embeddable":true,"href":"https:\/\/www.europesays.com\/de\/wp-json\/wp\/v2\/categories?post=251525"},{"taxonomy":"post_tag","embeddable":true,"href":"https:\/\/www.europesays.com\/de\/wp-json\/wp\/v2\/tags?post=251525"}],"curies":[{"name":"wp","href":"https:\/\/api.w.org\/{rel}","templated":true}]}}