{"id":251596,"date":"2025-07-08T09:22:09","date_gmt":"2025-07-08T09:22:09","guid":{"rendered":"https:\/\/www.europesays.com\/de\/251596\/"},"modified":"2025-07-08T09:22:09","modified_gmt":"2025-07-08T09:22:09","slug":"karlsruhe-mann-versucht-schwangere-verlobte-zu-vergiften-regional","status":"publish","type":"post","link":"https:\/\/www.europesays.com\/de\/251596\/","title":{"rendered":"Karlsruhe: Mann versucht, schwangere Verlobte zu vergiften | Regional"},"content":{"rendered":"<p><b>Er kochte Pilze in Sahneso\u00dfe \u2013 mit t\u00f6dlichen Absichten.<\/b><\/p>\n<p>Lebensmitteltechniker Pierluigi P. (42) mischte seiner schwangeren Verlobten (29) Rattengift ins Essen, um so das gemeinsame Baby umzubringen. Es ist der schockierende Tiefpunkt einer Beziehung, die schon zuvor kriselte. Auf der Dating-App Tinder hatte der Italiener den Kontakt zu anderen Frauen gesucht.<\/p>\n<p>Als Pierluigi P. dann noch kochte und sich die So\u00dfe in der Pfanne br\u00e4unlich verf\u00e4rbte, wurde seine Verlobte stutzig. Lesen Sie weiter mit BILDplus.<\/p>\n","protected":false},"excerpt":{"rendered":"Er kochte Pilze in Sahneso\u00dfe \u2013 mit t\u00f6dlichen Absichten. Lebensmitteltechniker Pierluigi P. (42) mischte seiner schwangeren Verlobten (29)&hellip;\n","protected":false},"author":2,"featured_media":251597,"comment_status":"","ping_status":"","sticky":false,"template":"","format":"standard","meta":{"footnotes":""},"categories":[1844],"tags":[77217,1290,1634,13377,3364,29,3688,30,40750,8903,682,18404,5272,77218,5758,1291,834,26977,45,25288],"class_list":{"0":"post-251596","1":"post","2":"type-post","3":"status-publish","4":"format-standard","5":"has-post-thumbnail","7":"category-karlsruhe","8":"tag-amtsgericht-karlsruhe","9":"tag-baby","10":"tag-baden-wuerttemberg","11":"tag-bewaehrung","12":"tag-de","13":"tag-deutschland","14":"tag-essen","15":"tag-germany","16":"tag-giftstoffe","17":"tag-karlsruhe","18":"tag-koerperverletzung","19":"tag-muehlebach-robin","20":"tag-partnerschaft","21":"tag-sahne","22":"tag-schuldspruch","23":"tag-schwanger","24":"tag-schwangerschaft","25":"tag-stegmueller-hagen","26":"tag-texttospeech","27":"tag-verlobt"},"share_on_mastodon":{"url":"https:\/\/pubeurope.com\/@de\/114816885955950266","error":""},"_links":{"self":[{"href":"https:\/\/www.europesays.com\/de\/wp-json\/wp\/v2\/posts\/251596","targetHints":{"allow":["GET"]}}],"collection":[{"href":"https:\/\/www.europesays.com\/de\/wp-json\/wp\/v2\/posts"}],"about":[{"href":"https:\/\/www.europesays.com\/de\/wp-json\/wp\/v2\/types\/post"}],"author":[{"embeddable":true,"href":"https:\/\/www.europesays.com\/de\/wp-json\/wp\/v2\/users\/2"}],"replies":[{"embeddable":true,"href":"https:\/\/www.europesays.com\/de\/wp-json\/wp\/v2\/comments?post=251596"}],"version-history":[{"count":0,"href":"https:\/\/www.europesays.com\/de\/wp-json\/wp\/v2\/posts\/251596\/revisions"}],"wp:featuredmedia":[{"embeddable":true,"href":"https:\/\/www.europesays.com\/de\/wp-json\/wp\/v2\/media\/251597"}],"wp:attachment":[{"href":"https:\/\/www.europesays.com\/de\/wp-json\/wp\/v2\/media?parent=251596"}],"wp:term":[{"taxonomy":"category","embeddable":true,"href":"https:\/\/www.europesays.com\/de\/wp-json\/wp\/v2\/categories?post=251596"},{"taxonomy":"post_tag","embeddable":true,"href":"https:\/\/www.europesays.com\/de\/wp-json\/wp\/v2\/tags?post=251596"}],"curies":[{"name":"wp","href":"https:\/\/api.w.org\/{rel}","templated":true}]}}