{"id":251614,"date":"2025-07-08T09:33:16","date_gmt":"2025-07-08T09:33:16","guid":{"rendered":"https:\/\/www.europesays.com\/de\/251614\/"},"modified":"2025-07-08T09:33:16","modified_gmt":"2025-07-08T09:33:16","slug":"neue-ukraine-quoten-fuer-mais-gerste-zucker-eu-bauern-sorgen-sich-vor-exporten","status":"publish","type":"post","link":"https:\/\/www.europesays.com\/de\/251614\/","title":{"rendered":"Neue Ukraine-Quoten f\u00fcr Mais, Gerste, Zucker: EU-Bauern sorgen sich vor Exporten"},"content":{"rendered":"<p>Agrarimporte aus der <a href=\"https:\/\/www.agrarheute.com\/tag\/ukraine\" title=\"Ukraine\" data-entity-type=\"glossify\" target=\"_blank\" rel=\"noopener nofollow\">Ukraine<\/a> ver\u00e4rgerten in den vergangenen Jahren immer wieder die Bauern in Deutschland und \u00d6sterreich. <strong>Auch \u00fcber das neue Handelsabkommen zwischen EU und der Ukraine von Ende Juni, das ab 1. Januar 2026 greift, h\u00e4lt der \u00c4rger an. <\/strong>Denn bei einigen Produkten, wie Zucker, Gerste oder Mais, sollen die zollfreien Importquoten deutlich steigen.<\/p>\n<p>Vor allem Ackerbauern sind \u00fcber Getreide- und Maisimporte in Sorge. Schlie\u00dflich ist D\u00fcnger relativ teuer im Vergleich zu deutlichen niedrigeren Getreidepreisen in der aktuellen Ernte. Zudem gibt es immer wieder Spekulationen, dass ukrainischer Mais nicht gentechnikfrei sei.<\/p>\n","protected":false},"excerpt":{"rendered":"Agrarimporte aus der Ukraine ver\u00e4rgerten in den vergangenen Jahren immer wieder die Bauern in Deutschland und \u00d6sterreich. Auch&hellip;\n","protected":false},"author":2,"featured_media":251615,"comment_status":"","ping_status":"","sticky":false,"template":"","format":"standard","meta":{"footnotes":""},"categories":[4012],"tags":[77223,331,332,9865,5192,13,14,15,12,317],"class_list":{"0":"post-251614","1":"post","2":"type-post","3":"status-publish","4":"format-standard","5":"has-post-thumbnail","7":"category-ukraine","8":"tag-agrarexporte","9":"tag-aktuelle-nachrichten","10":"tag-aktuelle-news","11":"tag-europaeische-kommission","12":"tag-freihandel","13":"tag-headlines","14":"tag-nachrichten","15":"tag-news","16":"tag-schlagzeilen","17":"tag-ukraine"},"share_on_mastodon":{"url":"https:\/\/pubeurope.com\/@de\/114816929280197638","error":""},"_links":{"self":[{"href":"https:\/\/www.europesays.com\/de\/wp-json\/wp\/v2\/posts\/251614","targetHints":{"allow":["GET"]}}],"collection":[{"href":"https:\/\/www.europesays.com\/de\/wp-json\/wp\/v2\/posts"}],"about":[{"href":"https:\/\/www.europesays.com\/de\/wp-json\/wp\/v2\/types\/post"}],"author":[{"embeddable":true,"href":"https:\/\/www.europesays.com\/de\/wp-json\/wp\/v2\/users\/2"}],"replies":[{"embeddable":true,"href":"https:\/\/www.europesays.com\/de\/wp-json\/wp\/v2\/comments?post=251614"}],"version-history":[{"count":0,"href":"https:\/\/www.europesays.com\/de\/wp-json\/wp\/v2\/posts\/251614\/revisions"}],"wp:featuredmedia":[{"embeddable":true,"href":"https:\/\/www.europesays.com\/de\/wp-json\/wp\/v2\/media\/251615"}],"wp:attachment":[{"href":"https:\/\/www.europesays.com\/de\/wp-json\/wp\/v2\/media?parent=251614"}],"wp:term":[{"taxonomy":"category","embeddable":true,"href":"https:\/\/www.europesays.com\/de\/wp-json\/wp\/v2\/categories?post=251614"},{"taxonomy":"post_tag","embeddable":true,"href":"https:\/\/www.europesays.com\/de\/wp-json\/wp\/v2\/tags?post=251614"}],"curies":[{"name":"wp","href":"https:\/\/api.w.org\/{rel}","templated":true}]}}