{"id":251842,"date":"2025-07-08T11:38:17","date_gmt":"2025-07-08T11:38:17","guid":{"rendered":"https:\/\/www.europesays.com\/de\/251842\/"},"modified":"2025-07-08T11:38:17","modified_gmt":"2025-07-08T11:38:17","slug":"beata-thunberg-distanziert-sich-von-greta-sind-sehr-unterschiedlich-unterhaltung","status":"publish","type":"post","link":"https:\/\/www.europesays.com\/de\/251842\/","title":{"rendered":"Beata Thunberg distanziert sich von Greta: \u201eSind sehr unterschiedlich\u201c | Unterhaltung"},"content":{"rendered":"<p>Stockholm \u2013 <b>Ihre Schwester Greta Thunberg z\u00e4hlt zu den bekanntesten, aber auch kontroversesten jungen Menschen der Welt. Auch Beata sucht die \u00d6ffentlichkeit \u2013 sie will als S\u00e4ngerin den Durchbruch schaffen.<\/b><\/p>\n<p><a href=\"https:\/\/www.bild.de\/unterhaltung\/stars-und-leute\/schweden-saengerin-name-geaendert-wetten-sie-kennen-die-schwester-6849207d72dfcf2f6778e748\" class=\"text-link\" target=\"_blank\" rel=\"noopener\">Beata, die unter dem K\u00fcnstlernamen Bea bekannt ist<\/a>, hat der schwedischen Zeitschrift <a href=\"https:\/\/www.hant.se\/noje\/sanna-nielsen-kan-inte-slappa-allsangen\/10907565?second_article=true\" target=\"_blank\" rel=\"nofollow noopener\" class=\"text-link--external text-link\">\u201eH\u00e4nt\u201c <\/a>ein Interview gegeben. \u00dcber den Grund, warum sie pl\u00f6tzlich so viel Aufmerksamkeit bekommt, macht sich die j\u00fcngere Thunberg keine Illusionen. Sie habe das Gef\u00fchl, dass man auf ihre Musik aufmerksam wird, weil sie eben die Schwester der umstrittenen Aktivistin ist. <\/p>\n<p>Trotzdem m\u00f6chte sie eigenst\u00e4ndig wahrgenommen werden. \u201eWir haben v\u00f6llig unterschiedliche Karrieren, am Ende wird alles anders aussehen\u201c, sagt sie im Gespr\u00e4ch. Auf die Frage, was sie als Menschen gemeinsam haben, sagt sie knapp: \u201eWir sind sehr unterschiedlich.\u201c<\/p>\n<p><img decoding=\"async\" width=\"992\" height=\"856\" alt=\"Schon in jungen Jahren stellte sich heraus, dass Beata sehr beweglich war, und ihre Eltern schickten sie sofort zum Tanzunterricht. Das Tanzen begleitet sie noch heute\" src=\"https:\/\/www.europesays.com\/de\/wp-content\/uploads\/2025\/07\/227e6de28b99645a9770f340061b4046,11d1f45e\"   class=\"dynamic\" loading=\"lazy\"\/><\/p>\n<p class=\"fig__caption__text\">Schon in jungen Jahren stellte sich heraus, dass Beata sehr beweglich war, und ihre Eltern schickten sie zum Tanzunterricht. Das Tanzen begleitet sie noch heute<\/p>\n<p>Foto: beatamonalisa\/Instagram<\/p>\n<p>Beata &amp; Greta \u2013 zwei sehr unterschiedliche Schwestern<\/p>\n<p>Mehr will die junge Schwedin nicht \u00fcber ihre Schwester sagen. Kein Wunder, denn Greta hat sich in den letzten Jahren zunehmend dem Klima ab- und dem politischen Aktivismus zugewandt. Und dabei viel Kritik ausgel\u00f6st. Zuletzt versuchte sie im Juni den <a href=\"https:\/\/www.bild.de\/politik\/ausland-und-internationales\/peinliche-pressekonferenz-journalisten-blamieren-greta-mit-israel-frage-68487f1e050c5e041f5eac1c\" class=\"text-link\" target=\"_blank\" rel=\"noopener\">Gazastreifen mit einem Segelschiff zu erreichen<\/a>, um angeblich Hilfsg\u00fcter ins Kriegsgebiet zu bringen. Kritiker werfen Thunberg vor, bei ihren Anschuldigungen gegen Israel das Hamas-Massaker vom 7.\u00a0Oktober 2023 mit 1200 Toten au\u00dfer Acht zu lassen, das den Krieg in Gaza ausgel\u00f6st hat.<\/p>\n<p>Lesen Sie auch<\/p>\n<p>Dabei hatte alles ganz harmlos begonnen. Als <a href=\"https:\/\/www.bild.de\/politik\/leute\/greta-thunberg\/thema-greta-thunberg-alle-infos-84770372.bild.html\" class=\"text-link\" target=\"_blank\" rel=\"noopener\">Greta Thunberg<\/a> im Sommer 2018 die \u201eFridays For Future\u201c-Bewegung startete, ging auch Beata f\u00fcrs Klima mit ihr in den Schulstreik. Damals noch als ganz gew\u00f6hnliches M\u00e4dchen von nebenan, mit nat\u00fcrlicher Haarfarbe und unauff\u00e4lligem Outfit.<\/p>\n<p><img decoding=\"async\" width=\"992\" height=\"772\" alt=\"Als junge Schwestern sahen sich Beata (heute 19, r.) und Greta (heute 22) noch sehr \u00e4hnlich. Mittlerweile pr\u00e4sentieren sie sich optisch v\u00f6llig unterschiedlich\" src=\"https:\/\/www.europesays.com\/de\/wp-content\/uploads\/2025\/07\/f3da88bb71982767a51a9965f7f88352,b8ee2ebe\"   class=\"dynamic\" loading=\"lazy\"\/><\/p>\n<p class=\"fig__caption__text\">Als junge Schwestern sahen sich Beata (heute 19, r.) und Greta (heute 22) noch sehr \u00e4hnlich. Mittlerweile pr\u00e4sentieren sie sich optisch v\u00f6llig unterschiedlich<\/p>\n<p>Foto: Greta Thunberg\/Instagram<\/p>\n<p>Vom Mauerbl\u00fcmchen zum schrillen Kurven-Star<\/p>\n<p>Doch in den letzten Jahren machte die j\u00fcngere Thunberg, die mittlerweile den Geburtsnamen ihrer Mutter Malena Ernman (54) angenommen hat, einen radikalen Wandel durch. Sie f\u00e4rbte sich die Haare blond, inszeniert auf Social Media gerne ihre Kurven. Mit ihrer schrillen Inszenierung begeistert sie mehr als <a href=\"https:\/\/www.instagram.com\/beatamonalisa\/?hl=de\" target=\"_blank\" rel=\"nofollow noopener\" class=\"text-link--external text-link\">13 000 Instagram-Follower<\/a>.<\/p>\n<p>Wo Beata politisch steht, ist unklar. <a href=\"https:\/\/www.bild.de\/unterhaltung\/stars-und-leute\/greta-thunberg-ihre-schwester-und-ihre-eltern-bild-erklaert-die-thunbergs-68497ab372dfcf2f6778ef0d\" class=\"text-link\" target=\"_blank\" rel=\"noopener\">Ihre Familie<\/a> ist allerdings f\u00fcr ihre israelfeindliche Haltung bekannt, und zumindest die \u00e4ltere Greta hat sie \u00fcbernommen. Mutter Malena, eine Operns\u00e4ngerin, hatte 2024 gegen die Teilnahme Israels am ESC gew\u00fctet, der in Schweden ausgetragen wurde. In der Folge wurde sie von der Website des schwedischen Komitee gegen Antisemitismus (SKMA) gestrichen, in dem sie Mitglied war.<\/p>\n<p><img decoding=\"async\" width=\"992\" height=\"1361\" alt=\"2011: Beata (damals 5) mit Papa Svante (damals 42), Mama Malena (damals 40) und Greta (damals 8)\" src=\"https:\/\/www.europesays.com\/de\/wp-content\/uploads\/2025\/07\/32ef2b973a82066e89b560d40934ce9c,d68dfad1\"   class=\"dynamic\" loading=\"lazy\"\/><\/p>\n<p class=\"fig__caption__text\">2011: Beata (damals 5) mit Papa Svante (damals 42), Mama Malena (damals 40) und Greta (damals 8)<\/p>\n<p>Foto: ddp\/STELLA PICTURES<\/p>\n<p>Von ihr hat Beata ihr Gesangstalent und die Leidenschaft f\u00fcr die B\u00fchne geerbt. Und sie gibt zu, wie wichtig ihr die \u00f6ffentliche Aufmerksamkeit ist. \u201eManche Leute halten das vielleicht f\u00fcr etwas oberfl\u00e4chlich, aber ich finde, K\u00fcnstler zu sein bedeutet, gesehen zu werden, auf der B\u00fchne zu stehen und Aufmerksamkeit zu erregen\u201c, sagt Beata.<\/p>\n<p><img decoding=\"async\" width=\"992\" height=\"1226\" alt=\"\u201eEs macht mir Spa\u00df. Aber viele Schweden finden das ein bisschen zu viel\u201c, sagt Beata gegen\u00fcber der Zeitschrift \u00fcber ihre schrillen Instagram-Posts\" src=\"https:\/\/www.europesays.com\/de\/wp-content\/uploads\/2025\/07\/1943a57bbb2758015d007b884cff48e6,2537f361\"   class=\"dynamic\" loading=\"lazy\"\/><\/p>\n<p class=\"fig__caption__text\">\u201eEs macht mir Spa\u00df. Aber viele Schweden finden das ein bisschen zu viel\u201c, sagt Beata gegen\u00fcber der Zeitschrift \u201eH\u00e4nt\u201c \u00fcber ihre schrillen Instagram-Posts<\/p>\n<p>Foto: beatamonalisa\/instagram <\/p>\n<p><script async src=\"\/\/www.instagram.com\/embed.js\"><\/script><\/p>\n","protected":false},"excerpt":{"rendered":"Stockholm \u2013 Ihre Schwester Greta Thunberg z\u00e4hlt zu den bekanntesten, aber auch kontroversesten jungen Menschen der Welt. Auch&hellip;\n","protected":false},"author":2,"featured_media":251843,"comment_status":"","ping_status":"","sticky":false,"template":"","format":"standard","meta":{"footnotes":""},"categories":[1776],"tags":[1801,29,214,30,152,411,1563,1548,810,1802,1911,1319,4409,45,77254,215],"class_list":{"0":"post-251842","1":"post","2":"type-post","3":"status-publish","4":"format-standard","5":"has-post-thumbnail","7":"category-prominente","8":"tag-celebrities","9":"tag-deutschland","10":"tag-entertainment","11":"tag-germany","12":"tag-instagram","13":"tag-israel","14":"tag-klima","15":"tag-klimaschutz","16":"tag-musik","17":"tag-prominente","18":"tag-saengerin","19":"tag-schweden","20":"tag-stockholm","21":"tag-texttospeech","22":"tag-thunberg-greta","23":"tag-unterhaltung"},"share_on_mastodon":{"url":"https:\/\/pubeurope.com\/@de\/114817420834237605","error":""},"_links":{"self":[{"href":"https:\/\/www.europesays.com\/de\/wp-json\/wp\/v2\/posts\/251842","targetHints":{"allow":["GET"]}}],"collection":[{"href":"https:\/\/www.europesays.com\/de\/wp-json\/wp\/v2\/posts"}],"about":[{"href":"https:\/\/www.europesays.com\/de\/wp-json\/wp\/v2\/types\/post"}],"author":[{"embeddable":true,"href":"https:\/\/www.europesays.com\/de\/wp-json\/wp\/v2\/users\/2"}],"replies":[{"embeddable":true,"href":"https:\/\/www.europesays.com\/de\/wp-json\/wp\/v2\/comments?post=251842"}],"version-history":[{"count":0,"href":"https:\/\/www.europesays.com\/de\/wp-json\/wp\/v2\/posts\/251842\/revisions"}],"wp:featuredmedia":[{"embeddable":true,"href":"https:\/\/www.europesays.com\/de\/wp-json\/wp\/v2\/media\/251843"}],"wp:attachment":[{"href":"https:\/\/www.europesays.com\/de\/wp-json\/wp\/v2\/media?parent=251842"}],"wp:term":[{"taxonomy":"category","embeddable":true,"href":"https:\/\/www.europesays.com\/de\/wp-json\/wp\/v2\/categories?post=251842"},{"taxonomy":"post_tag","embeddable":true,"href":"https:\/\/www.europesays.com\/de\/wp-json\/wp\/v2\/tags?post=251842"}],"curies":[{"name":"wp","href":"https:\/\/api.w.org\/{rel}","templated":true}]}}