{"id":251866,"date":"2025-07-08T11:52:10","date_gmt":"2025-07-08T11:52:10","guid":{"rendered":"https:\/\/www.europesays.com\/de\/251866\/"},"modified":"2025-07-08T11:52:10","modified_gmt":"2025-07-08T11:52:10","slug":"halbseitige-sperrung-an-der-vogelweide-bis-freitag","status":"publish","type":"post","link":"https:\/\/www.europesays.com\/de\/251866\/","title":{"rendered":"Halbseitige Sperrung an der Vogelweide bis Freitag"},"content":{"rendered":"<p><img decoding=\"async\" src=\"https:\/\/www.europesays.com\/de\/wp-content\/uploads\/2025\/07\/rohrbuch_havarie-678x381.jpg\" alt=\"Rohrbruch Havarie\" title=\"rohrbuch_havarie\"\/><br \/>\n\u00a9 H@llAnzeiger<\/p>\n<p>Halle. SWH\/HWS. Aufgrund eines Rohrschadens an einer Trinkwasserleitung an der Vogelweide finden bis voraussichtlich Freitag, 11. Juli 2025, Reparaturarbeiten im Auftrag der Halleschen Wasser und Stadtwirtschaft GmbH (HWS) statt.<\/p>\n<p>W\u00e4hrend der erforderlichen Arbeiten ist der Bereich zwischen Vogelherd und Elsa-Br\u00e4ndstr\u00f6m Stra\u00dfe f\u00fcr den Autoverkehr halbseitig gesperrt. Fu\u00dfg\u00e4nger k\u00f6nnen die Baustelle passieren.<\/p>\n<p>Der Rohrschaden an der Trinkwasserleitung ist auf Materialverschlei\u00df zur\u00fcckzuf\u00fchren. Die Fahrbahn und der Gehweg wurden durch den Wasseraustritt in Mitleidenschaft gezogen. F\u00fcr die Wiederherstellung der Verkehrsfl\u00e4chen ist daher eine Vollsperrung f\u00fcr den Autoverkehr notwendig.<\/p>\n","protected":false},"excerpt":{"rendered":"\u00a9 H@llAnzeiger Halle. SWH\/HWS. Aufgrund eines Rohrschadens an einer Trinkwasserleitung an der Vogelweide finden bis voraussichtlich Freitag, 11.&hellip;\n","protected":false},"author":2,"featured_media":251867,"comment_status":"","ping_status":"","sticky":false,"template":"","format":"standard","meta":{"footnotes":""},"categories":[1860],"tags":[3364,29,548,663,3934,30,4062,17332,13,14,15,17331,860,12],"class_list":{"0":"post-251866","1":"post","2":"type-post","3":"status-publish","4":"format-standard","5":"has-post-thumbnail","7":"category-halle-saale","8":"tag-de","9":"tag-deutschland","10":"tag-eu","11":"tag-europa","12":"tag-europe","13":"tag-germany","14":"tag-halle","15":"tag-halle-saale","16":"tag-headlines","17":"tag-nachrichten","18":"tag-news","19":"tag-saale","20":"tag-sachsen-anhalt","21":"tag-schlagzeilen"},"share_on_mastodon":{"url":"https:\/\/pubeurope.com\/@de\/114817475771052555","error":""},"_links":{"self":[{"href":"https:\/\/www.europesays.com\/de\/wp-json\/wp\/v2\/posts\/251866","targetHints":{"allow":["GET"]}}],"collection":[{"href":"https:\/\/www.europesays.com\/de\/wp-json\/wp\/v2\/posts"}],"about":[{"href":"https:\/\/www.europesays.com\/de\/wp-json\/wp\/v2\/types\/post"}],"author":[{"embeddable":true,"href":"https:\/\/www.europesays.com\/de\/wp-json\/wp\/v2\/users\/2"}],"replies":[{"embeddable":true,"href":"https:\/\/www.europesays.com\/de\/wp-json\/wp\/v2\/comments?post=251866"}],"version-history":[{"count":0,"href":"https:\/\/www.europesays.com\/de\/wp-json\/wp\/v2\/posts\/251866\/revisions"}],"wp:featuredmedia":[{"embeddable":true,"href":"https:\/\/www.europesays.com\/de\/wp-json\/wp\/v2\/media\/251867"}],"wp:attachment":[{"href":"https:\/\/www.europesays.com\/de\/wp-json\/wp\/v2\/media?parent=251866"}],"wp:term":[{"taxonomy":"category","embeddable":true,"href":"https:\/\/www.europesays.com\/de\/wp-json\/wp\/v2\/categories?post=251866"},{"taxonomy":"post_tag","embeddable":true,"href":"https:\/\/www.europesays.com\/de\/wp-json\/wp\/v2\/tags?post=251866"}],"curies":[{"name":"wp","href":"https:\/\/api.w.org\/{rel}","templated":true}]}}