{"id":251984,"date":"2025-07-08T12:52:10","date_gmt":"2025-07-08T12:52:10","guid":{"rendered":"https:\/\/www.europesays.com\/de\/251984\/"},"modified":"2025-07-08T12:52:10","modified_gmt":"2025-07-08T12:52:10","slug":"berlin-brandenburg-brandenburger-afd-fraktion-haelt-nichts-von-verhaltenskodex","status":"publish","type":"post","link":"https:\/\/www.europesays.com\/de\/251984\/","title":{"rendered":"Berlin &#038; Brandenburg: Brandenburger AfD-Fraktion h\u00e4lt nichts von Verhaltenskodex"},"content":{"rendered":"<p>                    Berlin &amp; Brandenburg<br \/>\n                Brandenburger AfD-Fraktion h\u00e4lt nichts von Verhaltenskodex<\/p>\n<p>\t\t\t\t              08.07.2025, 14:48 Uhr<\/p>\n<p><strong>Die AfD im Bund m\u00f6chte gem\u00e4\u00dfigter auftreten und einen anderen Ton anschlagen. Die Brandenburger AfD-Fraktion h\u00e4lt nichts von einer solchen Idee.<\/strong><\/p>\n<p>Potsdam (dpa\/bb) &#8211; Die AfD-Fraktion im Brandenburger Landtag h\u00e4lt Benimmregeln wie bei der Bundestagsfraktion f\u00fcr die eigenen Reihen f\u00fcr \u00fcberfl\u00fcssig. &#8222;Manchmal muss man auch heftig reagieren auf das, was die anderen sagen&#8220;, sagte Fraktionschef Hans-Christoph Berndt in Potsdam. Aber man bleibe im Rahmen dessen, was im Parlament gestattet sei. &#8222;Wir machen genauso weiter wie bisher&#8220;, f\u00fcgte der Parlamentarische Gesch\u00e4ftsf\u00fchrer Dennis Hohloch an.<\/p>\n<p>Die AfD-Fraktion im Bundestag hat sich bei einer Klausurtagung in Berlin einen Verhaltenskodex auferlegt. In dem Papier hei\u00dft es unter anderem: &#8222;Die Mitglieder sind um ein geschlossenes und gem\u00e4\u00dfigtes Auftreten im Parlament bestrebt, um die politische Handlungsf\u00e4higkeit und Glaubw\u00fcrdigkeit der Fraktion sicherzustellen.&#8220; Daneben gibt es &#8222;Regeln zur Pr\u00e4vention von Bestechlichkeit&#8220; und zum &#8222;Ausschluss von Interessenkonflikten&#8220;.<\/p>\n<p>Die SPD-Fraktion sprach mit Blick auf den Kodex von einer &#8222;Tarnung&#8220; der AfD. Man erwarte von der Partei nicht viel, sagte der Parlamentarische Gesch\u00e4ftsf\u00fchrer der SPD-Fraktion, Ludwig Scheetz. Die &#8222;Ver\u00e4chtlichmachung&#8220; des Parlaments und anderen Parteien zeige die AfD in einer extremen Art und Weise. Der Chef der BSW-Fraktion, Niels-Olaf L\u00fcders, wollte sich nicht anma\u00dfen, der AfD-Fraktion im Landtag einen solchen Verhaltenskodex zu empfehlen. Er k\u00f6nne das nicht einsch\u00e4tzen, sagte er.<\/p>\n<p>&#8222;Es spricht B\u00e4nde, dass die AfD es offenbar f\u00fcr notwendig h\u00e4lt, sich selbst einen Verhaltenskodex zu geben&#8220;, sagte CDU-Fraktionschef Jan Redmann. Die AfD-Fraktion halte sich aus seiner Sicht allzu oft nicht an die \u00fcblichen Gepflogenheiten eines Parlaments. Dazu z\u00e4hlten unfl\u00e4tige Zwischenrufe und an Beleidigungen grenzende Formulierungen. Ob die AfD &#8222;im Stillen das Parlament verlacht&#8220; oder ob sie es direkt offen ausspreche, mache f\u00fcr ihn keinen gro\u00dfen Unterschied.<\/p>\n","protected":false},"excerpt":{"rendered":"Berlin &amp; Brandenburg Brandenburger AfD-Fraktion h\u00e4lt nichts von Verhaltenskodex 08.07.2025, 14:48 Uhr Die AfD im Bund m\u00f6chte gem\u00e4\u00dfigter&hellip;\n","protected":false},"author":2,"featured_media":251985,"comment_status":"","ping_status":"","sticky":false,"template":"","format":"standard","meta":{"footnotes":""},"categories":[1816],"tags":[77271,1960,1958,1959,1957,296,1956,1890,12921,29,30,74795],"class_list":{"0":"post-251984","1":"post","2":"type-post","3":"status-publish","4":"format-standard","5":"has-post-thumbnail","7":"category-brandenburg","8":"tag-afd-fraktion","9":"tag-aktuelle-nachrichten-aus-berlin-und-brandenburg","10":"tag-aktuelle-nachrichten-aus-brandenburg","11":"tag-aktuelle-news-aus-berlin-und-brandenburg","12":"tag-aktuelle-news-aus-brandenburg","13":"tag-berlin","14":"tag-berlin-und-brandenburg","15":"tag-brandenburg","16":"tag-brandenburger","17":"tag-deutschland","18":"tag-germany","19":"tag-verhaltenskodex"},"share_on_mastodon":{"url":"https:\/\/pubeurope.com\/@de\/114817711733158825","error":""},"_links":{"self":[{"href":"https:\/\/www.europesays.com\/de\/wp-json\/wp\/v2\/posts\/251984","targetHints":{"allow":["GET"]}}],"collection":[{"href":"https:\/\/www.europesays.com\/de\/wp-json\/wp\/v2\/posts"}],"about":[{"href":"https:\/\/www.europesays.com\/de\/wp-json\/wp\/v2\/types\/post"}],"author":[{"embeddable":true,"href":"https:\/\/www.europesays.com\/de\/wp-json\/wp\/v2\/users\/2"}],"replies":[{"embeddable":true,"href":"https:\/\/www.europesays.com\/de\/wp-json\/wp\/v2\/comments?post=251984"}],"version-history":[{"count":0,"href":"https:\/\/www.europesays.com\/de\/wp-json\/wp\/v2\/posts\/251984\/revisions"}],"wp:featuredmedia":[{"embeddable":true,"href":"https:\/\/www.europesays.com\/de\/wp-json\/wp\/v2\/media\/251985"}],"wp:attachment":[{"href":"https:\/\/www.europesays.com\/de\/wp-json\/wp\/v2\/media?parent=251984"}],"wp:term":[{"taxonomy":"category","embeddable":true,"href":"https:\/\/www.europesays.com\/de\/wp-json\/wp\/v2\/categories?post=251984"},{"taxonomy":"post_tag","embeddable":true,"href":"https:\/\/www.europesays.com\/de\/wp-json\/wp\/v2\/tags?post=251984"}],"curies":[{"name":"wp","href":"https:\/\/api.w.org\/{rel}","templated":true}]}}