{"id":252388,"date":"2025-07-08T16:23:12","date_gmt":"2025-07-08T16:23:12","guid":{"rendered":"https:\/\/www.europesays.com\/de\/252388\/"},"modified":"2025-07-08T16:23:12","modified_gmt":"2025-07-08T16:23:12","slug":"frauen-em-deutschland-gegen-daenemark-im-liveticker","status":"publish","type":"post","link":"https:\/\/www.europesays.com\/de\/252388\/","title":{"rendered":"Frauen-EM: Deutschland gegen D\u00e4nemark im Liveticker"},"content":{"rendered":"<p>Nach dem Auftaktsieg gegen Polen k\u00f6nnen die deutschen Fu\u00dfballerinnen gegen D\u00e4nemark einen gro\u00dfen Schritt in Richtung EM-Viertelfinale machen. Das Team muss allerdings auf die verletzte Kapit\u00e4nin Giulia Gwinn verzichten \u2013 Deutschland gegen D\u00e4nemark im Liveticker.<\/p>\n<p>Die deutschen Fu\u00dfballerinnen d\u00fcrfen in ihrem zweiten Vorrundenspiel bei der Europameisterschaft gegen D\u00e4nemark mit gro\u00dfer Fan-Unterst\u00fctzung rechnen. F\u00fcr die Partie am Dienstag im grenznahen St. Jakob-Park von Basel sind 15.787 Tickets nach Deutschland verkauft worden, wie der Deutsche Fu\u00dfball-Bund (DFB) unter Berufung auf den Kontinentalverband Uefa mitteilte. <\/p>\n<p>Das entspricht der H\u00e4lfte der Stadionkapazit\u00e4t von 34.250 Zuschauern. Basel stellt das gr\u00f6\u00dfte Stadion der Europameisterschaft. Die Organisatoren rechnen mit einem ausverkauften Stadion.<\/p>\n<p>Die deutschen Frauen hatten zum Turnierauftakt Polen mit 2:0 geschlagen. Weiterer Gruppengegner ist Schweden am Samstag (21.00 Uhr\/ZDF und DAZN) in Z\u00fcrich. <\/p>\n<p>N\u00fcsken freut sich auf \u201esch\u00f6ne Atmosph\u00e4re\u201c<\/p>\n<p>\u201eEin Ziel, was wir immer genannt haben, war, dass wir die Nation hinter uns bekommen wollen. Dass wir die Nation mit unserer Art, Fu\u00dfball zu spielen, begeistern wollen, dass wir M\u00e4dchen f\u00fcr den Sport begeistern wollen\u201c, sagte Bundestrainer Christian W\u00fcck bei der Abschlusspressekonferenz. <\/p>\n<p>Der 52-J\u00e4hrige verwies auch auf die TV-Einschaltquote vom Auftaktsieg gegen Polen. Durchschnittlich 8,221 Millionen Menschen sahen das Spiel der DFB-Auswahl in der ARD. \u201eDas war ein sch\u00f6ner Anfang mit den acht Millionen, die sich das am TV angeschaut haben, und die 5.500, die in St. Gallen waren. So kann&#8217;s weiter gehen\u201c, sagte W\u00fcck.<\/p>\n<p>Mittelfeldspielerin Sjoeke N\u00fcsken vom FC Chelsea meinte: \u201eMit 16.000 deutschen Fans im Stadion k\u00f6nnen wir uns auf eine sch\u00f6ne Atmosph\u00e4re freuen. Vor so einer Kulisse macht&#8217;s nat\u00fcrlich immer am meisten Spa\u00df, Fu\u00dfball zu spielen.\u201c<\/p>\n<p>Nach dem Ausfall von Kapit\u00e4nin Giulia Gwinn r\u00fcckt N\u00fcsken immer mehr in eine F\u00fchrungsrolle bei den deutschen Fu\u00dfballerinnen. Dass die 24 Jahre alte Mittelfeldspielerin vom FC Chelsea wurde von W\u00fcck zur stellvertretenden Spielf\u00fchrerin ernannt.<\/p>\n<p>step<\/p>\n","protected":false},"excerpt":{"rendered":"Nach dem Auftaktsieg gegen Polen k\u00f6nnen die deutschen Fu\u00dfballerinnen gegen D\u00e4nemark einen gro\u00dfen Schritt in Richtung EM-Viertelfinale machen.&hellip;\n","protected":false},"author":2,"featured_media":252389,"comment_status":"","ping_status":"","sticky":false,"template":"","format":"standard","meta":{"footnotes":""},"categories":[2],"tags":[77356,331,3924,332,3922,3364,29,77357,481,77358,3173,30,13,14,3923,15,3921,12],"class_list":{"0":"post-252388","1":"post","2":"type-post","3":"status-publish","4":"format-standard","5":"has-post-thumbnail","7":"category-deutschland","8":"tag-ad-frauenem25-ergo","9":"tag-aktuelle-nachrichten","10":"tag-aktuelle-nachrichten-aus-deutschland","11":"tag-aktuelle-news","12":"tag-aktuelle-news-aus-deutschland","13":"tag-de","14":"tag-deutschland","15":"tag-deutschland-frauen-fussballnationalmannschaft","16":"tag-dfb","17":"tag-dfb-deutscher-fussball-bund-ks","18":"tag-frauenfussball","19":"tag-germany","20":"tag-headlines","21":"tag-nachrichten","22":"tag-nachrichten-aus-deutschland","23":"tag-news","24":"tag-news-aus-deutschland","25":"tag-schlagzeilen"},"share_on_mastodon":{"url":"https:\/\/pubeurope.com\/@de\/114818541385660338","error":""},"_links":{"self":[{"href":"https:\/\/www.europesays.com\/de\/wp-json\/wp\/v2\/posts\/252388","targetHints":{"allow":["GET"]}}],"collection":[{"href":"https:\/\/www.europesays.com\/de\/wp-json\/wp\/v2\/posts"}],"about":[{"href":"https:\/\/www.europesays.com\/de\/wp-json\/wp\/v2\/types\/post"}],"author":[{"embeddable":true,"href":"https:\/\/www.europesays.com\/de\/wp-json\/wp\/v2\/users\/2"}],"replies":[{"embeddable":true,"href":"https:\/\/www.europesays.com\/de\/wp-json\/wp\/v2\/comments?post=252388"}],"version-history":[{"count":0,"href":"https:\/\/www.europesays.com\/de\/wp-json\/wp\/v2\/posts\/252388\/revisions"}],"wp:featuredmedia":[{"embeddable":true,"href":"https:\/\/www.europesays.com\/de\/wp-json\/wp\/v2\/media\/252389"}],"wp:attachment":[{"href":"https:\/\/www.europesays.com\/de\/wp-json\/wp\/v2\/media?parent=252388"}],"wp:term":[{"taxonomy":"category","embeddable":true,"href":"https:\/\/www.europesays.com\/de\/wp-json\/wp\/v2\/categories?post=252388"},{"taxonomy":"post_tag","embeddable":true,"href":"https:\/\/www.europesays.com\/de\/wp-json\/wp\/v2\/tags?post=252388"}],"curies":[{"name":"wp","href":"https:\/\/api.w.org\/{rel}","templated":true}]}}