{"id":252421,"date":"2025-07-08T16:40:22","date_gmt":"2025-07-08T16:40:22","guid":{"rendered":"https:\/\/www.europesays.com\/de\/252421\/"},"modified":"2025-07-08T16:40:22","modified_gmt":"2025-07-08T16:40:22","slug":"razzien-neue-anklage-im-budapest-komplex-und-vorsichtige-entspannung-in-gohrischheide-%c2%b7-leipziger-zeitung","status":"publish","type":"post","link":"https:\/\/www.europesays.com\/de\/252421\/","title":{"rendered":"Razzien, neue Anklage im Budapest-Komplex und vorsichtige Entspannung in Gohrischheide \u00b7 Leipziger Zeitung"},"content":{"rendered":"<p>Im Osten von Leipzig, darunter der Eisenbahnstra\u00dfe, gab es heute Razzien von Polizei und Ordnungsamt. Die Bundesanwaltschaft hat sechs weitere Personen wegen mutma\u00dflicher Angriffe auf Neonazis in Ungarn angeklagt. Und: Das Brandgeschehen in der Gohrischheide hat sich offenbar zumindest etwas entspannt. Die LZ fasst zusammen, was am Dienstag, dem 8. Juli 2025, in Leipzig, Sachsen und dar\u00fcber hinaus wichtig war.<\/p>\n<p>Razzia: Beh\u00f6rden durchsuchen Sp\u00e4ti und Bar im Leipziger Osten<\/p>\n<p>Unangemeldeten Beh\u00f6rdenbesuch erhielten am Dienstag ein Sp\u00e4tverkauf und eine Bar im Leipziger Osten. Die Durchsuchung der zwei Objekte im Bereich Torgauer Platz sowie Eisenbahnstra\u00dfe begann am Vormittag, auch nachmittags waren noch immer vermummte Polizisten vor Ort.<img decoding=\"async\" src=\"https:\/\/www.europesays.com\/de\/wp-content\/uploads\/2025\/07\/d3b91c92384b4eb38b6b340b515c50c9.gif\" alt=\"\" width=\"https:\/\/www.l-iz.de\/der-tag\/2025\/07\/1\" height=\"https:\/\/www.l-iz.de\/der-tag\/2025\/07\/1\"\/><\/p>\n<p><a href=\"https:\/\/www.europesays.com\/de\/wp-content\/uploads\/2025\/07\/Razzia-II.jpg\"><img loading=\"lazy\" decoding=\"async\" class=\"wp-image-629010 size-full\" src=\"https:\/\/www.europesays.com\/de\/wp-content\/uploads\/2025\/07\/Razzia-II.jpg\" alt=\"Polizeiwagen. Foto: B\u00f6hme\" width=\"2000\" height=\"1334\"  \/><\/a>Razzia im Leipziger Osten am 8. Juli 2025. Foto: Lucas B\u00f6hme<\/p>\n<p>Eine Sprecherin der Polizeidirektion best\u00e4tigte den Einsatz auf LZ-Anfrage, wollte aber zun\u00e4chst keine weiteren Details zum Hintergrund der Ma\u00dfnahmen nennen. Nur so viel: Es habe sich um Gewerbekontrollen gehandelt und ein Verdacht auf verschiedene Straftaten vorgelegen. Auch Sp\u00fcrhunde kamen unserer Beobachtung nach zum Einsatz, bei dem Mitarbeiter von Kripo und st\u00e4dtischem Ordnungsamt involviert waren.<\/p>\n<p>Die Ermittlungen dauern an. Ob es m\u00f6glicherweise, wie bei \u00e4hnlich gelagerten F\u00e4llen in der Vergangenheit, um Vorw\u00fcrfe von Drogenkriminalit\u00e4t geht, bleibt vorerst offen.<\/p>\n<p>Angriffe auf mutma\u00dfliche Neonazis in Ungarn: Bundesanwaltschaft erhebt neue Anklagen<\/p>\n<p>Die Bundesanwaltschaft hat, <a href=\"https:\/\/www.generalbundesanwalt.de\/SharedDocs\/Pressemitteilungen\/DE\/2025\/Pressemitteilung-vom-08-07-2025.html\" target=\"_blank\" rel=\"noopener\">wie heute bekanntgegeben wurde<\/a>, Anklage gegen vier Frauen und zwei M\u00e4nner wegen versuchten Mordes erhoben. Die Angeschuldigten werden dem weiteren Umfeld <a href=\"https:\/\/www.l-iz.de\/tag\/Lina-E\" target=\"_blank\" rel=\"noopener\">der rechtskr\u00e4ftig verurteilten Lina E.<\/a> zugerechnet. Nach \u00dcberzeugung der Anklagebeh\u00f6rde h\u00e4tte sich die Gruppierung im Februar 2023 an Angriffen auf mutma\u00dfliche Neonazis in Budapest beteiligt.<\/p>\n<p>Au\u00dferdem schreiben die Ermittler einer der Verd\u00e4chtigen zwei weitere Gewalttaten zu, die im April 2022 und Januar 2023 in Erfurt stattfanden. Die \u00dcberf\u00e4lle sollen \u00e4u\u00dferst brutal vonstattengegangen sein. Schon im Juni hatte es eine Anklage gegen sieben weitere Personen gegeben, die auch teilweise den \u201eBudapest-Komplex\u201c betrifft.<\/p>\n<p>\u00dcber die Zulassung der Anklagen und die Prozesse wird nun demn\u00e4chst entschieden. <a href=\"https:\/\/www.l-iz.de\/leben\/faelle-unfaelle\/2025\/07\/versucht-mord-budapest-komplex-angeklagt-628985\" target=\"_blank\" rel=\"noopener\">Mehr Informationen hat Redaktions-Kollege Ren\u00e9 Loch zusammengefasst<\/a>.<\/p>\n<p>Waldbrand Gohrischheide: Lage etwas entspannt<\/p>\n<p>Eine generelle Entwarnung gibt es aufgrund fortw\u00e4hrender Glutnester noch nicht \u2013 doch eine Woche nach Beginn von Waldbr\u00e4nden in der s\u00e4chsischen Gohrischheide (Landkreis Mei\u00dfen) hat die etwas k\u00fchlere Witterung mit Regen die Situation zumindest entspannt. Laut einem <a href=\"https:\/\/www.stern.de\/news\/regen-und-abkuehlung--brand-in-gohrischheide-in-sachsen-hat-sich-beruhigt-35876868.html\" target=\"_blank\" rel=\"noopener\">Bericht des \u201eStern\u201c<\/a> waren am Dienstag nochmals 300 Kr\u00e4fte von Feuerwehr, Bundeswehr, THW und Polizei im Einsatz, um abzul\u00f6schen. Zugleich begannen Aufr\u00e4umarbeiten.<\/p>\n<p><a href=\"https:\/\/www.europesays.com\/de\/wp-content\/uploads\/2025\/07\/Waldbrand_in_der_Gohrischheide_bei_Riesa_LZ_05_07_2025_0008_DSC1870.jpg\"><img loading=\"lazy\" decoding=\"async\" class=\"wp-image-628844 size-full\" src=\"https:\/\/www.europesays.com\/de\/wp-content\/uploads\/2025\/07\/Waldbrand_in_der_Gohrischheide_bei_Riesa_LZ_05_07_2025_0008_DSC1870.jpg\" alt=\"\" width=\"4500\" height=\"3000\"  \/><\/a>Einsatzkr\u00e4fte bek\u00e4mpfen den Waldbrand in der Gohrischheide im Landkreis Mei\u00dfen. Foto: Tom Richter<\/p>\n<p>Auch durften Menschen in ihre H\u00e4user zur\u00fcckkehren, Evakuierungen wurden aufgehoben, so der <a href=\"https:\/\/www.mdr.de\/nachrichten\/sachsen\/dresden\/grossenhain-riesa\/gohrischheide-brand-waldbrand-aktuell-ticker-104.html\" target=\"_blank\" rel=\"noopener\">Liveticker des MDR<\/a>. Der Brand in dem munitionsbelasteten Gebiet fr\u00fcherer Truppen\u00fcbungspl\u00e4tze hatte vergangenen Dienstag begonnen. Er betraf nach Beh\u00f6rdenangaben mehr als 2.000 Hektar.<\/p>\n<p><strong>Wor\u00fcber die LZ heute berichtet hat:<\/strong><\/p>\n<p><a class=\"post-link\" href=\"https:\/\/www.l-iz.de\/leben\/faelle-unfaelle\/2025\/07\/versucht-mord-budapest-komplex-angeklagt-628985\" target=\"_blank\" rel=\"noopener\">Sechs weitere Personen wegen versuchten Mordes im \u201eBudapest-Komplex\u201c angeklagt<\/a><\/p>\n<p><a class=\"post-link\" href=\"https:\/\/www.l-iz.de\/politik\/kassensturz\/2025\/07\/der-stadtrat-tagte-volker-kulow-sprengstoff-sozialreport-2024-stadt-leipzig-628922\" target=\"_blank\" rel=\"noopener\">Der Stadtrat tagte: F\u00fcr Volker K\u00fclow steckt Sprengstoff im \u201eSozialreport 2024\u201c der Stadt Leipzig<\/a><\/p>\n<p><a class=\"post-link\" href=\"https:\/\/www.l-iz.de\/politik\/brennpunkt\/2025\/07\/ab-21-juli-neuer-verkehrsberuhigter-bereich-wilhelm-wander-schule-abgepollert-628883\" target=\"_blank\" rel=\"noopener\">Ab 21. Juli: Neuer verkehrsberuhigter Bereich vor der Wilhelm-Wander-Schule wird abgepollert<\/a><\/p>\n<p><a class=\"post-link\" href=\"https:\/\/www.l-iz.de\/wirtschaft\/metropolregion\/2025\/07\/6-mitteldeutschland-monitor-skeptischer-blick-energiewende-strukturwandel-region-628869\" target=\"_blank\" rel=\"noopener\">6. Mitteldeutschland-Monitor: Ein skeptischer Blick auf Energiewende und Strukturwandel in der Region<\/a><\/p>\n<p><a class=\"post-link\" href=\"https:\/\/www.l-iz.de\/politik\/engagement\/2025\/07\/speisekammer-in-schleussig-freundr-abschied-schulden-628863\" target=\"_blank\" rel=\"noopener\">\u201eSpeisekammer\u201c in Schleu\u00dfig: Freunde sammeln f\u00fcr einen Abschied ohne Schulden<\/a><\/p>\n<p><a class=\"post-link\" href=\"https:\/\/www.l-iz.de\/bildung\/medien\/2025\/07\/leipziger-blatter-86-hochglanzmagazin-lebendige-seele-stadt-628896\" target=\"_blank\" rel=\"noopener\">Leipziger Bl\u00e4tter 86: Wenn ein Hochglanzmagazin immer wieder von der lebendigen Seele der Stadt erz\u00e4hlt<\/a><\/p>\n<p><strong>Was sonst noch wichtig war:<\/strong><\/p>\n<p>Ein Mann (37) <a href=\"https:\/\/www.lvz.de\/lokales\/leipzig\/leipzig-altlindenau-person-stuerzt-in-elsterbecken-Y2LEUJIQUZA5JATYPRHQF6SB5U.html\" target=\"_blank\" rel=\"noopener\">st\u00fcrzte heute offenbar ins Leipziger Elsterbecken<\/a>, er konnte zum Gl\u00fcck gerettet werden und kam in eine Klinik.<\/p>\n<p>Am heutigen Abend wird ein gro\u00dfer Ansturm mit Verkehrseinschr\u00e4nkungen zum<a href=\"https:\/\/www.mdr.de\/nachrichten\/sachsen\/leipzig\/leipzig-leipzig-land\/robbie-williams-einlass-konzert-faq-100.html\" target=\"_blank\" rel=\"noopener\"> Konzert von Robbie Williams in Leipzig<\/a> erwartet. Es ist das einzige, das der britische Popstar in Mitteldeutschland gibt.<\/p>\n<p>Im Deutschen Bundestag <a href=\"https:\/\/www.tagesschau.de\/inland\/innenpolitik\/haushalt-union-spd-100.html\" target=\"_blank\" rel=\"noopener\">begann die Haushaltswoche<\/a>.<\/p>\n<p>Union und SPD <a href=\"https:\/\/www.deutschlandfunk.de\/koalition-entscheidung-fuer-drei-verfassungsrichter-gefallen-100.html\" target=\"_blank\" rel=\"noopener\">einigten sich auf drei Kandidaten<\/a> f\u00fcr die Richterbesetzung am Bundesverfassungsgericht.<\/p>\n<p>Waldbr\u00e4nde <a href=\"https:\/\/www.tagesschau.de\/ausland\/europa\/waldbrand-frankreich-spanien-100.html\" target=\"_blank\" rel=\"noopener\">w\u00fcten in Frankreich und Spanien<\/a>.<\/p>\n<p><strong>Kalenderblatt: Heute vor 60 Jahren \u2026<\/strong><\/p>\n<p>Er t\u00fcrmt mithilfe einer Strickleiter \u00fcber die Knastmauern: Am<strong> 8. Juli 1965<\/strong> <a href=\"https:\/\/www.gmx.ch\/magazine\/panorama\/unglaubliche-leben-ronald-biggs-18444110\" target=\"_blank\" rel=\"noopener\">gelingt dem Schwerverbrecher Ronald Arthur Biggs<\/a>, genannt Ronnie, die geradezu klischeehafte Flucht aus dem Gef\u00e4ngnis, wo er 30 Jahre Haft absitzen sollte.<\/p>\n<p>Der britische Zimmermann, der schon fr\u00fch mit dem Gesetz in Konflikt kam, war 1963 am brutalen \u00dcberfall auf den Postzug von Glasgow nach London beteiligt. Das Verbrechen ging als \u201eGreat Train Robbery\u201c in die Kriminalgeschichte ein. Biggs Anteil an der Beute: 150.000 Pfund, heute umgerechnet fast vier Millionen Euro.<\/p>\n<p>Biggs entkommt \u00fcber mehrere Stationen nach Brasilien, wo er ein zumindest scheinbar glamour\u00f6ses Leben f\u00fchrt. Seine Auslieferung scheitert an den Beh\u00f6rden des Landes, zumal Biggs\u2019 dortige Lebensgef\u00e4hrtin von ihm schwanger ist. Der Kriminelle vermarktet sich und seinen Gangster-Charme selbst, sogar die \u201eSex Pistols\u201c und \u201eDie Toten Hosen\u201c besuchen ihn, nehmen mit ihm Songs auf. Auch die Filmindustrie wird auf Biggs aufmerksam.<\/p>\n<p>Erst im Mai 2001 kehrt der gealterte R\u00e4uber aus freien St\u00fccken in seine Heimat zur\u00fcck, wird sofort verhaftet und sitzt bis August 2009 hinter Gittern, ehe die britische Justiz den schwer Erkrankten begnadigt. Er stirbt Ende 2013 mit 84 Jahren.<\/p>\n","protected":false},"excerpt":{"rendered":"Im Osten von Leipzig, darunter der Eisenbahnstra\u00dfe, gab es heute Razzien von Polizei und Ordnungsamt. Die Bundesanwaltschaft hat&hellip;\n","protected":false},"author":2,"featured_media":252422,"comment_status":"","ping_status":"","sticky":false,"template":"","format":"standard","meta":{"footnotes":""},"categories":[1832],"tags":[60163,3364,2409,29,14070,30,71,61197,1442,859,5666],"class_list":{"0":"post-252421","1":"post","2":"type-post","3":"status-publish","4":"format-standard","5":"has-post-thumbnail","7":"category-leipzig","8":"tag-budapest-komplex","9":"tag-de","10":"tag-der-tag","11":"tag-deutschland","12":"tag-eisenbahnstrasse","13":"tag-germany","14":"tag-leipzig","15":"tag-lina-e","16":"tag-razzia","17":"tag-sachsen","18":"tag-waldbrand"},"share_on_mastodon":{"url":"https:\/\/pubeurope.com\/@de\/114818608508006307","error":""},"_links":{"self":[{"href":"https:\/\/www.europesays.com\/de\/wp-json\/wp\/v2\/posts\/252421","targetHints":{"allow":["GET"]}}],"collection":[{"href":"https:\/\/www.europesays.com\/de\/wp-json\/wp\/v2\/posts"}],"about":[{"href":"https:\/\/www.europesays.com\/de\/wp-json\/wp\/v2\/types\/post"}],"author":[{"embeddable":true,"href":"https:\/\/www.europesays.com\/de\/wp-json\/wp\/v2\/users\/2"}],"replies":[{"embeddable":true,"href":"https:\/\/www.europesays.com\/de\/wp-json\/wp\/v2\/comments?post=252421"}],"version-history":[{"count":0,"href":"https:\/\/www.europesays.com\/de\/wp-json\/wp\/v2\/posts\/252421\/revisions"}],"wp:featuredmedia":[{"embeddable":true,"href":"https:\/\/www.europesays.com\/de\/wp-json\/wp\/v2\/media\/252422"}],"wp:attachment":[{"href":"https:\/\/www.europesays.com\/de\/wp-json\/wp\/v2\/media?parent=252421"}],"wp:term":[{"taxonomy":"category","embeddable":true,"href":"https:\/\/www.europesays.com\/de\/wp-json\/wp\/v2\/categories?post=252421"},{"taxonomy":"post_tag","embeddable":true,"href":"https:\/\/www.europesays.com\/de\/wp-json\/wp\/v2\/tags?post=252421"}],"curies":[{"name":"wp","href":"https:\/\/api.w.org\/{rel}","templated":true}]}}