{"id":252427,"date":"2025-07-08T16:44:11","date_gmt":"2025-07-08T16:44:11","guid":{"rendered":"https:\/\/www.europesays.com\/de\/252427\/"},"modified":"2025-07-08T16:44:11","modified_gmt":"2025-07-08T16:44:11","slug":"nach-insolvenz-immobilie-der-metzgerei-kuebler-in-waiblingen-steht-zum-verkauf-nachrichten-aus-waiblingen","status":"publish","type":"post","link":"https:\/\/www.europesays.com\/de\/252427\/","title":{"rendered":"Nach Insolvenz: Immobilie der Metzgerei K\u00fcbler in Waiblingen steht zum Verkauf &#8211; Nachrichten aus Waiblingen"},"content":{"rendered":"<p><strong>Waiblingen.<\/strong> \u00dcber Jahrzehnte stand die Metzgerei K\u00fcbler in Waiblingen f\u00fcr gute Qualit\u00e4t und solides Handwerk zu g\u00fcnstigen Preisen. Mit der Insolvenz nahm die 135-j\u00e4hrige Firmengeschichte im April dieses Jahres ein trauriges Ende. Nun stehen das Firmengeb\u00e4ude und das Inventar zum Verkauf. Im Interesse der Gl\u00e4ubiger w\u00e4re ein ordentlicher Preis. Interessenten gibt es durchaus. Nach Angaben des zust\u00e4ndigen Maklers beim Immobilienb\u00fcro Colliers fanden bereits erste Besichtigungen<\/p>\n","protected":false},"excerpt":{"rendered":"Waiblingen. \u00dcber Jahrzehnte stand die Metzgerei K\u00fcbler in Waiblingen f\u00fcr gute Qualit\u00e4t und solides Handwerk zu g\u00fcnstigen Preisen.&hellip;\n","protected":false},"author":2,"featured_media":252428,"comment_status":"","ping_status":"","sticky":false,"template":"","format":"standard","meta":{"footnotes":""},"categories":[1830],"tags":[77374,1634,3364,29,30,1551,13059,1441,27085,9887],"class_list":{"0":"post-252427","1":"post","2":"type-post","3":"status-publish","4":"format-standard","5":"has-post-thumbnail","7":"category-stuttgart","8":"tag-ameisenbuehl","9":"tag-baden-wuerttemberg","10":"tag-de","11":"tag-deutschland","12":"tag-germany","13":"tag-insolvenz","14":"tag-metzgerei-kuebler","15":"tag-stuttgart","16":"tag-tibor-braun","17":"tag-waiblingen"},"share_on_mastodon":{"url":"https:\/\/pubeurope.com\/@de\/114818624055792389","error":""},"_links":{"self":[{"href":"https:\/\/www.europesays.com\/de\/wp-json\/wp\/v2\/posts\/252427","targetHints":{"allow":["GET"]}}],"collection":[{"href":"https:\/\/www.europesays.com\/de\/wp-json\/wp\/v2\/posts"}],"about":[{"href":"https:\/\/www.europesays.com\/de\/wp-json\/wp\/v2\/types\/post"}],"author":[{"embeddable":true,"href":"https:\/\/www.europesays.com\/de\/wp-json\/wp\/v2\/users\/2"}],"replies":[{"embeddable":true,"href":"https:\/\/www.europesays.com\/de\/wp-json\/wp\/v2\/comments?post=252427"}],"version-history":[{"count":0,"href":"https:\/\/www.europesays.com\/de\/wp-json\/wp\/v2\/posts\/252427\/revisions"}],"wp:featuredmedia":[{"embeddable":true,"href":"https:\/\/www.europesays.com\/de\/wp-json\/wp\/v2\/media\/252428"}],"wp:attachment":[{"href":"https:\/\/www.europesays.com\/de\/wp-json\/wp\/v2\/media?parent=252427"}],"wp:term":[{"taxonomy":"category","embeddable":true,"href":"https:\/\/www.europesays.com\/de\/wp-json\/wp\/v2\/categories?post=252427"},{"taxonomy":"post_tag","embeddable":true,"href":"https:\/\/www.europesays.com\/de\/wp-json\/wp\/v2\/tags?post=252427"}],"curies":[{"name":"wp","href":"https:\/\/api.w.org\/{rel}","templated":true}]}}