{"id":252493,"date":"2025-07-08T17:20:11","date_gmt":"2025-07-08T17:20:11","guid":{"rendered":"https:\/\/www.europesays.com\/de\/252493\/"},"modified":"2025-07-08T17:20:11","modified_gmt":"2025-07-08T17:20:11","slug":"mutmassliche-einbrecher-und-diebe-festgenommen","status":"publish","type":"post","link":"https:\/\/www.europesays.com\/de\/252493\/","title":{"rendered":"Mutma\u00dfliche Einbrecher und Diebe festgenommen"},"content":{"rendered":"<p class=\"font-sans font-medium\">Gelsenkirchen. Drei mutma\u00dfliche Diebe sind in Gelsenkirchen vorl\u00e4ufig festgenommen worden. Sie hatten Bruchwerkzeuge dabei. Eine Zeugin schlug Alarm.<\/p>\n<p>Drei mutma\u00dfliche Diebe sind in Gelsenkirchen vorl\u00e4ufig festgenommen worden. Sie hatten Bruchwerkzeuge dabei. Eine Zeugin hatte die Polizei alarmiert.<\/p>\n<p>  Mutma\u00dfliche Diebe in Gelsenkirchen waren mit Brechwerkzeugen ausgestattet &#8211; Stahlhandel im Visier?  <\/p>\n<p>Die Frau hatte am Dienstag, 8. Juli 2025, gegen 1.15 Uhr verd\u00e4chtige Ger\u00e4usche von einem Abstellgleis auf dem Ahlmannshof geh\u00f6rt. In der N\u00e4he befindet sich ein Stahlhandel. Tats\u00e4chlich konnten die alarmierten Einsatzkr\u00e4fte dort drei M\u00e4nner im Alter von 22, 25 und 34 Jahren entdecken. Das Trio hatte sich unter einem Waggon versteckt, der auf dem Gleis neben einem kleinen Haus stand. <\/p>\n<p><strong>Sie wollen keine Nachricht aus Gelsenkirchen verpassen? <a href=\"https:\/\/www.waz.de\/staedte\/gelsenkirchen\/article229659256\/Gelsenkirchen-So-abonnieren-Sie-unseren-WAZ-Newsletter.html\" data-category-full-path=\"\/staedte\/gelsenkirchen\/\" data-paid-status=\"free\" data-article-publish-date=\"1596115466\" rel=\"nofollow noopener\" target=\"_blank\">Abonnieren Sie hier unseren t\u00e4glichen Newsletter<\/a>. Mehr aus unserer Lokalredaktion gibt es auf unseren <a href=\"https:\/\/www.facebook.com\/WAZGelsenkirchen\/?locale=de_DE\" target=\"_blank\" rel=\"nofollow noopener\">Facebook<\/a>&#8211; und <a href=\"https:\/\/www.instagram.com\/wazgelsenkirchen_getaggt\/\" target=\"_blank\" rel=\"nofollow noopener\">Instagram-Kan\u00e4len.<\/a> Abonnieren Sie auch unser t\u00e4gliches, kostenloses News-Update auf <a href=\"https:\/\/www.waz.de\/staedte\/gelsenkirchen\/article241929358\/Neu-bei-WhatsApp-Jetzt-die-WAZ-Gelsenkirchen-abonnieren.html\" data-category-full-path=\"\/staedte\/gelsenkirchen\/\" data-paid-status=\"default\" data-article-publish-date=\"1711449600\" rel=\"nofollow noopener\" target=\"_blank\">WhatsApp<\/a>. Oder besuchen Sie die WAZ Gelsenkirchen jetzt auf <a href=\"https:\/\/www.tiktok.com\/@waz_gelsenkirchen?lang=de-DE\" target=\"_blank\" rel=\"nofollow noopener\">TikTok<\/a>. <\/strong><\/p>\n<p>   Gelsenkirchen-Newsletter: Jetzt anmelden!<\/p>\n<p class=\"text-body2 mt-2\">Nachrichten, Service, Reportagen: Jeden Tag wissen, was in unserer Stadt los ist.<\/p>\n<p class=\"text-caption text-copy-secondary\">\n          Mit meiner Anmeldung zum Newsletter stimme ich der<br \/>\n          <a href=\"https:\/\/www.waz.de\/services\/newsletter-adconsent\" class=\"text-overline text-copy-accent-negative dark:underline\" rel=\"nofollow noopener\" target=\"_blank\">Werbevereinbarung<\/a><br \/>\n          zu.\n        <\/p>\n<p>Die M\u00e4nner waren unter anderem mit einem Brecheisen, einem Bolzenschneider und einem Vorschlaghammer ausgestattet und trugen zum Teil Arbeitshandschuhe. Das mutma\u00dfliche Tatwerkzeug, die Arbeitshandschuhe sowie die mitgef\u00fchrten Handys wurden sichergestellt.<\/p>\n<p>Weil ihr Wohnort zun\u00e4chst nicht festgestellt werden konnte, wurden alle drei vorl\u00e4ufig festgenommen.<\/p>\n<p>  <script async src=\"\/\/www.instagram.com\/embed.js\"><\/script><script async src=\"\/\/www.tiktok.com\/embed.js\"><\/script><\/p>\n","protected":false},"excerpt":{"rendered":"Gelsenkirchen. Drei mutma\u00dfliche Diebe sind in Gelsenkirchen vorl\u00e4ufig festgenommen worden. Sie hatten Bruchwerkzeuge dabei. Eine Zeugin schlug Alarm.&hellip;\n","protected":false},"author":2,"featured_media":252494,"comment_status":"","ping_status":"","sticky":false,"template":"","format":"standard","meta":{"footnotes":""},"categories":[1848],"tags":[3364,29,548,663,3934,3658,30,13,14,15,1209,12],"class_list":{"0":"post-252493","1":"post","2":"type-post","3":"status-publish","4":"format-standard","5":"has-post-thumbnail","7":"category-gelsenkirchen","8":"tag-de","9":"tag-deutschland","10":"tag-eu","11":"tag-europa","12":"tag-europe","13":"tag-gelsenkirchen","14":"tag-germany","15":"tag-headlines","16":"tag-nachrichten","17":"tag-news","18":"tag-nordrhein-westfalen","19":"tag-schlagzeilen"},"share_on_mastodon":{"url":"https:\/\/pubeurope.com\/@de\/114818765643659364","error":""},"_links":{"self":[{"href":"https:\/\/www.europesays.com\/de\/wp-json\/wp\/v2\/posts\/252493","targetHints":{"allow":["GET"]}}],"collection":[{"href":"https:\/\/www.europesays.com\/de\/wp-json\/wp\/v2\/posts"}],"about":[{"href":"https:\/\/www.europesays.com\/de\/wp-json\/wp\/v2\/types\/post"}],"author":[{"embeddable":true,"href":"https:\/\/www.europesays.com\/de\/wp-json\/wp\/v2\/users\/2"}],"replies":[{"embeddable":true,"href":"https:\/\/www.europesays.com\/de\/wp-json\/wp\/v2\/comments?post=252493"}],"version-history":[{"count":0,"href":"https:\/\/www.europesays.com\/de\/wp-json\/wp\/v2\/posts\/252493\/revisions"}],"wp:featuredmedia":[{"embeddable":true,"href":"https:\/\/www.europesays.com\/de\/wp-json\/wp\/v2\/media\/252494"}],"wp:attachment":[{"href":"https:\/\/www.europesays.com\/de\/wp-json\/wp\/v2\/media?parent=252493"}],"wp:term":[{"taxonomy":"category","embeddable":true,"href":"https:\/\/www.europesays.com\/de\/wp-json\/wp\/v2\/categories?post=252493"},{"taxonomy":"post_tag","embeddable":true,"href":"https:\/\/www.europesays.com\/de\/wp-json\/wp\/v2\/tags?post=252493"}],"curies":[{"name":"wp","href":"https:\/\/api.w.org\/{rel}","templated":true}]}}