{"id":252615,"date":"2025-07-08T18:27:16","date_gmt":"2025-07-08T18:27:16","guid":{"rendered":"https:\/\/www.europesays.com\/de\/252615\/"},"modified":"2025-07-08T18:27:16","modified_gmt":"2025-07-08T18:27:16","slug":"frauen-em-deutsche-spielerinnen-ehren-giulia-gwinn-sport","status":"publish","type":"post","link":"https:\/\/www.europesays.com\/de\/252615\/","title":{"rendered":"Frauen-EM: Deutsche Spielerinnen ehren Giulia Gwinn | Sport"},"content":{"rendered":"<p><b>Giulia Gwinn f\u00e4llt zwar verletzungsbedingt f\u00fcr den Rest der <\/b><a href=\"https:\/\/www.bild.de\/sport\/fussball\/frauen-em-2025-spielplan-termine-ergebnisse-wann-spielt-deutschland-heute-68660a71aa0dfb270f80418e\" class=\"text-link\" rel=\"nofollow noopener\" target=\"_blank\"><b>EM<\/b><\/a><b> aus. Doch die Kapit\u00e4nin ist nicht nur mental, sondern auch physisch auf dem Platz bei den Team-Kolleginnen.<\/b><\/p>\n<p>Denn: beim 2. Gruppenspiel der deutschen Nationalmannschaft gegen D\u00e4nemark ehren die Spielerinnen ihre Kapit\u00e4nin. <\/p>\n<p>Beim obligatorischen Mannschaftsfoto vor Spielbeginn zeigen sie ihre getapten Handgelenke mit der Aufschrift \u201eGG7\u201c, halten zudem das Trikot von Gwinn und ihrer Nummer 7 in die Kamera. Was f\u00fcr eine herrliche Geste. <\/p>\n<p><img decoding=\"async\" width=\"992\" height=\"558\" alt=\"Die Startelf positioniert sich auf dem Foto, zeigt die getapten Handgelenke mit den Gwinn-Initialien in die Kamera\" src=\"https:\/\/www.europesays.com\/de\/wp-content\/uploads\/2025\/07\/96a735f0d3abb4c9bfbd5a01164dd9fd,f6d9d6e9\"   class=\"landscape\" loading=\"lazy\"\/><\/p>\n<p class=\"fig__caption__text\">Die Startelf positioniert sich auf dem Foto, zeigt die getapten Handgelenke mit den Gwinn-Initialen in die Kamera<\/p>\n<p>Foto: Sebastian Christoph Gollnow\/dpa<\/p>\n<p>Nicht nur die Mannschaft, sondern auch die Fans stehen hinter ihr. Vor Spielbeginn halten die rund 17.000 deutschen Fans im Stadion des St. Jakob-Parks in Basel zwei Banner hoch mit Genesungsw\u00fcnschen an die verletzte Top-Spielerin.<\/p>\n<p>Gwinn hat sich beim 1. Gruppenspiel gegen Polen (2:0) bei einem Zweikampf mit Ewa Pajor einen <a href=\"https:\/\/www.bild.de\/sport\/fussball\/frauenfussball-emotionale-worte-von-giulia-gwinn-nach-em-drama-686a92dedcbfff7a7de727e5\" class=\"text-link\" rel=\"nofollow noopener\" target=\"_blank\">Innenbandriss im linken Knie zugezogen<\/a>, f\u00e4llt f\u00fcr den Rest der EM aus.  <\/p>\n<p>Lesen Sie auch<\/p>\n","protected":false},"excerpt":{"rendered":"Giulia Gwinn f\u00e4llt zwar verletzungsbedingt f\u00fcr den Rest der EM aus. Doch die Kapit\u00e4nin ist nicht nur mental,&hellip;\n","protected":false},"author":2,"featured_media":252616,"comment_status":"","ping_status":"","sticky":false,"template":"","format":"standard","meta":{"footnotes":""},"categories":[136],"tags":[1263,29,481,11055,6578,6579,30,32929,1262,265],"class_list":{"0":"post-252615","1":"post","2":"type-post","3":"status-publish","4":"format-standard","5":"has-post-thumbnail","7":"category-sport","8":"tag-aufmacher-bereich","9":"tag-deutschland","10":"tag-dfb","11":"tag-dfb-frauen-nationalmannschaft","12":"tag-frauen-fussball","13":"tag-frauen-nationalmannschaften","14":"tag-germany","15":"tag-gwinn-giulia","16":"tag-muehlenbeck-marcus","17":"tag-sport"},"share_on_mastodon":{"url":"https:\/\/pubeurope.com\/@de\/114819029001877940","error":""},"_links":{"self":[{"href":"https:\/\/www.europesays.com\/de\/wp-json\/wp\/v2\/posts\/252615","targetHints":{"allow":["GET"]}}],"collection":[{"href":"https:\/\/www.europesays.com\/de\/wp-json\/wp\/v2\/posts"}],"about":[{"href":"https:\/\/www.europesays.com\/de\/wp-json\/wp\/v2\/types\/post"}],"author":[{"embeddable":true,"href":"https:\/\/www.europesays.com\/de\/wp-json\/wp\/v2\/users\/2"}],"replies":[{"embeddable":true,"href":"https:\/\/www.europesays.com\/de\/wp-json\/wp\/v2\/comments?post=252615"}],"version-history":[{"count":0,"href":"https:\/\/www.europesays.com\/de\/wp-json\/wp\/v2\/posts\/252615\/revisions"}],"wp:featuredmedia":[{"embeddable":true,"href":"https:\/\/www.europesays.com\/de\/wp-json\/wp\/v2\/media\/252616"}],"wp:attachment":[{"href":"https:\/\/www.europesays.com\/de\/wp-json\/wp\/v2\/media?parent=252615"}],"wp:term":[{"taxonomy":"category","embeddable":true,"href":"https:\/\/www.europesays.com\/de\/wp-json\/wp\/v2\/categories?post=252615"},{"taxonomy":"post_tag","embeddable":true,"href":"https:\/\/www.europesays.com\/de\/wp-json\/wp\/v2\/tags?post=252615"}],"curies":[{"name":"wp","href":"https:\/\/api.w.org\/{rel}","templated":true}]}}