{"id":252625,"date":"2025-07-08T18:32:11","date_gmt":"2025-07-08T18:32:11","guid":{"rendered":"https:\/\/www.europesays.com\/de\/252625\/"},"modified":"2025-07-08T18:32:11","modified_gmt":"2025-07-08T18:32:11","slug":"wir-machen-weiter-wie-bisher-brandenburger-afd-fraktion-haelt-nichts-von-verhaltenskodex","status":"publish","type":"post","link":"https:\/\/www.europesays.com\/de\/252625\/","title":{"rendered":"\u201eWir machen weiter wie bisher\u201c \u2013 Brandenburger AfD-Fraktion h\u00e4lt nichts von Verhaltenskodex"},"content":{"rendered":"<p class=\"is-first-paragraph\" data-external=\"Article.FirstParagraph\">Die AfD-Fraktion im Brandenburger Landtag h\u00e4lt Benimmregeln wie bei der Bundestagsfraktion f\u00fcr die eigenen Reihen f\u00fcr \u00fcberfl\u00fcssig. \u201eManchmal muss man auch heftig reagieren auf das, was die anderen sagen\u201c, sagte Fraktionschef Hans-Christoph Berndt in Potsdam. Aber man bleibe im Rahmen dessen, was im Parlament gestattet sei. \u201eWir machen genauso weiter wie bisher\u201c, f\u00fcgte der Parlamentarische Gesch\u00e4ftsf\u00fchrer Dennis Hohloch an.<\/p>\n<p>Die AfD-Fraktion im Bundestag hat sich bei einer Klausurtagung in Berlin einen Verhaltenskodex auferlegt. In dem Papier hei\u00dft es unter anderem: \u201eDie Mitglieder sind um ein geschlossenes und gem\u00e4\u00dfigtes Auftreten im Parlament bestrebt, um die politische Handlungsf\u00e4higkeit und Glaubw\u00fcrdigkeit der Fraktion sicherzustellen.\u201c Daneben gibt es \u201eRegeln zur Pr\u00e4vention von Bestechlichkeit\u201c und zum \u201eAusschluss von Interessenkonflikten\u201c.<\/p>\n<p>Die SPD-Fraktion sprach mit Blick auf den Kodex von einer \u201eTarnung\u201c der AfD. Man erwarte von der Partei nicht viel, sagte der Parlamentarische Gesch\u00e4ftsf\u00fchrer der SPD-Fraktion, Ludwig Scheetz. Die \u201eVer\u00e4chtlichmachung\u201c des Parlaments und anderen Parteien zeige die AfD in einer extremen Art und Weise. Der Chef der BSW-Fraktion, Niels-Olaf L\u00fcders, wollte sich nicht anma\u00dfen, der AfD-Fraktion im Landtag einen solchen Verhaltenskodex zu empfehlen. Er k\u00f6nne das nicht einsch\u00e4tzen, sagte er.<\/p>\n<p>\u201eEs spricht B\u00e4nde, dass die AfD es offenbar f\u00fcr notwendig h\u00e4lt, sich selbst einen Verhaltenskodex zu geben\u201c, sagte CDU-Fraktionschef Jan Redmann. Die AfD-Fraktion halte sich aus seiner Sicht allzu oft nicht an die \u00fcblichen Gepflogenheiten eines Parlaments. Dazu z\u00e4hlten unfl\u00e4tige Zwischenrufe und an Beleidigungen grenzende Formulierungen. Ob die AfD \u201eim Stillen das Parlament verlacht\u201c oder ob sie es direkt offen ausspreche, mache f\u00fcr ihn keinen gro\u00dfen Unterschied.<\/p>\n","protected":false},"excerpt":{"rendered":"Die AfD-Fraktion im Brandenburger Landtag h\u00e4lt Benimmregeln wie bei der Bundestagsfraktion f\u00fcr die eigenen Reihen f\u00fcr \u00fcberfl\u00fcssig. \u201eManchmal&hellip;\n","protected":false},"author":2,"featured_media":252626,"comment_status":"","ping_status":"","sticky":false,"template":"","format":"standard","meta":{"footnotes":""},"categories":[2],"tags":[186,1890,29,30,13,14,15,110,12,10,8,9,11,77411],"class_list":{"0":"post-252625","1":"post","2":"type-post","3":"status-publish","4":"format-standard","5":"has-post-thumbnail","7":"category-deutschland","8":"tag-afd","9":"tag-brandenburg","10":"tag-deutschland","11":"tag-germany","12":"tag-headlines","13":"tag-nachrichten","14":"tag-news","15":"tag-newsteam","16":"tag-schlagzeilen","17":"tag-top-news","18":"tag-top-meldungen","19":"tag-topmeldungen","20":"tag-topnews","21":"tag-verhaltenskodex-ks"},"share_on_mastodon":{"url":"https:\/\/pubeurope.com\/@de\/114819048853196812","error":""},"_links":{"self":[{"href":"https:\/\/www.europesays.com\/de\/wp-json\/wp\/v2\/posts\/252625","targetHints":{"allow":["GET"]}}],"collection":[{"href":"https:\/\/www.europesays.com\/de\/wp-json\/wp\/v2\/posts"}],"about":[{"href":"https:\/\/www.europesays.com\/de\/wp-json\/wp\/v2\/types\/post"}],"author":[{"embeddable":true,"href":"https:\/\/www.europesays.com\/de\/wp-json\/wp\/v2\/users\/2"}],"replies":[{"embeddable":true,"href":"https:\/\/www.europesays.com\/de\/wp-json\/wp\/v2\/comments?post=252625"}],"version-history":[{"count":0,"href":"https:\/\/www.europesays.com\/de\/wp-json\/wp\/v2\/posts\/252625\/revisions"}],"wp:featuredmedia":[{"embeddable":true,"href":"https:\/\/www.europesays.com\/de\/wp-json\/wp\/v2\/media\/252626"}],"wp:attachment":[{"href":"https:\/\/www.europesays.com\/de\/wp-json\/wp\/v2\/media?parent=252625"}],"wp:term":[{"taxonomy":"category","embeddable":true,"href":"https:\/\/www.europesays.com\/de\/wp-json\/wp\/v2\/categories?post=252625"},{"taxonomy":"post_tag","embeddable":true,"href":"https:\/\/www.europesays.com\/de\/wp-json\/wp\/v2\/tags?post=252625"}],"curies":[{"name":"wp","href":"https:\/\/api.w.org\/{rel}","templated":true}]}}