{"id":252627,"date":"2025-07-08T18:33:12","date_gmt":"2025-07-08T18:33:12","guid":{"rendered":"https:\/\/www.europesays.com\/de\/252627\/"},"modified":"2025-07-08T18:33:12","modified_gmt":"2025-07-08T18:33:12","slug":"liverpool-star-stirbt-bei-lamborghini-unfall-diogo-jota-fuhr-selbst-und-zu-schnell-news","status":"publish","type":"post","link":"https:\/\/www.europesays.com\/de\/252627\/","title":{"rendered":"Liverpool-Star stirbt bei Lamborghini-Unfall: Diogo Jota fuhr selbst und zu schnell | News"},"content":{"rendered":"<p>Lissabon\/Madrid \u2013 <b>Der FC-Liverpool-Star und portugiesische Nationalspieler Diogo Jota (28) war bei seinem t\u00f6dlichen Autounfall in Spanien wohl mit \u00fcberh\u00f6hter Geschwindigkeit unterwegs. <\/b><\/p>\n<p>Reifenspuren deuteten auf eine \u201e\u00dcberschreitung der H\u00f6chstgeschwindigkeit auf der Stra\u00dfe\u201c hin, erkl\u00e4rte die spanische <a href=\"https:\/\/www.bild.de\/regional\/aktuelles\/polizei\/polizeieinsatz-alle-infos-76681760.bild.html\" class=\"text-link\" target=\"_blank\" rel=\"noopener\">Polizei<\/a> am Dienstag. Es deute zudem alles darauf hin, \u201edass Diogo Jota der Fahrer des verungl\u00fcckten Fahrzeugs war\u201c.<\/p>\n<p>Liverpool-Star starb mit seinem Bruder<\/p>\n<p><b>Jotas Lamborghini war nach Angaben der Polizei am 3. Juli auf einer Autobahn in der nordwestspanischen Provinz Zamora von der Fahrbahn abgekommen und in Brand geraten. Neben Jota starb bei dem <\/b><a href=\"https:\/\/www.bild.de\/themen\/ereignisse\/unfaelle\/auto-news-fotos-videos-17004002.bild.html\" class=\"text-link\" target=\"_blank\" rel=\"noopener\"><b>Unfall<\/b><\/a><b> auch sein Bruder Andr\u00e9 Silva (25), der ebenfalls Fu\u00dfballprofi war und beim portugiesischen Zweitligisten FC Penafiel spielte.<\/b><\/p>\n<p>Unmittelbar nach dem Unfall war die spanische Polizei <a href=\"https:\/\/www.bild.de\/news\/ausland\/diogo-jota-28-tot-liverpool-star-stirbt-bei-unfall-mit-lamborghini-68664595aa0dfb270f8045aa\" class=\"text-link\" target=\"_blank\" rel=\"noopener\">noch von einem geplatzten Reifen w\u00e4hrend eines \u00dcberholman\u00f6vers<\/a> als Ursache ausgegangen.<\/p>\n<p><img decoding=\"async\" width=\"992\" height=\"558\" alt=\"Diogo Jota st\u00fcrmte f\u00fcr den FC Liverpool und die portugiesische Nationalmannschaft\" src=\"https:\/\/www.europesays.com\/de\/wp-content\/uploads\/2025\/07\/ee7e78f9f1872f69ea9765308855d2f6,101d4bec\"   class=\"landscape\" loading=\"lazy\"\/><\/p>\n<p class=\"fig__caption__text\">Diogo Jota st\u00fcrmte f\u00fcr den FC Liverpool und die portugiesische Nationalmannschaft<\/p>\n<p>Foto: Liverpool FC via Getty Images<\/p>\n<p>Jota hinterl\u00e4sst drei Kinder<\/p>\n<p>Anderthalb Wochen vor dem Ungl\u00fcck <a href=\"https:\/\/www.bild.de\/sport\/fussball\/diogo-jota-11-tage-vor-seinem-tod-heiratete-er-seine-frau-rute-68664c3a4f00296f4712aded\" class=\"text-link\" target=\"_blank\" rel=\"noopener\">hatte Jota seine langj\u00e4hrige Freundin Rute Cardoso geheiratet<\/a>. Wenige Stunden vor seinem Tod ver\u00f6ffentlichten er und seine Frau auf Instagram ein Video von der Hochzeitsfeier. Der Fu\u00dfball-Star hinterl\u00e4sst drei Kinder im Alter von vier und zwei Jahren sowie ein im November 2024 geborenes Baby.<\/p>\n<p><img decoding=\"async\" width=\"992\" height=\"1178\" alt=\"Der Tag des gr\u00f6\u00dften Gl\u00fccks: Diogo Jota, Rute und die Kinder bei der Hochzeit am 22. Juni\" src=\"https:\/\/www.europesays.com\/de\/wp-content\/uploads\/2025\/07\/7b0e3083c322e727022fe8ae816a665c,46cd8cdb\"   class=\"portrait\" loading=\"lazy\"\/><\/p>\n<p class=\"fig__caption__text\">Der Tag des gr\u00f6\u00dften Gl\u00fccks: Diogo Jota, Rute und die Kinder bei der Hochzeit am 22. Juni<\/p>\n<p>Foto: Felippe &amp; Katia Gon\u00e7alves\/diogoj_18\/Instagram<\/p>\n<p><b>Vor seiner Hochzeit hatte Jota den Meistertitel der englischen Premier League mit dem FC Liverpool gewonnen. Mit der portugiesischen Nationalmannschaft gewann Jota im Juni die Uefa Nations League. Am Samstag wurden <\/b><a href=\"https:\/\/www.bild.de\/news\/ausland\/beisetzung-von-diogo-jota-in-portugal-es-tut-so-weh-6868dc88d009353a0c9607ea\" class=\"text-link\" target=\"_blank\" rel=\"noopener\"><b>Jota und sein Bruder in ihrem Heimatort Gondomar in der N\u00e4he von Porto beigesetzt<\/b><\/a><b>.<\/b><\/p>\n<p><img decoding=\"async\" width=\"992\" height=\"558\" alt=\"Die beiden Fu\u00dfballprofis wurden neben ihrer Gro\u00dfmutter beerdigt\" src=\"https:\/\/www.europesays.com\/de\/wp-content\/uploads\/2025\/07\/01a5908e84698d0dc6aa5aeb97a3e6fd,6c0fac3b\"   class=\"landscape\" loading=\"lazy\"\/><\/p>\n<p class=\"fig__caption__text\">Die beiden Fu\u00dfballprofis wurden neben ihrer Gro\u00dfmutter beerdigt<\/p>\n<p>Foto: Fabian Matzerath\/BILD<\/p>\n","protected":false},"excerpt":{"rendered":"Lissabon\/Madrid \u2013 Der FC-Liverpool-Star und portugiesische Nationalspieler Diogo Jota (28) war bei seinem t\u00f6dlichen Autounfall in Spanien wohl&hellip;\n","protected":false},"author":2,"featured_media":252628,"comment_status":"","ping_status":"","sticky":false,"template":"","format":"standard","meta":{"footnotes":""},"categories":[5],"tags":[15129,468,1738,6212,954,347,13,14,50752,15,121,957,12,45,10,8,9,11,1261,2624,7781,2625],"class_list":{"0":"post-252627","1":"post","2":"type-post","3":"status-publish","4":"format-standard","5":"has-post-thumbnail","7":"category-nachrichten","8":"tag-lamborghini","9":"tag-champions-league","10":"tag-desk-delta","11":"tag-ermittlungsverfahren","12":"tag-fc-liverpool","13":"tag-fussball","14":"tag-headlines","15":"tag-nachrichten","16":"tag-nationalmannschaft-portugal","17":"tag-news","18":"tag-polizei","19":"tag-premier-league","20":"tag-schlagzeilen","21":"tag-texttospeech","22":"tag-top-news","23":"tag-top-meldungen","24":"tag-topmeldungen","25":"tag-topnews","26":"tag-toralarm-top-news","27":"tag-unfaelle","28":"tag-unfalltod","29":"tag-unfallursache"},"share_on_mastodon":{"url":"https:\/\/pubeurope.com\/@de\/114819052805576115","error":""},"_links":{"self":[{"href":"https:\/\/www.europesays.com\/de\/wp-json\/wp\/v2\/posts\/252627","targetHints":{"allow":["GET"]}}],"collection":[{"href":"https:\/\/www.europesays.com\/de\/wp-json\/wp\/v2\/posts"}],"about":[{"href":"https:\/\/www.europesays.com\/de\/wp-json\/wp\/v2\/types\/post"}],"author":[{"embeddable":true,"href":"https:\/\/www.europesays.com\/de\/wp-json\/wp\/v2\/users\/2"}],"replies":[{"embeddable":true,"href":"https:\/\/www.europesays.com\/de\/wp-json\/wp\/v2\/comments?post=252627"}],"version-history":[{"count":0,"href":"https:\/\/www.europesays.com\/de\/wp-json\/wp\/v2\/posts\/252627\/revisions"}],"wp:featuredmedia":[{"embeddable":true,"href":"https:\/\/www.europesays.com\/de\/wp-json\/wp\/v2\/media\/252628"}],"wp:attachment":[{"href":"https:\/\/www.europesays.com\/de\/wp-json\/wp\/v2\/media?parent=252627"}],"wp:term":[{"taxonomy":"category","embeddable":true,"href":"https:\/\/www.europesays.com\/de\/wp-json\/wp\/v2\/categories?post=252627"},{"taxonomy":"post_tag","embeddable":true,"href":"https:\/\/www.europesays.com\/de\/wp-json\/wp\/v2\/tags?post=252627"}],"curies":[{"name":"wp","href":"https:\/\/api.w.org\/{rel}","templated":true}]}}