{"id":252699,"date":"2025-07-08T19:11:20","date_gmt":"2025-07-08T19:11:20","guid":{"rendered":"https:\/\/www.europesays.com\/de\/252699\/"},"modified":"2025-07-08T19:11:20","modified_gmt":"2025-07-08T19:11:20","slug":"hannover-klassik-open-air-2025","status":"publish","type":"post","link":"https:\/\/www.europesays.com\/de\/252699\/","title":{"rendered":"Hannover Klassik Open Air 2025"},"content":{"rendered":"<p>Seit Beginn lautet das Motto &#8222;Oper f\u00fcr alle&#8220;\u00a0und h\u00e4lt, was es verspricht. Denn bei freiem Eintritt kommen hier wirklich alle auf ihre Kosten. Von Operninsider*innen bis zu Klassikneulingen kann jede*r auf den Parkwiesen die Picknickdecke ausbreiten, gen\u00fcsslich der Musik lauschen und das Geschehen auf der B\u00fchne vor dem Neuen Rathaus auf zwei gro\u00dfen Videoleinw\u00e4nden mitverfolgen.<\/p>\n<p>Auf dem Programm: Abwechslung!<\/p>\n<p class=\"emark\">Mit einem unterhaltsamen Programm, das sowohl bekannte Meisterwerke als auch spannende Neuentdeckungen umfasst, geht das Hannover Klassik Open Air bereits ins elfte Jahr. Stanislav Kochanovsky verbindet bei seiner ersten Ausgabe ein Best-of aus bekannten Opern von Borodin und Tschaikowski mit Massenet sowie Italienischem aus \u201eMadama Butterfly\u201c und \u201eLa Boh\u00e8me\u201c.<\/p>\n<p class=\"emark\">Seit einem guten Jahr ist Kochanovsky Chefdirigent der NDR Radiophilharmonie und wird das Orchester Ende August zum ersten Mal mit Opernrepertoire dirigieren \u2013 ein Fach, das er bereits gut kennt. Schon als 25-J\u00e4hriger erhielt er ein Engagement am St. Petersburger Michailowski-Theater, an dem er mehr als 60 Opern- und Ballettauff\u00fchrungen leitete.<\/p>\n<p>                    <img decoding=\"async\" class=\"fullwidth image-zoomable\" src=\"https:\/\/www.europesays.com\/de\/wp-content\/uploads\/2025\/07\/c9df7a4d343c-DSC08500.jpg\" alt=\"Hannover Klassik Open Air 2024\" data-copyright-text=\"LHH\" data-large-image=\"https:\/\/www.hannover.de\/var\/storage\/images\/_aliases\/full\/9\/5\/0\/1\/29431059-1-ger-DE\/c9df7a4d343c-DSC08500.jpg\" loading=\"lazy\"\/><\/p>\n<p>                            \u00a9                                 LHH<\/p>\n<p>Hannover Klassik Open Air 2024<\/p>\n<p>Die Solist*innen<\/p>\n<p class=\"standard emark\">Wie bereits in den letzten Jahren \u00fcbernehmen international renommierte S\u00e4ngerpers\u00f6nlichkeiten der Spitzenklasse die Solo-Partien. Die Sopranistin Oksana Dyka gab beispielsweise unter der Regielegende Franco Zeffirelli eine gefeierte Tosca und Turandot. An der New Yorker Met ist die Ukrainerin ebenso regelm\u00e4\u00dfig zu Gast wie an den wichtigsten Opernh\u00e4usern Europas.<\/p>\n<p class=\"emark\">International gefragt ist auch der russisch-\u00f6sterreichische Bariton Boris Pinkhasovich. Auftritte f\u00fchren ihn unter anderem an den Londoner Covent Garden, die Bayerische und Wiener Staatsoper sowie an die Mail\u00e4nder Scala. Der J\u00fcngste im Trio ist der armenische Tenor Liparit Avetisyan. Er hat bereits ein beeindruckendes s\u00e4ngerisches Portfolio, darunter Auftritte an der Seite von Pretty Yende, unserem letztj\u00e4hrigen Open-Air-Star, und wurde nicht nur einmal mit dem jungen Pavarotti verglichen.<\/p>\n<p>Livestream, Radio-\u00a0und TV-Ausstrahlung<\/p>\n<p class=\"emark\">Die \u00dcbertragung der Veranstaltung wird von TVN FACTUAL ENTERTAINMENT produziert und von der nordmedia gef\u00f6rdert. Arte Concert zeigt das Hannover Klassik Open Air am 23. August als Video-Livestream. NDR Kultur sendet die Operngala am 22. August live im Radio.<\/p>\n<p>Oper f\u00fcr alle &#8211; mit\u00a0Kooperationen vor Ort<\/p>\n<p class=\"emark\">Das Hannover Klassik Open Air bietet freien Eintritt in den Maschpark Hannover, in dem das Publikum das B\u00fchnengeschehen \u00fcber Videoleinw\u00e4nde und Lautsprecher in bester Audioqualit\u00e4t miterleben kann.<\/p>\n<p>Die Veranstaltung wird durch das Zusammenwirken mehrerer lokaler Partner erm\u00f6glicht: Dazu z\u00e4hlen die Stadt Hannover, NDR, Hannover Concerts, TVN sowie die gro\u00dfz\u00fcgige Unterst\u00fctzung der Dirk Rossmann GmbH, der \u00dcSTRA, der VHV Stiftung, der Freunde und F\u00f6rderer der NDR Radiophilharmonie e. V. und die Initiative der Projektleiterin Marlis Fertmann.<\/p>\n","protected":false},"excerpt":{"rendered":"Seit Beginn lautet das Motto &#8222;Oper f\u00fcr alle&#8220;\u00a0und h\u00e4lt, was es verspricht. Denn bei freiem Eintritt kommen hier&hellip;\n","protected":false},"author":2,"featured_media":252700,"comment_status":"","ping_status":"","sticky":false,"template":"","format":"standard","meta":{"footnotes":""},"categories":[1836],"tags":[3364,29,30,46,91,77424,77425,1411],"class_list":{"0":"post-252699","1":"post","2":"type-post","3":"status-publish","4":"format-standard","5":"has-post-thumbnail","7":"category-hannover","8":"tag-de","9":"tag-deutschland","10":"tag-germany","11":"tag-hannover","12":"tag-klassik","13":"tag-klassik-open-air","14":"tag-maschpark","15":"tag-niedersachsen"},"share_on_mastodon":{"url":"https:\/\/pubeurope.com\/@de\/114819202424670196","error":""},"_links":{"self":[{"href":"https:\/\/www.europesays.com\/de\/wp-json\/wp\/v2\/posts\/252699","targetHints":{"allow":["GET"]}}],"collection":[{"href":"https:\/\/www.europesays.com\/de\/wp-json\/wp\/v2\/posts"}],"about":[{"href":"https:\/\/www.europesays.com\/de\/wp-json\/wp\/v2\/types\/post"}],"author":[{"embeddable":true,"href":"https:\/\/www.europesays.com\/de\/wp-json\/wp\/v2\/users\/2"}],"replies":[{"embeddable":true,"href":"https:\/\/www.europesays.com\/de\/wp-json\/wp\/v2\/comments?post=252699"}],"version-history":[{"count":0,"href":"https:\/\/www.europesays.com\/de\/wp-json\/wp\/v2\/posts\/252699\/revisions"}],"wp:featuredmedia":[{"embeddable":true,"href":"https:\/\/www.europesays.com\/de\/wp-json\/wp\/v2\/media\/252700"}],"wp:attachment":[{"href":"https:\/\/www.europesays.com\/de\/wp-json\/wp\/v2\/media?parent=252699"}],"wp:term":[{"taxonomy":"category","embeddable":true,"href":"https:\/\/www.europesays.com\/de\/wp-json\/wp\/v2\/categories?post=252699"},{"taxonomy":"post_tag","embeddable":true,"href":"https:\/\/www.europesays.com\/de\/wp-json\/wp\/v2\/tags?post=252699"}],"curies":[{"name":"wp","href":"https:\/\/api.w.org\/{rel}","templated":true}]}}