{"id":252717,"date":"2025-07-08T19:20:10","date_gmt":"2025-07-08T19:20:10","guid":{"rendered":"https:\/\/www.europesays.com\/de\/252717\/"},"modified":"2025-07-08T19:20:10","modified_gmt":"2025-07-08T19:20:10","slug":"leipzig-belegt-zweiten-platz-beim-europaeischen-stadtbaumpreis-%c2%b7-leipziger-zeitung","status":"publish","type":"post","link":"https:\/\/www.europesays.com\/de\/252717\/","title":{"rendered":"Leipzig belegt zweiten Platz beim Europ\u00e4ischen Stadtbaumpreis \u00b7 Leipziger Zeitung"},"content":{"rendered":"<p>Den Preis hat eigentlich Leipzigs Stadtrat verdient, der die Stadt immer wieder aufgefordert hat, die Zahl der neu gepflanzten B\u00e4ume in Leipzigs Stra\u00dfen deutlich zu erh\u00f6hen. 1.000 neue Stra\u00dfenb\u00e4ume sollten jedes Jahr hinzukommen. Das schaffen Leipzigs Pflanztrupps zwar nicht, weil es enormen Aufwand bedeutet und auch richtig viel Geld kostet. Aber eben daf\u00fcr gab es jetzt auch einen Preis.<\/p>\n<p>Leipzig hat f\u00fcr sein Engagement, B\u00e4ume in Stra\u00dfen, Park- und Gr\u00fcnanlagen zu pflanzen, jetzt in Bonn den zweiten Platz des Europ\u00e4ischen Stadtbaumpreis (European City of the Trees Award) 2025 erhalten.<\/p>\n<p>Einer von drei Finalisten<\/p>\n<p>Verliehen wird der Preis durch den European Arboricultural Council (EAC), den Europ\u00e4ischen Baumpflegerat. Mit Augsburg, Bonn, D\u00fcsseldorf, Frankfurt am Main, Hannover, Hamburg, Leipzig und Mannheim hatten sich insgesamt acht St\u00e4dte um den Preis beworben.<\/p>\n<p>Die drei Finalistinnen Bonn, Hamburg und Leipzig wurden von einer Experten-Jury inspiziert, mit Vertretern aus den Niederlanden, England, der Slowakei, Spanien und Deutschland. Gemeinsam mit dem Vorstand des European Arboricultural Council (EAC) sowie den Deutschen Baumpflegeverb\u00e4nden wurde abschlie\u00dfend entschieden: Leipzig erreichte nach Hamburg den zweiten Platz.<\/p>\n<p>Wo Leipzig gut punkten konnte<\/p>\n<p>Besonders punkten konnte Leipzig demnach mit dem <a href=\"http:\/\/www.leipzig.de\/umwelt-und-verkehr\/umwelt-und-naturschutz\/baeume-und-baumschutz\/strassenbaumkonzept-leipzig-2030#c182626\" target=\"_blank\" rel=\"noopener\">Stra\u00dfenbaumkonzept 2030<\/a>, als wichtigen Beitrag zur Klimaanpassung und Klimaneutralit\u00e4t. In dem 2019 vom Stadtrat beschlossenen Konzept verpflichtet sich Leipzig, jedes Jahr 1.000 zus\u00e4tzliche Stra\u00dfenb\u00e4ume zu pflanzen. Zudem sollen B\u00e4ume, die f\u00fcr die Verkehrssicherheit oder aus baulichen Gr\u00fcnden gef\u00e4llt werden m\u00fcssen, vollst\u00e4ndig ersetzt werden. Dazu beschreibt das Konzept die planerischen Grundlagen und Bedingungen, die es braucht, um einen gesunden Stra\u00dfenbaumbestand zu entwickeln.<\/p>\n<p>Der Europ\u00e4ische Stadtbaumpreis wird seit 2007 durch das European Arboricultural Council (EAC) vergeben. Preistr\u00e4ger waren unter anderem schon Valencia, Malm\u00f6, Prag, Amsterdam, Tallin, Wien und Antwerpen. In diesem Jahr wurde der Wettbewerb nur in Deutschland ausgerufen.<\/p>\n<p>Weitere Informationen zum Stra\u00dfenbaumkonzept findet man auch unter <a href=\"http:\/\/www.leipzig.de\/stadtbaum\" target=\"_blank\" rel=\"noopener\">www.leipzig.de\/stadtbaum<\/a>.<\/p>\n","protected":false},"excerpt":{"rendered":"Den Preis hat eigentlich Leipzigs Stadtrat verdient, der die Stadt immer wieder aufgefordert hat, die Zahl der neu&hellip;\n","protected":false},"author":2,"featured_media":252718,"comment_status":"","ping_status":"","sticky":false,"template":"","format":"standard","meta":{"footnotes":""},"categories":[1832],"tags":[77428,3364,29,30,71,859,48339,77427],"class_list":{"0":"post-252717","1":"post","2":"type-post","3":"status-publish","4":"format-standard","5":"has-post-thumbnail","7":"category-leipzig","8":"tag-baumpflanzung","9":"tag-de","10":"tag-deutschland","11":"tag-germany","12":"tag-leipzig","13":"tag-sachsen","14":"tag-stadtbaeume","15":"tag-strassenbaumkonzept"},"share_on_mastodon":{"url":"https:\/\/pubeurope.com\/@de\/114819237506015487","error":""},"_links":{"self":[{"href":"https:\/\/www.europesays.com\/de\/wp-json\/wp\/v2\/posts\/252717","targetHints":{"allow":["GET"]}}],"collection":[{"href":"https:\/\/www.europesays.com\/de\/wp-json\/wp\/v2\/posts"}],"about":[{"href":"https:\/\/www.europesays.com\/de\/wp-json\/wp\/v2\/types\/post"}],"author":[{"embeddable":true,"href":"https:\/\/www.europesays.com\/de\/wp-json\/wp\/v2\/users\/2"}],"replies":[{"embeddable":true,"href":"https:\/\/www.europesays.com\/de\/wp-json\/wp\/v2\/comments?post=252717"}],"version-history":[{"count":0,"href":"https:\/\/www.europesays.com\/de\/wp-json\/wp\/v2\/posts\/252717\/revisions"}],"wp:featuredmedia":[{"embeddable":true,"href":"https:\/\/www.europesays.com\/de\/wp-json\/wp\/v2\/media\/252718"}],"wp:attachment":[{"href":"https:\/\/www.europesays.com\/de\/wp-json\/wp\/v2\/media?parent=252717"}],"wp:term":[{"taxonomy":"category","embeddable":true,"href":"https:\/\/www.europesays.com\/de\/wp-json\/wp\/v2\/categories?post=252717"},{"taxonomy":"post_tag","embeddable":true,"href":"https:\/\/www.europesays.com\/de\/wp-json\/wp\/v2\/tags?post=252717"}],"curies":[{"name":"wp","href":"https:\/\/api.w.org\/{rel}","templated":true}]}}