{"id":252752,"date":"2025-07-08T19:38:10","date_gmt":"2025-07-08T19:38:10","guid":{"rendered":"https:\/\/www.europesays.com\/de\/252752\/"},"modified":"2025-07-08T19:38:10","modified_gmt":"2025-07-08T19:38:10","slug":"juedische-gemeinde-wegner-berlin-muss-haltung-zeigen-gegen-judenhass-gesellschaft","status":"publish","type":"post","link":"https:\/\/www.europesays.com\/de\/252752\/","title":{"rendered":"J\u00fcdische Gemeinde &#8211; Wegner: Berlin muss Haltung zeigen gegen Judenhass &#8211; Gesellschaft"},"content":{"rendered":"<p data-manual=\"teaserText\" data-schema-org-speakable=\"true\">An der Oranienburger Stra\u00dfe gl\u00e4nzt die Kuppel des Centrum Judaicum. J\u00fcdisches Leben wachse in der Stadt, sagt der Regierende B\u00fcrgermeister. Aber er hat einen ganz besonderen Wunsch.<\/p>\n<p data-manual=\"paragraph\" data-schema-org-speakable=\"true\" class=\"css-1ylqqlw\"><a href=\"https:\/\/www.sueddeutsche.de\/thema\/Berlin\" target=\"_blank\" rel=\"noopener\">Berlin<\/a> (dpa\/bb) &#8211; Der Regierende B\u00fcrgermeister Kai Wegner fordert von den Berlinerinnen und Berlinern mehr Einsatz gegen Judenfeindlichkeit. \u201eWir d\u00fcrfen nicht l\u00e4nger wegschauen, wenn antisemitische Straftaten geschehen, wir m\u00fcssen hinschauen und wir m\u00fcssen Haltung zeigen\u201c, sagte der CDU-Politiker beim Sommerempfang der J\u00fcdischen Gemeinde zu Berlin.\u00a0<\/p>\n<p data-manual=\"paragraph\" data-schema-org-speakable=\"true\" class=\"css-1ylqqlw\">\u201eAntisemitismus, Hass, Hetze, Ausgrenzung und auch Israelfeindlichkeit geh\u00f6ren nicht zur Stadt der Freiheit, der Vielfalt und des Respekts\u201c, f\u00fcgte er hinzu. Trotz aller Schwierigkeiten wachse j\u00fcdisches Leben in der Stadt. Es gebe eine Verpflichtung, das zu sch\u00fctzen. Aber: \u201eIch w\u00fcnsche mir ein Berlin, wo j\u00fcdische Einrichtungen nicht von Polizistinnen und Polizisten gesch\u00fctzt werden m\u00fcssen\u201c, sagte Wegner.<\/p>\n<p data-manual=\"paragraph\" data-schema-org-speakable=\"true\" class=\"css-1ylqqlw\">Bundesbildungsministerin Karin Prien (CDU) nannte vielf\u00e4ltiges j\u00fcdisches Leben in <a href=\"https:\/\/www.sueddeutsche.de\/thema\/Deutschland\" target=\"_blank\" rel=\"noopener\">Deutschland<\/a> ein Geschenk. Es gehe nicht nur darum, \u00fcber die Schoah und Antisemitismus zu reden. \u201eEs geht darum, dar\u00fcber zu reden, wie sehr j\u00fcdische Kultur, j\u00fcdisches Leben zur Identit\u00e4t Deutschlands geh\u00f6ren.\u201c Es gebe starke und kreative j\u00fcdische Stimmen, etwa beim Gesangswettbewerb Jewrovision Song Contest. Sie geh\u00f6ren ganz selbstverst\u00e4ndlich hierher, und sie sind Teil unserer deutschen Zukunft\u201c, sagte Prien.<\/p>\n<p data-manual=\"paragraph\" data-schema-org-speakable=\"true\" class=\"css-1ylqqlw\">\u00a9 dpa-infocom, dpa:250708-930-774307\/1<\/p>\n","protected":false},"excerpt":{"rendered":"An der Oranienburger Stra\u00dfe gl\u00e4nzt die Kuppel des Centrum Judaicum. J\u00fcdisches Leben wachse in der Stadt, sagt der&hellip;\n","protected":false},"author":2,"featured_media":252753,"comment_status":"","ping_status":"","sticky":false,"template":"","format":"standard","meta":{"footnotes":""},"categories":[1825],"tags":[296,29,30,1724,3314,2057,575,149],"class_list":{"0":"post-252752","1":"post","2":"type-post","3":"status-publish","4":"format-standard","5":"has-post-thumbnail","7":"category-berlin","8":"tag-berlin","9":"tag-deutschland","10":"tag-germany","11":"tag-gesellschaft","12":"tag-glaube-und-religion","13":"tag-leben-und-gesellschaft","14":"tag-religion","15":"tag-sueddeutsche-zeitung"},"share_on_mastodon":{"url":"https:\/\/pubeurope.com\/@de\/114819308351426365","error":""},"_links":{"self":[{"href":"https:\/\/www.europesays.com\/de\/wp-json\/wp\/v2\/posts\/252752","targetHints":{"allow":["GET"]}}],"collection":[{"href":"https:\/\/www.europesays.com\/de\/wp-json\/wp\/v2\/posts"}],"about":[{"href":"https:\/\/www.europesays.com\/de\/wp-json\/wp\/v2\/types\/post"}],"author":[{"embeddable":true,"href":"https:\/\/www.europesays.com\/de\/wp-json\/wp\/v2\/users\/2"}],"replies":[{"embeddable":true,"href":"https:\/\/www.europesays.com\/de\/wp-json\/wp\/v2\/comments?post=252752"}],"version-history":[{"count":0,"href":"https:\/\/www.europesays.com\/de\/wp-json\/wp\/v2\/posts\/252752\/revisions"}],"wp:featuredmedia":[{"embeddable":true,"href":"https:\/\/www.europesays.com\/de\/wp-json\/wp\/v2\/media\/252753"}],"wp:attachment":[{"href":"https:\/\/www.europesays.com\/de\/wp-json\/wp\/v2\/media?parent=252752"}],"wp:term":[{"taxonomy":"category","embeddable":true,"href":"https:\/\/www.europesays.com\/de\/wp-json\/wp\/v2\/categories?post=252752"},{"taxonomy":"post_tag","embeddable":true,"href":"https:\/\/www.europesays.com\/de\/wp-json\/wp\/v2\/tags?post=252752"}],"curies":[{"name":"wp","href":"https:\/\/api.w.org\/{rel}","templated":true}]}}