{"id":252762,"date":"2025-07-08T19:43:15","date_gmt":"2025-07-08T19:43:15","guid":{"rendered":"https:\/\/www.europesays.com\/de\/252762\/"},"modified":"2025-07-08T19:43:15","modified_gmt":"2025-07-08T19:43:15","slug":"calantha-wollny-fordert-das-aus-fuer-tv-show-die-wollnys","status":"publish","type":"post","link":"https:\/\/www.europesays.com\/de\/252762\/","title":{"rendered":"Calantha Wollny fordert das Aus f\u00fcr TV-Show &#8222;Die Wollnys&#8220;"},"content":{"rendered":"<p style=\"order:0\" class=\"spanFix max-w-[750px] leading-[30px] sm:text-[22px] sm:leading-[38px] sm:text-[22px] sm:leading-[38px]\"><a target=\"_self\" data-google-interstitial=\"true\" href=\"https:\/\/www.promiflash.de\/thema\/calantha-wollny\/\" rel=\"nofollow noopener\">Calantha Wollny<\/a> (24), bekannt aus der Reality-Doku <a target=\"_self\" data-google-interstitial=\"true\" href=\"https:\/\/www.promiflash.de\/thema\/die-wollnys\/\" rel=\"nofollow noopener\">Die Wollnys<\/a>, hat sich nun \u00f6ffentlich gegen die Show ihrer eigenen Familie ausgesprochen. \u00dcber ihren Instagram-Kanal teilte die 24-J\u00e4hrige ein Video, in dem sie zur Unterst\u00fctzung einer Petition aufruft, die das Ende der RTLZWEI-Produktion fordert. <b>Dabei betonte sie, es gehe ihr nicht um einen Angriff auf ihre Familie, sondern um den Schutz der j\u00fcngsten Familienmitglieder.<\/b><\/p>\n<p style=\"order:3\" class=\"spanFix max-w-[750px] leading-[30px] sm:text-[22px] sm:leading-[38px] sm:text-[22px] sm:leading-[38px]\">Die von Calantha unterst\u00fctzte Petition kritisiert vor allem die Darstellung und Vermarktung von Kindern in der Show. Diese k\u00e4men h\u00e4ufig in unangemessenen Situationen vor die Kamera, was ihre Privatsph\u00e4re verletze und nachhaltig sch\u00e4digen k\u00f6nne, so der Wortlaut. In einem weiteren Video sprach Calantha von ihren eigenen Erfahrungen als Kind, das unfreiwillig im Rampenlicht stand. <b>&#8222;Wir hatten keine Freizeit, keine Zeit f\u00fcr uns&#8220;<\/b>, erinnerte sich Calantha. Laut ihren Aussagen streikten sogar einige ihrer Geschwister, um den Drehs zu entgehen.<\/p>\n<p style=\"order:6\" class=\"spanFix max-w-[750px] leading-[30px] sm:text-[22px] sm:leading-[38px] sm:text-[22px] sm:leading-[38px]\">Dass sich Calantha derzeit wieder vermehrt mit ihrer Familie auseinandersetzt, zu der sie eigentlich den Kontakt abgebrochen hat, k\u00f6nnte an dem j\u00fcngsten \u00f6ffentlichen Streit mit ihrer Mutter <a target=\"_self\" data-google-interstitial=\"true\" href=\"https:\/\/www.promiflash.de\/thema\/silvia-wollny\/\" rel=\"nofollow noopener\">Silvia Wollny<\/a> (60) liegen. Das Wollny-Familienoberhaupt behauptete im Netz, dass die Polizei nach Calantha und deren Freund Alex suchen w\u00fcrde und rief ihre Follower zur Mithilfe auf. Ihre Tochter wiederum widersprach Silvia und stellte auf Instagram klar: <b>&#8222;Hiermit stelle ich klar, dass die Polizei nicht nach mir, Calantha Wollny, sucht, so wie von meiner Mutter \u00f6ffentlich angegeben.&#8220;<\/b> Auch die Polizeidienststelle in Neuss schaltete sich bereits ein und erkl\u00e4rte, dass <a target=\"_self\" data-google-interstitial=\"true\" href=\"https:\/\/www.promiflash.de\/news\/2025\/07\/07\/polizeidrama-um-calantha-silvia-wollny-verteidigt-sich.html\" rel=\"nofollow noopener\">keine Vermisstenanzeige<\/a> zu Calantha vorliege.<\/p>\n<p><img class=\"top-0  absolute h-full w-full object-cover\" alt=\"Calantha Wollny, TV-Bekanntheit\" width=\"854\" height=\"480\" decoding=\"async\"  loading=\"lazy\" style=\"background-size:cover;background-position:50% 50%;background-repeat:no-repeat;background-image:url(&quot;data:image\/svg+xml;charset=utf-8,%3Csvg xmlns='http:\/\/www.w3.org\/2000\/svg' viewBox='0 0 640 640'%3E%3Cfilter id='b' color-interpolation-filters='sRGB'%3E%3CfeGaussianBlur stdDeviation='20'\/%3E%3CfeColorMatrix values='1 0 0 0 0 0 1 0 0 0 0 0 1 0 0 0 0 0 100 -1' result='s'\/%3E%3CfeFlood x='0' y='0' width='100%25' height='100%25'\/%3E%3CfeComposite operator='out' in='s'\/%3E%3CfeComposite in2='SourceGraphic'\/%3E%3CfeGaussianBlur stdDeviation='20'\/%3E%3C\/filter%3E%3Cimage width='100%25' height='100%25' x='0' y='0' preserveAspectRatio='none' style='filter: url(%23b);' href='data:image\/png;base64,iVBORw0KGgoAAAANSUhEUgAAABAAAAAQCAYAAAAf8\/9hAAAEG0lEQVR4AQEQBO\/7AAkrAP8QLgD\/HzQA\/y46AP88QAT\/S0Mc\/1lFLP9oSDv\/dk9J\/4NZWP+RaGf\/nXl2\/6eLg\/+wmo7\/t6aW\/7utm\/8AEi0A\/xcvAP8hMwD\/LjkA\/zw9AP9LQRf\/WUQq\/2hIOv93T0r\/hFtZ\/5FpaP+denb\/p4qC\/6+YjP+1pJT\/uauY\/wAiMAD\/IzEA\/ygyAP8wNAD\/PDcA\/0o6Bv9aPyX\/akc5\/3lRS\/+IXlv\/lGxp\/557df+niH\/\/rZSH\/7Gdjf+zo5D\/ADE1AP8wNAD\/MDEA\/zQtAP89LAD\/SzAA\/1w6Hv9uRzn\/flVN\/41kXv+YcWv\/oX11\/6aGfP+qjoH\/q5OE\/6yXhf8APTkA\/zw3AP85MAD\/OSYA\/0AgAP9OJQD\/YDYZ\/3NJOv+FW1H\/k2ti\/553bv+lgHb\/p4Z6\/6eIe\/+liXr\/o4l5\/wBIPQD\/RjkA\/0IwAP9AIgD\/RhcA\/1MhAP9mNx7\/ek4\/\/41jVv+bc2b\/pX9y\/6qFeP+qh3r\/poV4\/6GCdf+df3L\/AFA\/AP9OOwD\/SjEA\/0kkAP9OHQD\/XCkA\/28\/Kv+DV0b\/lWtb\/6N7a\/+shXb\/r4p7\/62KfP+ohnr\/oYB2\/5p7cv8AVT8O\/1Q8Cf9SNQD\/Ui0A\/1gsAP9mOCD\/eEw5\/4tgT\/+cc2H\/qoJv\/7KLef+0j3\/\/so+B\/6uLgP+khX7\/nX97\/wBZPxn\/WT4Z\/1k7Gv9bOh\/\/Yz4q\/3FJOP+BWUj\/k2pX\/6J5Zv+uhnL\/tY98\/7iTgv+2lIf\/sJKJ\/6mOiv+ji4r\/AFs\/If9cQCT\/XkIr\/2RHNf9uTz\/\/e1lK\/4plVP+Ycl\/\/pX1p\/7CHcv+2j3z\/uZWE\/7iYjP+0mZL\/sJqX\/6yZmv8AXD8n\/15CLP9jSTf\/bFNE\/3ddT\/+EZ1j\/kG9e\/5x3ZP+mfmn\/rYVw\/7OMef+2k4T\/t5qP\/7egmf+2pKL\/taen\/wBcQSz\/X0Yz\/2hRQf9zXk\/\/f2lb\/4txYv+Ud2b\/nHpn\/6J8aP+of2v\/rIV0\/7COgP+0mY\/\/t6Se\/7qtqv+8s7L\/AFtEMP9gSjf\/a1hH\/3lmV\/+GcmP\/kHlq\/5d7a\/+aemj\/nHdk\/552ZP+ie2z\/p4d7\/66Wjf+2pqD\/vbOv\/8G8uf8AW0cz\/2FOO\/9uXUz\/fW1d\/4t5af+Tf27\/l35t\/5d4Z\/+Vb1\/\/k2pb\/5VuYv+bfXP\/ppGJ\/7Kln\/+9t7H\/xcK8\/wBbSzX\/YVI+\/3BiUP+BcmH\/jn1t\/5WCcf+Xf27\/k3Vl\/41oWf+HXlH\/h2FY\/5BybP+ei4X\/rqSd\/724sf\/Gxb3\/AFtNNv9iVD\/\/cWRR\/4J1Y\/+QgG\/\/loRz\/5Z\/b\/+QcmP\/hmFU\/35USv99VlD\/h2pl\/5iHgf+ro5v\/vLmw\/8fHvv\/Kyj+fX2R05AAAAABJRU5ErkJggg=='\/%3E%3C\/svg%3E&quot;)\" src=\"https:\/\/www.europesays.com\/de\/wp-content\/uploads\/2025\/07\/calantha-wollny-macht-ein-selfie-14.jpg\" fetchpriority=\"auto\"\/>Instagram \/ calantha_official<img decoding=\"async\" alt=\"Bilder Gallerie Button\" class=\"absolute bottom-[7px] right-[3px] w-[54px] h-[54px] group-hover:scale-110 transition-transform duration-300\" src=\"https:\/\/www.europesays.com\/de\/wp-content\/uploads\/2025\/03\/galerie_button.png\" loading=\"lazy\"\/>Calantha Wollny, TV-Bekanntheit<img class=\"top-0  absolute h-full w-full object-cover\" alt=\"Die Wollnys\" width=\"854\" height=\"480\" decoding=\"async\"  loading=\"lazy\" style=\"background-size:cover;background-position:50% 50%;background-repeat:no-repeat;background-image:url(&quot;data:image\/svg+xml;charset=utf-8,%3Csvg xmlns='http:\/\/www.w3.org\/2000\/svg' viewBox='0 0 640 640'%3E%3Cfilter id='b' color-interpolation-filters='sRGB'%3E%3CfeGaussianBlur stdDeviation='20'\/%3E%3CfeColorMatrix values='1 0 0 0 0 0 1 0 0 0 0 0 1 0 0 0 0 0 100 -1' result='s'\/%3E%3CfeFlood x='0' y='0' width='100%25' height='100%25'\/%3E%3CfeComposite operator='out' in='s'\/%3E%3CfeComposite in2='SourceGraphic'\/%3E%3CfeGaussianBlur stdDeviation='20'\/%3E%3C\/filter%3E%3Cimage width='100%25' height='100%25' x='0' y='0' preserveAspectRatio='none' style='filter: url(%23b);' href='data:image\/png;base64,iVBORw0KGgoAAAANSUhEUgAAABAAAAAQCAYAAAAf8\/9hAAAEG0lEQVR4AQEQBO\/7ANvQyv\/b0cr\/29LK\/9zTyf\/d1Mj\/3dTH\/93Txv\/d0cT\/3M7B\/9rLvv\/Xx7r\/08O3\/8\/As\/\/MvbD\/ybyt\/8e7q\/8A3dLL\/93Sy\/\/d08r\/3dTK\/97Uyf\/e1Mj\/3tPG\/93RxP\/czsH\/2su+\/9jIu\/\/UxLj\/0cG0\/82\/sf\/Lva7\/ybyt\/wDi1c3\/4dXN\/+HVzP\/g1cv\/39TK\/9\/UyP\/e0sb\/3dDE\/9zOwv\/bzL\/\/2cm8\/9fHuv\/UxLf\/0cK0\/8\/Bsv\/NwLH\/AOfZz\/\/m2M7\/5dfN\/+PWzP\/h1Mr\/39LH\/93Qxf\/czsP\/3M3B\/9vLv\/\/ayr3\/2ci7\/9fHuf\/Vxbf\/1MS2\/9PDtf8A6tnO\/+nZzf\/n18z\/5NTK\/+DRx\/\/dzsT\/28vB\/9nJv\/\/YyL3\/2Mi7\/9nHuv\/Yx7n\/2Ma4\/9fFt\/\/WxLb\/1cS2\/wDp1sj\/6NXI\/+XSxv\/hz8T\/3cvA\/9jGvf\/Vw7r\/08G3\/9K\/tP\/Tv7L\/07+x\/9TAsf\/UwLH\/1MCx\/9TAsv\/TwLL\/AOTNvv\/izL3\/38q8\/9vGuf\/Wwbb\/0byy\/824rv\/Ktar\/ybOn\/8mypf\/KsqP\/y7Oj\/8u0pP\/MtqX\/y7en\/8u3qP8A2cCv\/9i\/r\/\/Vva7\/0bqs\/8y1qf\/HsaX\/wqug\/7+nm\/+9o5b\/vaCS\/72gkP++oZD\/vqOR\/76mk\/++qJb\/vqqY\/wDNsaD\/zLGf\/8qwn\/\/Grp7\/wqub\/72ml\/+5oJL\/tZqM\/7OUhf+xj3\/\/sIx7\/7CMev+vj3v\/r5N\/\/66Ygv+um4X\/AMOmlP\/CppT\/wKeV\/76mlf+7pZP\/t6GQ\/7Obiv+vk4P\/rIt6\/6mDcf+nfmv\/pXxo\/6N\/af+hhG3\/oIpy\/6COdf8AvqST\/76llP+9ppX\/vKeV\/7qnlf+3pZL\/tZ+N\/7GYhv+ujn3\/qoVz\/6Z9a\/+iemf\/n3xn\/5yBav+ahm7\/mYty\/wDCrp\/\/wq6g\/8Kwof\/CsqL\/wbKi\/8CxoP++rZv\/u6aV\/7iejf+0lYX\/sI5+\/6uKef+minj\/oox6\/5+QfP+dk3\/\/AM6\/s\/\/OwLT\/zsG0\/87Dtf\/OxLX\/zcOz\/8zAsP\/Ku6v\/yLSl\/8Stn\/\/Ap5n\/u6OV\/7ehk\/+yopP\/rqOU\/6yklf8A3dTJ\/93Uyf\/d1cr\/3dbK\/93Wyf\/d1cj\/3NPF\/9vQwv\/Zy73\/1sa5\/9PCtP\/PvrH\/yruv\/8W5rv\/Bua7\/v7iu\/wDs5tz\/7Obc\/+zm3P\/r5tz\/6+bb\/+vl2f\/q49f\/6uHU\/+je0f\/m287\/49fL\/9\/UyP\/b0cb\/187E\/9PLw\/\/QysP\/APby6f\/28un\/9fHo\/\/Xx5\/\/08Ob\/9O\/l\/\/Tu4\/\/z7eH\/8uve\/\/Ho2\/\/u5tn\/6+LW\/+ff1P\/i29L\/3tjR\/9vW0P\/tijm0NAY0SwAAAABJRU5ErkJggg=='\/%3E%3C\/svg%3E&quot;)\" src=\"https:\/\/www.europesays.com\/de\/wp-content\/uploads\/2025\/07\/die-wollnys-posieren-5.jpg\" fetchpriority=\"auto\"\/>RTLZWEI<img decoding=\"async\" alt=\"Bilder Gallerie Button\" class=\"absolute bottom-[7px] right-[3px] w-[54px] h-[54px] group-hover:scale-110 transition-transform duration-300\" src=\"https:\/\/www.europesays.com\/de\/wp-content\/uploads\/2025\/03\/galerie_button.png\" loading=\"lazy\"\/>Die Wollnys<img class=\"top-0  absolute h-full w-full object-cover\" alt=\"Calantha Wollny, Tochter von Silvia Wollny\" width=\"854\" height=\"480\" decoding=\"async\"  loading=\"lazy\" style=\"background-size:cover;background-position:50% 50%;background-repeat:no-repeat;background-image:url(&quot;data:image\/svg+xml;charset=utf-8,%3Csvg xmlns='http:\/\/www.w3.org\/2000\/svg' viewBox='0 0 640 640'%3E%3Cfilter id='b' color-interpolation-filters='sRGB'%3E%3CfeGaussianBlur stdDeviation='20'\/%3E%3CfeColorMatrix values='1 0 0 0 0 0 1 0 0 0 0 0 1 0 0 0 0 0 100 -1' result='s'\/%3E%3CfeFlood x='0' y='0' width='100%25' height='100%25'\/%3E%3CfeComposite operator='out' in='s'\/%3E%3CfeComposite in2='SourceGraphic'\/%3E%3CfeGaussianBlur stdDeviation='20'\/%3E%3C\/filter%3E%3Cimage width='100%25' height='100%25' x='0' y='0' preserveAspectRatio='none' style='filter: url(%23b);' href='data:image\/png;base64,iVBORw0KGgoAAAANSUhEUgAAABAAAAAQCAYAAAAf8\/9hAAAEG0lEQVR4AQEQBO\/7AJypov+cp5\/\/nKSa\/52gkv+gnYz\/ppyJ\/62fi\/+0pZH\/u6uY\/76vnv++saD\/uK2c\/66mkv+hm4T\/k49z\/4iGZf8Anqii\/56nn\/+dpJr\/np+S\/6GcjP+lm4j\/rJ6K\/7SjkP+6qZj\/va6d\/72vn\/+4rJv\/rqWS\/6KahP+Uj3P\/iYVl\/wCkqKL\/o6af\/6Kimv+hnZL\/opmL\/6aXh\/+rmYn\/sp+P\/7illv+7qZz\/u6ud\/7epmv+vopH\/o5iD\/5eNc\/+NhGX\/AKuoov+qpqD\/qKGa\/6abkv+llYr\/ppKG\/6qTh\/+wmIz\/tZ6U\/7mkmf+6ppv\/tqSY\/6+ekP+llYP\/m4tz\/5KDZv8As6ij\/7Kmof+voZv\/q5mS\/6iSiv+njYX\/qY2F\/66Si\/+zmJL\/t56Y\/7mhmv+2oJf\/sJuP\/6eSgv+diHL\/loBl\/wC6qaX\/uaej\/7WhnP+wmJP\/q4+K\/6mKhf+qiYX\/ro2K\/7OUkf+3mpf\/uZ6Z\/7edl\/+xmI7\/qI+B\/56Fcf+WfGP\/AL+rqP+9qKX\/uaKe\/7OYlf+tjov\/qoiF\/6uHhP+vjIn\/tJOR\/7mal\/+6npr\/uJ2X\/7GXjv+njYD\/m4Fv\/5J3X\/8AwKyp\/76qp\/+5oqD\/s5iV\/62Oi\/+qiIX\/rIeE\/7CMif+2lJH\/u5uX\/7yfmv+4nZb\/r5aN\/6OKff+VfGv\/inBZ\/wC8q6n\/u6mn\/7ain\/+wmJX\/qo6K\/6iIhP+riIP\/sI2J\/7eWkP+7nZf\/u6CZ\/7aelf+slYr\/nId6\/4t2Zf98Z1H\/ALSopv+zpaP\/rp6c\/6iUkv+ki4f\/o4WA\/6aGgP+tjYb\/tJWN\/7idlP+4n5b\/spyR\/6WShv+SgnT\/fG5d\/2lcRf8Ap6Cf\/6WdnP+hlpX\/m42L\/5iEgf+Yf3r\/nYF6\/6SIf\/+skYf\/sJiN\/7Cajv+olor\/mYp+\/4R5a\/9qY1L\/UE02\/wCUkpP\/kpCQ\/46Jif+JgID\/hnh2\/4d0cP+Ndm\/\/ln10\/56GfP+ijYH\/oY+C\/5mKff+JfnH\/cWxe\/1FTQ\/8qOiH\/AHx\/gv96fH\/\/dXZ5\/3BtcP9tZWf\/b2Fh\/3VkYP9\/a2X\/iHRr\/417cP+MfXH\/hHhr\/3NsX\/9ZWUz\/MD4v\/wAaAP8AXGVs\/1pjav9VXGT\/TlJc\/0lJU\/9LRU3\/U0hM\/15QUP9pWlX\/b2FZ\/29jWf9nX1T\/VlNI\/zg\/M\/8AGwf\/AAAA\/wAxRVP\/LkJR\/yI5S\/8KLET\/ABo8\/wALNf8QEjL\/KyQ0\/zwzOP9GPTr\/SEA6\/0E9M\/8tLyX\/AA4A\/wAAAP8AAAD\/AAAaOf8AEjf\/AAAz\/wAAK\/8AACH\/AAAX\/wAADv8AAAv\/AAAM\/wAADP8EAAb\/AAAA\/wAAAP8AAAD\/AAAA\/wAAAP+H53x0+Ey5HQAAAABJRU5ErkJggg=='\/%3E%3C\/svg%3E&quot;)\" src=\"https:\/\/www.europesays.com\/de\/wp-content\/uploads\/2025\/07\/calantha-wollny-schaut-ernst.jpg\" fetchpriority=\"auto\"\/>Instagram \/ randale_caly<img decoding=\"async\" alt=\"Bilder Gallerie Button\" class=\"absolute bottom-[7px] right-[3px] w-[54px] h-[54px] group-hover:scale-110 transition-transform duration-300\" src=\"https:\/\/www.europesays.com\/de\/wp-content\/uploads\/2025\/03\/galerie_button.png\" loading=\"lazy\"\/>Calantha Wollny, Tochter von Silvia Wollny<\/p>\n<p>Was sagt ihr zu Calanthas Forderung, die TV-Show &#8222;Die Wollnys&#8220; abzusetzen?<\/p>\n<p>Ergebnis anzeigen<\/p>\n","protected":false},"excerpt":{"rendered":"Calantha Wollny (24), bekannt aus der Reality-Doku Die Wollnys, hat sich nun \u00f6ffentlich gegen die Show ihrer eigenen&hellip;\n","protected":false},"author":2,"featured_media":252763,"comment_status":"","ping_status":"","sticky":false,"template":"","format":"standard","meta":{"footnotes":""},"categories":[1773],"tags":[29,214,30,471,1780,215],"class_list":{"0":"post-252762","1":"post","2":"type-post","3":"status-publish","4":"format-standard","5":"has-post-thumbnail","7":"category-serien","8":"tag-deutschland","9":"tag-entertainment","10":"tag-germany","11":"tag-serien","12":"tag-series","13":"tag-unterhaltung"},"share_on_mastodon":{"url":"https:\/\/pubeurope.com\/@de\/114819328796371910","error":""},"_links":{"self":[{"href":"https:\/\/www.europesays.com\/de\/wp-json\/wp\/v2\/posts\/252762","targetHints":{"allow":["GET"]}}],"collection":[{"href":"https:\/\/www.europesays.com\/de\/wp-json\/wp\/v2\/posts"}],"about":[{"href":"https:\/\/www.europesays.com\/de\/wp-json\/wp\/v2\/types\/post"}],"author":[{"embeddable":true,"href":"https:\/\/www.europesays.com\/de\/wp-json\/wp\/v2\/users\/2"}],"replies":[{"embeddable":true,"href":"https:\/\/www.europesays.com\/de\/wp-json\/wp\/v2\/comments?post=252762"}],"version-history":[{"count":0,"href":"https:\/\/www.europesays.com\/de\/wp-json\/wp\/v2\/posts\/252762\/revisions"}],"wp:featuredmedia":[{"embeddable":true,"href":"https:\/\/www.europesays.com\/de\/wp-json\/wp\/v2\/media\/252763"}],"wp:attachment":[{"href":"https:\/\/www.europesays.com\/de\/wp-json\/wp\/v2\/media?parent=252762"}],"wp:term":[{"taxonomy":"category","embeddable":true,"href":"https:\/\/www.europesays.com\/de\/wp-json\/wp\/v2\/categories?post=252762"},{"taxonomy":"post_tag","embeddable":true,"href":"https:\/\/www.europesays.com\/de\/wp-json\/wp\/v2\/tags?post=252762"}],"curies":[{"name":"wp","href":"https:\/\/api.w.org\/{rel}","templated":true}]}}