{"id":252924,"date":"2025-07-08T21:10:15","date_gmt":"2025-07-08T21:10:15","guid":{"rendered":"https:\/\/www.europesays.com\/de\/252924\/"},"modified":"2025-07-08T21:10:15","modified_gmt":"2025-07-08T21:10:15","slug":"paulaner-verklagt-berentzen-gerichtsstreit-um-design-der-etiketten-news","status":"publish","type":"post","link":"https:\/\/www.europesays.com\/de\/252924\/","title":{"rendered":"Paulaner verklagt Berentzen: Gerichtsstreit um Design der Etiketten | News"},"content":{"rendered":"<p>M\u00fcnchen \u2013 <b>Die Vertreter der beiden Kontrahenten werden wohl keine Spezis mehr. Vor dem Landgericht M\u00fcnchen stehen sich derzeit die beiden Getr\u00e4nkehersteller Paulaner und Berentzen gegen\u00fcber. Es geht um das Design und die Farben einer Cola-Mix-Flasche. Und auch eine Tapete spielt im Markenstreit eine Rolle. <\/b><\/p>\n<p>Paulaner klagt gegen Berentzen-Design<\/p>\n<p>Ist das Design des von Berentzen vertriebenen Cola-Mischgetr\u00e4nks \u201eMio Mio Cola+Orange Mische\u201c dem der bekannten Paulaner \u201eSpezi\u201c-Flaschen zu \u00e4hnlich? Ja! Das sagt die <a href=\"https:\/\/www.bild.de\/news\/inland\/paulaner-gegen-berentzen-naechste-runde-im-spezi-streit-67800b330e593f6685fccb22\" class=\"text-link\" target=\"_blank\" rel=\"noopener\">Paulaner Brauerei Gruppe und hat deshalb Berentzen verklagt<\/a>. Der Streitwert vor <a href=\"https:\/\/www.bild.de\/themen\/organisationen\/gerichte\/news-fotos-videos-17024270.bild.html\" class=\"text-link\" target=\"_blank\" rel=\"noopener\">Gericht<\/a> liegt bei 250.000 Euro. Die Richter im Saal 301 des Landgerichts nahmen vier Flaschen der beiden Produkte daher genau unter die Lupe. <\/p>\n<p>Wie argumentiert Paulaner? Die M\u00fcnchner Brauerei hat das Wellen-Design seiner Flasche sch\u00fctzen lassen und vertritt die Ansicht, dass das Design von Berentzen dem eigenen zu \u00e4hnlich ist. Auch die Farben seien teilweise mit blo\u00dfem Auge nicht zu unterscheiden. <\/p>\n<p><img decoding=\"async\" width=\"992\" height=\"558\" alt=\"Flie\u00dfendes Design, knallige Farben: das Design der \u201eSpezi\u201c-Flaschen von Paulaner.\" src=\"https:\/\/www.europesays.com\/de\/wp-content\/uploads\/2025\/07\/d34a1ee2fa2498673f6bf91272f47518,d708c86c\"   class=\"landscape\" loading=\"lazy\"\/><\/p>\n<p class=\"fig__caption__text\">Flie\u00dfendes Design, knallige Farben: das Design der \u201eSpezi\u201c-Flaschen von Paulaner. <\/p>\n<p>Foto: Lennart Preiss\/dpa<\/p>\n<p>Studenten-Tapete inspirierte Flaschen-Gestaltung <\/p>\n<p>Wie verteidigt sich Berentzen? Farbenfrohe Gestaltung, so argumentiert der <a href=\"https:\/\/www.bild.de\/themen\/specials\/getraenke\/news-fotos-videos-17007662.bild.html\" class=\"text-link\" target=\"_blank\" rel=\"noopener\">Getr\u00e4nke<\/a>-Konzern, sei doch bei Cola-Mix-Getr\u00e4nken wirklich keine Seltenheit. Und au\u00dferdem seien auf dem Etikett der \u201eMio Mio\u201c-Flaschen keine Wellen zu sehen \u2013 sondern Kreise abgebildet. Und wo die herkommen, das schildert Berentzen dann auch gleich: von einer Tapete im ehemaligen Studentenzimmer des heutigen Marketingchefs. <\/p>\n<p>Lesen Sie auch<\/p>\n<p>Paulaner hat seine Konkurrenz wegen des Spezi-Designs schon einmal verklagt. Es war im M\u00e4rz, als das Landgericht in einem \u00e4hnlichen Fall zugunsten der M\u00fcnchner entschied: Hierbei ging es um <a href=\"https:\/\/www.bild.de\/regional\/bayern\/spezi-streit-paulaner-siegt-gegen-brauer-limo-im-etiketten-prozess-67e3096176e29254535e7c66\" class=\"text-link\" target=\"_blank\" rel=\"noopener\">die \u201eBrauerlimo\u201c der Homburger Karlsberg Brauerei<\/a>.<\/p>\n<p>Das Urteil soll am 5. August verk\u00fcndet werden<\/p>\n<p>Und wie stehen die Chancen f\u00fcr die M\u00fcnchner im aktuellen Rechtsstreit? Der Ausgang soll relativ offen sein \u2013 vieldeutig sagte der Vorsitzende Richter Vincent Mayr laut Deutscher Presseagentur (dpa) am Ende der m\u00fcndlichen Verhandlung: \u201eEs kann so oder so ausgehen.\u201c Das <a href=\"https:\/\/www.bild.de\/themen\/ereignisse\/gerichtliche-entscheidung\/news-fotos-videos-17024538.bild.html\" class=\"text-link\" target=\"_blank\" rel=\"noopener\">Urteil<\/a> will er am 5. August verk\u00fcnden. <\/p>\n","protected":false},"excerpt":{"rendered":"M\u00fcnchen \u2013 Die Vertreter der beiden Kontrahenten werden wohl keine Spezis mehr. Vor dem Landgericht M\u00fcnchen stehen sich&hellip;\n","protected":false},"author":2,"featured_media":252925,"comment_status":"","ping_status":"","sticky":false,"template":"","format":"standard","meta":{"footnotes":""},"categories":[134],"tags":[25623,175,170,169,29,30,2553,171,174,1268,61222,1269,15293,45,173,172],"class_list":{"0":"post-252924","1":"post","2":"type-post","3":"status-publish","4":"format-standard","5":"has-post-thumbnail","7":"category-unternehmen-maerkte","8":"tag-brauereien","9":"tag-business","10":"tag-companies","11":"tag-companies-markets","12":"tag-deutschland","13":"tag-germany","14":"tag-landgericht-muenchen","15":"tag-markets","16":"tag-maerkte","17":"tag-muenchen","18":"tag-paulaner-brauerei","19":"tag-prozess","20":"tag-rechtsstreit","21":"tag-texttospeech","22":"tag-unternehmen","23":"tag-unternehmen-maerkte"},"share_on_mastodon":{"url":"https:\/\/pubeurope.com\/@de\/114819670428625423","error":""},"_links":{"self":[{"href":"https:\/\/www.europesays.com\/de\/wp-json\/wp\/v2\/posts\/252924","targetHints":{"allow":["GET"]}}],"collection":[{"href":"https:\/\/www.europesays.com\/de\/wp-json\/wp\/v2\/posts"}],"about":[{"href":"https:\/\/www.europesays.com\/de\/wp-json\/wp\/v2\/types\/post"}],"author":[{"embeddable":true,"href":"https:\/\/www.europesays.com\/de\/wp-json\/wp\/v2\/users\/2"}],"replies":[{"embeddable":true,"href":"https:\/\/www.europesays.com\/de\/wp-json\/wp\/v2\/comments?post=252924"}],"version-history":[{"count":0,"href":"https:\/\/www.europesays.com\/de\/wp-json\/wp\/v2\/posts\/252924\/revisions"}],"wp:featuredmedia":[{"embeddable":true,"href":"https:\/\/www.europesays.com\/de\/wp-json\/wp\/v2\/media\/252925"}],"wp:attachment":[{"href":"https:\/\/www.europesays.com\/de\/wp-json\/wp\/v2\/media?parent=252924"}],"wp:term":[{"taxonomy":"category","embeddable":true,"href":"https:\/\/www.europesays.com\/de\/wp-json\/wp\/v2\/categories?post=252924"},{"taxonomy":"post_tag","embeddable":true,"href":"https:\/\/www.europesays.com\/de\/wp-json\/wp\/v2\/tags?post=252924"}],"curies":[{"name":"wp","href":"https:\/\/api.w.org\/{rel}","templated":true}]}}