{"id":253007,"date":"2025-07-08T21:55:16","date_gmt":"2025-07-08T21:55:16","guid":{"rendered":"https:\/\/www.europesays.com\/de\/253007\/"},"modified":"2025-07-08T21:55:16","modified_gmt":"2025-07-08T21:55:16","slug":"niedersachsen-bremen-jugendlicher-muss-nach-amokalarm-fuer-polizeieinsatz-zahlen","status":"publish","type":"post","link":"https:\/\/www.europesays.com\/de\/253007\/","title":{"rendered":"Niedersachsen &#038; Bremen: Jugendlicher muss nach Amokalarm f\u00fcr Polizeieinsatz zahlen"},"content":{"rendered":"<p>                    Niedersachsen &amp; Bremen<br \/>\n                Jugendlicher muss nach Amokalarm f\u00fcr Polizeieinsatz zahlen<\/p>\n<p>\t\t\t\t              08.07.2025, 17:42 Uhr<\/p>\n<p><strong>Ein Jugendlicher hantiert mit einer Softair-Pistole auf einem Schulhof. Die Schule l\u00f6st Amokalarm aus, die Polizei r\u00fcckt an. Jetzt soll er 10.000 Euro zahlen \u2013 laut Gericht zu Recht.<\/strong><\/p>\n<p>Osnabr\u00fcck (dpa\/lni) &#8211; Nach dem Gro\u00dfeinsatz an einem Osnabr\u00fccker Schulzentrum im Herbst 2023 muss ein Jugendlicher 10.000 Euro f\u00fcr den Polizeieinsatz zahlen. Das Verwaltungsgericht Osnabr\u00fcck wies seine Klage gegen einen entsprechenden Geb\u00fchrenbescheid der Polizeidirektion ab, wie das Gericht mitteilte.<\/p>\n<p>Der damals 14-J\u00e4hrige war kein Sch\u00fcler des betroffenen Schulzentrums, hielt sich am Vormittag des 28. September 2023 aber auf dem Schulhof auf und hantierte dort mit einer t\u00e4uschend echt wirkenden Softair-Pistole. Die schwarze Plastikwaffe imitierte ein halbautomatisches Modell, der Lauf war innen rot gef\u00e4rbt. Ein Lehrer entdeckte die Szene aus einem Nachbargeb\u00e4ude. Kurz darauf wurden der Amokalarm ausgel\u00f6st, Klassenzimmer verriegelt und die Polizei informiert.<\/p>\n<p>Spielzeug mit echtem Schrecken<\/p>\n<p>Der Vorfall l\u00f6ste einen der gr\u00f6\u00dften Schuleins\u00e4tze in der Stadt seit Jahren aus: Stra\u00dfen wurden gesperrt, das Schulzentrum weitr\u00e4umig abgeriegelt, Spezialkr\u00e4fte durchsuchten das Geb\u00e4ude, ein Polizeihubschrauber kreiste \u00fcber dem Viertel. Eltern, Sch\u00fcler und Lehrer wurden psychologisch betreut. Wenig sp\u00e4ter nahm die Polizei den Sch\u00fcler und einen Freund au\u00dferhalb des Gel\u00e4ndes fest.<\/p>\n<p>Im M\u00e4rz 2024 wurde der Jugendliche vom Amtsgericht Osnabr\u00fcck wegen St\u00f6rung des \u00f6ffentlichen Friedens und Bedrohung verurteilt. Die Polizei stellte ihm daraufhin im November einen Geb\u00fchrenbescheid \u00fcber 10.000 Euro aus.<\/p>\n<p>Das Verwaltungsgericht sieht die Forderung als rechtm\u00e4\u00dfig an: Der Jugendliche habe eine Gefahrenlage vorget\u00e4uscht und die Folgen billigend in Kauf genommen. Die eingesetzte Waffe sei aus rund 15 Metern kaum von einer echten zu unterscheiden gewesen. Die Polizei habe rechtm\u00e4\u00dfig gehandelt, um Gefahren abzuwehren und das sei geb\u00fchrenpflichtig.<\/p>\n<p>Die Geb\u00fchren seien durch eine gesetzliche Obergrenze gedeckelt und in ihrer H\u00f6he nicht zu beanstanden, so das Gericht. Das Urteil ist noch nicht rechtskr\u00e4ftig. Der Sch\u00fcler kann innerhalb eines Monats Berufung beim nieders\u00e4chsischen Oberverwaltungsgericht einlegen.<\/p>\n","protected":false},"excerpt":{"rendered":"Niedersachsen &amp; Bremen Jugendlicher muss nach Amokalarm f\u00fcr Polizeieinsatz zahlen 08.07.2025, 17:42 Uhr Ein Jugendlicher hantiert mit einer&hellip;\n","protected":false},"author":2,"featured_media":253008,"comment_status":"","ping_status":"","sticky":false,"template":"","format":"standard","meta":{"footnotes":""},"categories":[1824],"tags":[77480,2420,3364,29,30,4579,1411,4908],"class_list":{"0":"post-253007","1":"post","2":"type-post","3":"status-publish","4":"format-standard","5":"has-post-thumbnail","7":"category-bremen","8":"tag-amokalarm","9":"tag-bremen","10":"tag-de","11":"tag-deutschland","12":"tag-germany","13":"tag-jugendlicher","14":"tag-niedersachsen","15":"tag-polizeieinsatz"},"share_on_mastodon":{"url":"https:\/\/pubeurope.com\/@de\/114819846955077473","error":""},"_links":{"self":[{"href":"https:\/\/www.europesays.com\/de\/wp-json\/wp\/v2\/posts\/253007","targetHints":{"allow":["GET"]}}],"collection":[{"href":"https:\/\/www.europesays.com\/de\/wp-json\/wp\/v2\/posts"}],"about":[{"href":"https:\/\/www.europesays.com\/de\/wp-json\/wp\/v2\/types\/post"}],"author":[{"embeddable":true,"href":"https:\/\/www.europesays.com\/de\/wp-json\/wp\/v2\/users\/2"}],"replies":[{"embeddable":true,"href":"https:\/\/www.europesays.com\/de\/wp-json\/wp\/v2\/comments?post=253007"}],"version-history":[{"count":0,"href":"https:\/\/www.europesays.com\/de\/wp-json\/wp\/v2\/posts\/253007\/revisions"}],"wp:featuredmedia":[{"embeddable":true,"href":"https:\/\/www.europesays.com\/de\/wp-json\/wp\/v2\/media\/253008"}],"wp:attachment":[{"href":"https:\/\/www.europesays.com\/de\/wp-json\/wp\/v2\/media?parent=253007"}],"wp:term":[{"taxonomy":"category","embeddable":true,"href":"https:\/\/www.europesays.com\/de\/wp-json\/wp\/v2\/categories?post=253007"},{"taxonomy":"post_tag","embeddable":true,"href":"https:\/\/www.europesays.com\/de\/wp-json\/wp\/v2\/tags?post=253007"}],"curies":[{"name":"wp","href":"https:\/\/api.w.org\/{rel}","templated":true}]}}