{"id":253037,"date":"2025-07-08T22:10:16","date_gmt":"2025-07-08T22:10:16","guid":{"rendered":"https:\/\/www.europesays.com\/de\/253037\/"},"modified":"2025-07-08T22:10:16","modified_gmt":"2025-07-08T22:10:16","slug":"muenchen-heute-nachrichten-vom-08-07-2025-muenchen","status":"publish","type":"post","link":"https:\/\/www.europesays.com\/de\/253037\/","title":{"rendered":"M\u00fcnchen heute &#8211; Nachrichten vom 08.07.2025 &#8211; M\u00fcnchen"},"content":{"rendered":"<p data-manual=\"teaserText\" data-schema-org-speakable=\"true\">M\u00fcnchner Wiesnwirte bekommen Michelin-Stern, bei der Brandserie k\u00f6nnte es sich um hybride Kriegsf\u00fchrung handeln, aus dem ehemaligen Karstadt Sport wird Herzog Max und mehr.<\/p>\n<p data-manual=\"paragraph\" data-schema-org-speakable=\"true\" class=\"css-1ylqqlw\"><strong>DER TAG IN <\/strong><strong><a href=\"https:\/\/www.sueddeutsche.de\/thema\/M%C3%BCnchen\" target=\"_blank\" rel=\"noopener\">M\u00dcNCHEN<\/a><\/strong><\/p>\n<p data-manual=\"paragraph\" data-schema-org-speakable=\"true\" class=\"css-1ylqqlw\"><strong>Wie sich M\u00fcnchner Wiesnwirte einen Michelin-Stern erobern<\/strong> Lukas Adebahr arbeitet seit 2020 im Restaurant \u201e1804 Hirschau\u201c mitten im Englischen Garten. In diesem Jahr hat er sich nun den \u201eOscar\u201c der Gastronomie erkocht \u2013 mit seinem \u201eFarm-to-Table\u201c-Konzept. <a href=\"https:\/\/www.sueddeutsche.de\/muenchen\/muenchen-wiesnwirte-michelin-stern-1804-hirschau-li.3278503\" target=\"_blank\" rel=\"noopener\">Was es damit auf sich hat und welche Rolle dabei L\u00f6wenbr\u00e4u-Festwirte spielen. (SZ Plus)<\/a><\/p>\n<p data-manual=\"paragraph\" data-schema-org-speakable=\"true\" class=\"css-1ylqqlw\"><strong>\u201eAngriff auf den Staat\u201c: Stecken Agenten hinter der mysteri\u00f6sen Brandserie in M\u00fcnchen?<\/strong> Zwei Ermittlungsgruppen, 10 000 Euro Belohnung, aber offenbar immer noch keine hei\u00dfe Spur: <a href=\"https:\/\/www.sueddeutsche.de\/muenchen\/brandanschlaege-polizeistationen-muenchen-sabotage-ermittlungen-li.3274530\" target=\"_blank\" rel=\"noopener\">Inzwischen schlie\u00dfen die Sicherheitsbeh\u00f6rden nicht aus, dass es sich bei der Brandreihe in M\u00fcnchen um hybride Kriegsf\u00fchrung handelt. (SZ Plus)<\/a><\/p>\n<p data-manual=\"paragraph\" data-schema-org-speakable=\"true\" class=\"css-1ylqqlw\"><strong>Eine Immobilie, die zum Vorbild f\u00fcr deutsche Innenst\u00e4dte werden k\u00f6nnte<\/strong> Kaufh\u00e4user ziehen kaum noch. Deswegen haben Investoren den fr\u00fcheren Karstadt Sport umgebaut. <a href=\"https:\/\/www.sueddeutsche.de\/muenchen\/muenchen-fussgaengerzone-karstadt-sport-herzog-max-new-balance-umbau-li.3275311\" target=\"_blank\" rel=\"noopener\">Wer nun dort einzieht und auf welche \u00dcberraschung aus der Stadtgeschichte die Arbeiter stie\u00dfen. (SZ Plus)<\/a><\/p>\n<p data-manual=\"paragraph\" data-schema-org-speakable=\"true\" class=\"css-1ylqqlw\"><strong>Sind sich diese Flaschen zu \u00e4hnlich?<\/strong> Paulaner meint, Berentzen kopiere das Design seiner Spezi-Flaschen, und klagt. <a href=\"https:\/\/www.sueddeutsche.de\/muenchen\/muenchen-paulaner-berentzen-spezi-design-prozess-li.3281187\" target=\"_blank\" rel=\"noopener\">Der Streitwert liegt bei einer Viertelmillion Euro.<\/a><\/p>\n<p data-manual=\"paragraph\" data-schema-org-speakable=\"true\" class=\"css-1ylqqlw\"><strong>Jonas Kaufmann ist jetzt Opa<\/strong> Der Startenor hat eine Enkelin bekommen. Der 55-j\u00e4hrige geb\u00fcrtige M\u00fcnchner gilt als Familienmensch \u2013 <a href=\"https:\/\/www.sueddeutsche.de\/muenchen\/jonas-kaufmann-opa-enkelin-li.3281735\" target=\"_blank\" rel=\"noopener\">obwohl das viele berufliche Reisen wohl oft auf Kosten seiner Familie ging.<\/a><\/p>\n<p data-manual=\"paragraph\" data-schema-org-speakable=\"true\" class=\"css-1ylqqlw\"><strong>WEITERE NACHRICHTEN<\/strong><\/p>\n<p data-manual=\"paragraph\" data-schema-org-speakable=\"true\" class=\"css-1ylqqlw\"><strong>\u201eRudelsingen\u201c auf dem Tollwood<\/strong> <a href=\"https:\/\/www.sueddeutsche.de\/muenchen\/muenchen-harald-schmidt-tollwood-rudelsingen-kritik-li.3277689\" target=\"_blank\" rel=\"noopener\">Harald Schmidt probt schon mal f\u00fcrs Feldtheater<\/a><\/p>\n<p data-manual=\"paragraph\" data-schema-org-speakable=\"true\" class=\"css-1ylqqlw\"><strong>Dachau<\/strong> <a href=\"https:\/\/www.sueddeutsche.de\/muenchen\/dachau\/dachau-autos-zerkratzt-neunjaehriger-zeugen-gesucht-li.3281480\" target=\"_blank\" rel=\"noopener\">Neunj\u00e4hriger zerkratzt Autos \u2013 mehrere Zehntausend Euro Schaden<\/a><\/p>\n<p data-manual=\"paragraph\" data-schema-org-speakable=\"true\" class=\"css-1ylqqlw\"><strong>M\u00fcnchner Nordfriedhof<\/strong> <a href=\"https:\/\/www.sueddeutsche.de\/muenchen\/muenchen-nordfriedhof-schwabing-ueberfall-halskette-li.3281587\" target=\"_blank\" rel=\"noopener\">Friedhofsbesucherin wird Opfer eines Halsketten-R\u00e4ubers<\/a><\/p>\n<p data-manual=\"paragraph\" data-schema-org-speakable=\"true\" class=\"css-1ylqqlw\"><strong>Klassik-Veranstaltungen<\/strong> <a href=\"https:\/\/www.sueddeutsche.de\/muenchen\/klassik-am-odeonsplatz-freiluftkonzerte-bayerisches-staatsorchester-muenchner-philharmoniker-symphonieorchester-des-bayerischen-rundfunks-li.3264831\" target=\"_blank\" rel=\"noopener\">Es gibt noch Karten f\u00fcr Klassik am Odeonsplatz<\/a><\/p>\n<p data-manual=\"paragraph\" data-schema-org-speakable=\"true\" class=\"css-1ylqqlw\"><strong>M\u00dcNCHEN ERLESEN<\/strong><\/p>\n<p><a href=\"https:\/\/www.sueddeutsche.de\/muenchen\/ignaz-von-doellinger-muenchen-lmu-papst-gegner-li.3263431\" aria-label=\"Artikelverlinkung:\" data-track-szde=\"{&quot;event&quot;:&quot;teaser_clicked&quot;,&quot;teaser_clicked&quot;:{&quot;article_title&quot;:&quot;der_priester_der_sich_mit_dem_papst_anlegte&quot;,&quot;doctype&quot;:&quot;&quot;,&quot;label&quot;:&quot;szplus&quot;,&quot;main_topic&quot;:&quot;geschichte_muenchens&quot;,&quot;object_id&quot;:&quot;li.3263431&quot;,&quot;pcat&quot;:&quot;paid&quot;,&quot;section&quot;:&quot;muenchen&quot;,&quot;teaser_type&quot;:&quot;article_teaser_top&quot;}}\" data-manual=\"teaser-url\" data-tb-link=\"\" aria-labelledby=\"teaser-httpswwwsueddeutschedemuenchenignaz-von-doellinger-muenchen-lmu-papst-gegner-li3263431\" class=\"css-14tg8sh\" target=\"_blank\" rel=\"noopener\"><img decoding=\"async\" src=\"https:\/\/www.europesays.com\/de\/wp-content\/uploads\/2025\/07\/b74b80d0-16dd-450f-9c95-f35dd2bb0566.jpeg\"   alt=\"\" loading=\"lazy\" class=\"css-8atqhb\"\/><\/p>\n<p>Ignaz von D\u00f6llinger<\/p>\n<p>:Der Priester, der sich mit dem Papst anlegte<\/p>\n<p class=\"css-a6ecqs\" data-manual=\"teaser-text\" data-tb-description=\"\" data-schema-org-speakable=\"true\">Der katholische Theologe Ignaz von D\u00f6llinger war ein Streiter gegen den Judenhass seiner Zeit \u2013 und war doch selbst nicht frei davon. Dem Oberhaupt seiner Kirche sprach der Rektor der Ludwig-Maximilians-Universit\u00e4t die Unfehlbarkeit ab.<\/p>\n<p>SZ PlusVon Wolfgang G\u00f6rl<a href=\"https:\/\/www.sueddeutsche.de\/muenchen\/muenchen-maedchenfussball-scoring-girls-teilhabe-li.3270577\" aria-label=\"Artikelverlinkung:\" data-track-szde=\"{&quot;event&quot;:&quot;teaser_clicked&quot;,&quot;teaser_clicked&quot;:{&quot;article_title&quot;:&quot;kick_it_like_lamine_yamal&quot;,&quot;doctype&quot;:&quot;&quot;,&quot;label&quot;:&quot;szplus&quot;,&quot;main_topic&quot;:&quot;leben_und_gesellschaft_in_muenchen&quot;,&quot;object_id&quot;:&quot;li.3270577&quot;,&quot;pcat&quot;:&quot;paid&quot;,&quot;section&quot;:&quot;muenchen&quot;,&quot;teaser_type&quot;:&quot;article_teaser_top&quot;}}\" data-manual=\"teaser-url\" data-tb-link=\"\" aria-labelledby=\"teaser-httpswwwsueddeutschedemuenchenmuenchen-maedchenfussball-scoring-girls-teilhabe-li3270577\" class=\"css-14tg8sh\" target=\"_blank\" rel=\"noopener\"><img decoding=\"async\" src=\"https:\/\/www.europesays.com\/de\/wp-content\/uploads\/2025\/07\/e00f9345-f72d-4418-aa71-3d7aff9b3c4b.jpg\"   alt=\"\" loading=\"lazy\" class=\"css-8atqhb\"\/><\/p>\n<p>M\u00e4dchenfu\u00dfball-Projekt<\/p>\n<p>:Kick it like Lamine Yamal<\/p>\n<p class=\"css-a6ecqs\" data-manual=\"teaser-text\" data-tb-description=\"\" data-schema-org-speakable=\"true\">Bei den M\u00fcnchner \u201eScoring Girls\u201c kommen M\u00e4dchen mit und ohne Migrationshintergrund zusammen. Es geht um Spa\u00df und Gemeinschaft\u00a0\u2013 aber auch darum, jenseits vom Fu\u00dfballfeld einen Platz zu finden.<\/p>\n<p>SZ PlusVon Charlotte Gro\u00df-Hohnacker<\/p>\n<p data-manual=\"paragraph\" data-schema-org-speakable=\"true\" class=\"css-1ylqqlw\"><strong>UNSER KULTURTIPP<\/strong><\/p>\n<p><a href=\"https:\/\/www.sueddeutsche.de\/muenchen\/muenchen-sommernachtstraum-2025-olympiapark-uebersicht-programm-li.3277265\" aria-label=\"Artikelverlinkung:\" data-track-szde=\"{&quot;event&quot;:&quot;teaser_clicked&quot;,&quot;teaser_clicked&quot;:{&quot;article_title&quot;:&quot;was_dieses_jahr_beim_sommernachtstraum_geboten_ist&quot;,&quot;doctype&quot;:&quot;&quot;,&quot;label&quot;:&quot;&quot;,&quot;main_topic&quot;:&quot;freizeit_in_muenchen&quot;,&quot;object_id&quot;:&quot;li.3277265&quot;,&quot;pcat&quot;:&quot;metered&quot;,&quot;section&quot;:&quot;muenchen&quot;,&quot;teaser_type&quot;:&quot;article_teaser_top&quot;}}\" data-manual=\"teaser-url\" data-tb-link=\"\" aria-labelledby=\"teaser-httpswwwsueddeutschedemuenchenmuenchen-sommernachtstraum-2025-olympiapark-uebersicht-programm-li3277265\" class=\"css-14tg8sh\" target=\"_blank\" rel=\"noopener\"><img decoding=\"async\" src=\"https:\/\/www.europesays.com\/de\/wp-content\/uploads\/2025\/07\/fabf7a83-21bd-4cd4-84e5-be8e74871a99.jpeg\"   alt=\"\" loading=\"lazy\" class=\"css-8atqhb\"\/><\/p>\n<p>Olympiapark M\u00fcnchen<\/p>\n<p>:Was dieses Jahr beim \u201eSommernachtstraum\u201c geboten ist<\/p>\n<p class=\"css-a6ecqs\" data-manual=\"teaser-text\" data-tb-description=\"\" data-schema-org-speakable=\"true\">Das Festival feiert am Samstag, 19. Juli, sein 20-j\u00e4hriges Bestehen. Als Headliner tritt der deutsche Singer-Songwriter Max Giesinger auf \u2013 und das beliebte Feuerwerk soll heuer noch spektakul\u00e4rer werden.<\/p>\n<p data-manual=\"paragraph\" data-schema-org-speakable=\"true\" class=\"css-1ylqqlw\"><a href=\"https:\/\/www.sueddeutsche.de\/thema\/Restaurants\" target=\"_blank\" rel=\"noopener\">Restaurants in M\u00fcnchen<\/a> | <a href=\"https:\/\/www.sueddeutsche.de\/thema\/Bars\" target=\"_blank\" rel=\"noopener\">Bars in M\u00fcnchen<\/a> | <a href=\"https:\/\/www.sueddeutsche.de\/thema\/Fr%C3%BChst%C3%BCck_und_Brunch\" target=\"_blank\" rel=\"noopener\">Fr\u00fchst\u00fcck und Brunch<\/a><\/p>\n<p data-manual=\"paragraph\" data-schema-org-speakable=\"true\" class=\"css-1ylqqlw\"><strong>Zu den Landkreisen:<\/strong> <a href=\"https:\/\/www.sueddeutsche.de\/muenchen\/wolfratshausen\" target=\"_blank\" rel=\"noopener\">Bad T\u00f6lz-Wolfratshausen<\/a> | <a href=\"https:\/\/www.sueddeutsche.de\/muenchen\/dachau\" target=\"_blank\" rel=\"noopener\">Dachau<\/a> | <a href=\"https:\/\/www.sueddeutsche.de\/muenchen\/ebersberg\" target=\"_blank\" rel=\"noopener\">Ebersberg<\/a> | <a href=\"https:\/\/www.sueddeutsche.de\/muenchen\/erding\" target=\"_blank\" rel=\"noopener\">Erding<\/a> | <a href=\"https:\/\/www.sueddeutsche.de\/muenchen\/freising\" target=\"_blank\" rel=\"noopener\">Freising<\/a> | <a href=\"https:\/\/www.sueddeutsche.de\/muenchen\/fuerstenfeldbruck\" target=\"_blank\" rel=\"noopener\">F\u00fcrstenfeldbruck<\/a> | <a href=\"https:\/\/www.sueddeutsche.de\/muenchen\/landkreismuenchen\" target=\"_blank\" rel=\"noopener\">M\u00fcnchen<\/a> | <a href=\"https:\/\/www.sueddeutsche.de\/muenchen\/starnberg\" target=\"_blank\" rel=\"noopener\">Starnberg<\/a><\/p>\n","protected":false},"excerpt":{"rendered":"M\u00fcnchner Wiesnwirte bekommen Michelin-Stern, bei der Brandserie k\u00f6nnte es sich um hybride Kriegsf\u00fchrung handeln, aus dem ehemaligen Karstadt&hellip;\n","protected":false},"author":2,"featured_media":2312,"comment_status":"","ping_status":"","sticky":false,"template":"","format":"standard","meta":{"footnotes":""},"categories":[1827],"tags":[772,29,30,1268,2338,2339,149],"class_list":{"0":"post-253037","1":"post","2":"type-post","3":"status-publish","4":"format-standard","5":"has-post-thumbnail","7":"category-muenchen","8":"tag-bayern","9":"tag-deutschland","10":"tag-germany","11":"tag-muenchen","12":"tag-newsletter","13":"tag-oberbayern","14":"tag-sueddeutsche-zeitung"},"share_on_mastodon":{"url":"https:\/\/pubeurope.com\/@de\/114819905987448529","error":""},"_links":{"self":[{"href":"https:\/\/www.europesays.com\/de\/wp-json\/wp\/v2\/posts\/253037","targetHints":{"allow":["GET"]}}],"collection":[{"href":"https:\/\/www.europesays.com\/de\/wp-json\/wp\/v2\/posts"}],"about":[{"href":"https:\/\/www.europesays.com\/de\/wp-json\/wp\/v2\/types\/post"}],"author":[{"embeddable":true,"href":"https:\/\/www.europesays.com\/de\/wp-json\/wp\/v2\/users\/2"}],"replies":[{"embeddable":true,"href":"https:\/\/www.europesays.com\/de\/wp-json\/wp\/v2\/comments?post=253037"}],"version-history":[{"count":0,"href":"https:\/\/www.europesays.com\/de\/wp-json\/wp\/v2\/posts\/253037\/revisions"}],"wp:featuredmedia":[{"embeddable":true,"href":"https:\/\/www.europesays.com\/de\/wp-json\/wp\/v2\/media\/2312"}],"wp:attachment":[{"href":"https:\/\/www.europesays.com\/de\/wp-json\/wp\/v2\/media?parent=253037"}],"wp:term":[{"taxonomy":"category","embeddable":true,"href":"https:\/\/www.europesays.com\/de\/wp-json\/wp\/v2\/categories?post=253037"},{"taxonomy":"post_tag","embeddable":true,"href":"https:\/\/www.europesays.com\/de\/wp-json\/wp\/v2\/tags?post=253037"}],"curies":[{"name":"wp","href":"https:\/\/api.w.org\/{rel}","templated":true}]}}