{"id":253081,"date":"2025-07-08T22:37:18","date_gmt":"2025-07-08T22:37:18","guid":{"rendered":"https:\/\/www.europesays.com\/de\/253081\/"},"modified":"2025-07-08T22:37:18","modified_gmt":"2025-07-08T22:37:18","slug":"halle-in-fischingen-wird-saniert-arbeiten-beginnen-rebland","status":"publish","type":"post","link":"https:\/\/www.europesays.com\/de\/253081\/","title":{"rendered":"Halle in Fischingen wird Saniert: Arbeiten beginnen &#8211; Rebland"},"content":{"rendered":"<p> Seit dem Neubau der Halle im Jahre 1996 wurden noch keine weiteren Unterhaltungsarbeiten am Dachholz vorgenommen, hie\u00df es in der Gemeinderatssitzung in <a href=\"https:\/\/www.schwarzwaelder-bote.de\/thema\/Fischingen\" title=\"Fischingen\" class=\"art_thema\" rel=\"nofollow noopener\" target=\"_blank\">Fischingen<\/a>. Zwei Anfragen an regionale Handwerksfirmen wurden beantwortet. <\/p>\n<p>Ein Anbieter gestaltete sein Angebot getrennt mit Malerarbeiten, ohne Ger\u00fcstaufbau. Der zweite Anbieter offerierte ein Komplettangebot.\u00a0 Es ergab sich ein relativ gro\u00dfer Preisunterschied. Am g\u00fcnstigsten erwies sich die Maler- und Betonsanierungsfirma\u00a0Orth und Sch\u00f6pflin aus L\u00f6rrach\u00a0 mit einem Bruttopreis von gut 6000 Euro, erg\u00e4nzt wurde das Angebot von Ger\u00fcstbauer Wild aus Eimeldingen, der ein Angebot von etwas mehr als 7500 Euro vorlegte. Das zweite Angebot einer Firma belief sich auf einen\u00a0 Komplettpreis in H\u00f6he von rund 27\u200a000 Euro. <\/p>\n<p>Der Rat entschied sich f\u00fcr die Angebote der getrennten Maler- und Ger\u00fcstbauarbeiten. Ortschaftsrat Michael Wild durfte aus Befangenheitsgr\u00fcnden bei der Abstimmung nicht mitwirken, diese verlief einstimmig. <\/p>\n<p>Moick wies darauf hin, dass die Gemeinde haushaltsrechtlich sehr sparsam war. Man habe im Haushalt f\u00fcr die Malerarbeiten grunds\u00e4tzlich einen Betrag von 30\u200a000 Euro eingeplant. Das Herbstfest w\u00fcrde durch die Ger\u00fcste an der Halle nicht beeintr\u00e4chtigt werden, erkl\u00e4rte der B\u00fcrgermeister. Der Start der Arbeiten w\u00fcrde Anfang September erfolgen.<\/p>\n","protected":false},"excerpt":{"rendered":"Seit dem Neubau der Halle im Jahre 1996 wurden noch keine weiteren Unterhaltungsarbeiten am Dachholz vorgenommen, hie\u00df es&hellip;\n","protected":false},"author":2,"featured_media":253082,"comment_status":"","ping_status":"","sticky":false,"template":"","format":"standard","meta":{"footnotes":""},"categories":[1860],"tags":[9784,3364,29,548,663,3934,77492,26064,30,4062,17332,13,3297,77495,14,15,77494,77493,17331,860,12],"class_list":{"0":"post-253081","1":"post","2":"type-post","3":"status-publish","4":"format-standard","5":"has-post-thumbnail","7":"category-halle-saale","8":"tag-dach","9":"tag-de","10":"tag-deutschland","11":"tag-eu","12":"tag-europa","13":"tag-europe","14":"tag-fischingen","15":"tag-gemeinderat","16":"tag-germany","17":"tag-halle","18":"tag-halle-saale","19":"tag-headlines","20":"tag-holz","21":"tag-laeufelberghalle","22":"tag-nachrichten","23":"tag-news","24":"tag-rebland","25":"tag-region-weil","26":"tag-saale","27":"tag-sachsen-anhalt","28":"tag-schlagzeilen"},"share_on_mastodon":{"url":"https:\/\/pubeurope.com\/@de\/114820012096151936","error":""},"_links":{"self":[{"href":"https:\/\/www.europesays.com\/de\/wp-json\/wp\/v2\/posts\/253081","targetHints":{"allow":["GET"]}}],"collection":[{"href":"https:\/\/www.europesays.com\/de\/wp-json\/wp\/v2\/posts"}],"about":[{"href":"https:\/\/www.europesays.com\/de\/wp-json\/wp\/v2\/types\/post"}],"author":[{"embeddable":true,"href":"https:\/\/www.europesays.com\/de\/wp-json\/wp\/v2\/users\/2"}],"replies":[{"embeddable":true,"href":"https:\/\/www.europesays.com\/de\/wp-json\/wp\/v2\/comments?post=253081"}],"version-history":[{"count":0,"href":"https:\/\/www.europesays.com\/de\/wp-json\/wp\/v2\/posts\/253081\/revisions"}],"wp:featuredmedia":[{"embeddable":true,"href":"https:\/\/www.europesays.com\/de\/wp-json\/wp\/v2\/media\/253082"}],"wp:attachment":[{"href":"https:\/\/www.europesays.com\/de\/wp-json\/wp\/v2\/media?parent=253081"}],"wp:term":[{"taxonomy":"category","embeddable":true,"href":"https:\/\/www.europesays.com\/de\/wp-json\/wp\/v2\/categories?post=253081"},{"taxonomy":"post_tag","embeddable":true,"href":"https:\/\/www.europesays.com\/de\/wp-json\/wp\/v2\/tags?post=253081"}],"curies":[{"name":"wp","href":"https:\/\/api.w.org\/{rel}","templated":true}]}}