{"id":253169,"date":"2025-07-08T23:26:10","date_gmt":"2025-07-08T23:26:10","guid":{"rendered":"https:\/\/www.europesays.com\/de\/253169\/"},"modified":"2025-07-08T23:26:10","modified_gmt":"2025-07-08T23:26:10","slug":"staatsrechtler-bewertet-probleme-bei-der-afd","status":"publish","type":"post","link":"https:\/\/www.europesays.com\/de\/253169\/","title":{"rendered":"Staatsrechtler bewertet Probleme bei der AfD"},"content":{"rendered":"<p class=\"text_ohne_einzug richtext text-em-55 !leading-serif mx-6 desktop:mx-0\">Ein eskalierter Streit in der AfD kann weitreichende Folgen f\u00fcr die Partei haben. Kostenpflichtiger Inhalt <a href=\"https:\/\/rp-online.de\/nrw\/staedte\/duesseldorf\/afd-in-duesseldorf-droht-ausschluss-von-wahl-zum-stadtrat_aid-130593585\" rel=\"nofollow noopener\" target=\"_blank\">Ihr droht, dass die bereits eingereichte Reserveliste f\u00fcr die Kommunalwahl ung\u00fcltig ist. <\/a>Wenn das der Fall w\u00e4re, w\u00fcrde die AfD nur im n\u00e4chsten Stadtrat sitzen, falls sich ein Direktkandidat in den 41 Wahlkreisen durchsetzt. Zudem tritt Claus Henning Gahr bei der OB-Wahl an. Der Grund f\u00fcr die Probleme: Das Landesschiedsgericht der Partei hatte entschieden, dass die Neuwahl der Liste nicht \u2013 wie trotzdem geschehen \u2013 am 28. Juni h\u00e4tte stattfinden d\u00fcrfen. Der Staatsrechtler Ulrich Battis stellt auf Nachfrage unserer Redaktion deutlich klar: \u201eDie Urteile von Schiedsgerichten der <a href=\"https:\/\/rp-online.de\/thema\/parteien\/\" rel=\"nofollow noopener\" target=\"_blank\">Parteien<\/a> sind bindend.\u201c<\/p>\n","protected":false},"excerpt":{"rendered":"Ein eskalierter Streit in der AfD kann weitreichende Folgen f\u00fcr die Partei haben. Kostenpflichtiger Inhalt Ihr droht, dass&hellip;\n","protected":false},"author":2,"featured_media":253170,"comment_status":"","ping_status":"","sticky":false,"template":"","format":"standard","meta":{"footnotes":"","_share_on_mastodon":"0"},"categories":[1831],"tags":[186,3364,29,3405,30,10917,19358,1209,2403,73271,77515],"class_list":["post-253169","post","type-post","status-publish","format-standard","has-post-thumbnail","category-duesseldorf","tag-afd","tag-de","tag-deutschland","tag-duesseldorf","tag-germany","tag-kommunalwahl","tag-liste","tag-nordrhein-westfalen","tag-partei","tag-reserveliste","tag-ungueltig"],"share_on_mastodon":{"url":"https:\/\/pubeurope.com\/@de\/114820204795604762","error":""},"_links":{"self":[{"href":"https:\/\/www.europesays.com\/de\/wp-json\/wp\/v2\/posts\/253169","targetHints":{"allow":["GET"]}}],"collection":[{"href":"https:\/\/www.europesays.com\/de\/wp-json\/wp\/v2\/posts"}],"about":[{"href":"https:\/\/www.europesays.com\/de\/wp-json\/wp\/v2\/types\/post"}],"author":[{"embeddable":true,"href":"https:\/\/www.europesays.com\/de\/wp-json\/wp\/v2\/users\/2"}],"replies":[{"embeddable":true,"href":"https:\/\/www.europesays.com\/de\/wp-json\/wp\/v2\/comments?post=253169"}],"version-history":[{"count":0,"href":"https:\/\/www.europesays.com\/de\/wp-json\/wp\/v2\/posts\/253169\/revisions"}],"wp:featuredmedia":[{"embeddable":true,"href":"https:\/\/www.europesays.com\/de\/wp-json\/wp\/v2\/media\/253170"}],"wp:attachment":[{"href":"https:\/\/www.europesays.com\/de\/wp-json\/wp\/v2\/media?parent=253169"}],"wp:term":[{"taxonomy":"category","embeddable":true,"href":"https:\/\/www.europesays.com\/de\/wp-json\/wp\/v2\/categories?post=253169"},{"taxonomy":"post_tag","embeddable":true,"href":"https:\/\/www.europesays.com\/de\/wp-json\/wp\/v2\/tags?post=253169"}],"curies":[{"name":"wp","href":"https:\/\/api.w.org\/{rel}","templated":true}]}}