{"id":253461,"date":"2025-07-09T02:03:09","date_gmt":"2025-07-09T02:03:09","guid":{"rendered":"https:\/\/www.europesays.com\/de\/253461\/"},"modified":"2025-07-09T02:03:09","modified_gmt":"2025-07-09T02:03:09","slug":"leipzig-hoerspielsommer-startet-trotz-eingefrorener-foerdermittel","status":"publish","type":"post","link":"https:\/\/www.europesays.com\/de\/253461\/","title":{"rendered":"Leipzig: H\u00f6rspielsommer startet trotz eingefrorener F\u00f6rdermittel"},"content":{"rendered":"<p class=\"text\">\nDer Leipziger <a href=\"https:\/\/www.mdr.de\/kultur\/kulturpartner-hoerspielsommer-leipzig-102.html\" title=\"Kulturpartner H\u00f6rspielsommer Leipzig\" rel=\"nofollow noopener\" target=\"_blank\">H\u00f6rspielsommer<\/a> beginnt am Mittwochnachmittag mit einem Familienprogramm. Am Abend wird den Veranstaltern zufolge in einer Live-Veranstaltung das  Gewinnerst\u00fcck des G\u00fcnter-Eich-Preises 2024 pr\u00e4sentiert: &#8222;Cyfre oder:Kopf und Zahl&#8220;. Thema des St\u00fccks ist das Bed\u00fcrfnis des Menschen, alles in Zahlen zu messen.\n<\/p>\n<p>H\u00f6rspiele f\u00fcr Kinder und Erwachsene sowie vier Wettbewerbe<\/p>\n<p class=\"text\">\nInsgesamt bietet das Programm H\u00f6rspiele und Live-H\u00f6rspiele f\u00fcr Kinder und Erwachsene, vier verschiedene H\u00f6rspiel-Wettbewerbe sowie Workshops und Begegnungen mit H\u00f6rspielschaffenden aus aller Welt. Ein thematischer Schwerpunkt des Familienprogramms sei das Thema Inklusion, sagt Mitorganisatorin Katharina Gloe. Erstmals k\u00e4me beim sogenannten &#8222;Weckruf&#8220; am Donnerstag fr\u00fch auch Geb\u00e4rdensprache zum Einsatz.\n<\/p>\n<p class=\"text\">\nEin pers\u00f6nliches  Highlight in diesem Jahr ist f\u00fcr Gloe das Abendprogramm &#8222;Lust for Life&#8220; am Freitag, mit St\u00fccken \u00fcber Ikonen wie Iggy Pop und Aljoscha Rompe. &#8222;Wir haben so einen Hang zur Subkultur und Punk&#8220;, sagt Gloe. Sp\u00e4ter am Freitagabend wird der Leipziger Musiker und Regisseur Kai-Uwe Kohlschmidt erwartet, der ein H\u00f6rspiel \u00fcber seine Band Sando pr\u00e4sentieren wird.\n<\/p>\n<p>Festival auf der Picknickdecke<\/p>\n<p class=\"text\">\nDer H\u00f6rspielsommer bleibt auch in diesem Jahr kostenlos und findet wie \u00fcblich als Open-Air-Festival auf auf dem Richard-Wagner-Hain statt, wo die Festivalb\u00fchne und das Info-Zelt stehen. Besucher werden eingeladen, ihre Picknickdecken oder Liegest\u00fchle mitzubringen. &#8222;Mal wird da konzentrierter gelauscht und manchmal rennen auch ganz viele Kinder rum \u2013 und so soll es auch sein&#8220;, beschreibt Katharina Gloe die Festival-Atmosph\u00e4re.\n<\/p>\n<p>Leipziger Verein geht ins Risiko<\/p>\n<p class=\"text\">\nDer Verein H\u00f6rspielsommer e.V. organisiert das Festival ehrenamtlich. Direkt im Vorfeld der 23. Ausgabe wurde bekannt, dass die Stadt Leipzig die <a href=\"https:\/\/www.mdr.de\/nachrichten\/sachsen\/leipzig\/leipzig-leipzig-land\/kulturelle-projekt-foerderung-ausgesetzt-kultur-news-100.html\" title=\"Leipzig: F\u00f6rderung f\u00fcr kulturelle Projekte ausgesetzt\" rel=\"nofollow noopener\" target=\"_blank\">kulturelle Projektf\u00f6rderung einfriert<\/a>. Dadurch konnten Projektmittel nicht ausgezahlt werden. F\u00fcr den Verein kam das \u00fcberraschend und habe zu gro\u00dfer Unsicherheit gef\u00fchrt, berichtet Gloe. Zwar sei bei der F\u00f6rderzusage kommuniziert worden, dass sie unter Vorbehalt st\u00fcnde, aber so kurz vor Festivalbeginn habe man nicht damit gerechnet.\n<\/p>\n<blockquote>\n<p class=\"text\">Wir machen ein Angebot f\u00fcr alle LeipzigerInnen und wir fordern auch, dass das \u00f6ffentlich gef\u00f6rdert und honoriert wird.<\/p>\n<p>Katharina Gloe<br \/>\nH\u00f6rspielsommer e.V.<\/p>\n<\/blockquote>\n<p class=\"text\">\nNach Angaben des Vereins fehlt derzeit rund ein Drittel des Budgets. Eine kurzfristige Absage w\u00e4re jedoch ebenfalls teuer geworden, betont Katharina Gloe. Damit das Festival stattfinden kann, muss nun der Verein ins finanzielle Risiko gehen. Man werde verst\u00e4rkt versuchen, Spenden einzuwerben und freue sich \u00fcber alle G\u00e4ste, die kommen, sagt Gloe. Zudem habe man bereits beim Programm eingespart.\n<\/p>\n<p class=\"text\">\nDas Organisationsteam des H\u00f6rspielsommers baut trotzdem darauf, dass die Projektgelder von Seiten der Stadt noch flie\u00dfen: &#8222;Wir machen ein Angebot f\u00fcr alle Leipziger:innen und wir fordern auch, dass das \u00f6ffentlich gef\u00f6rdert wird und honoriert wird,&#8220; sagte Gloe MDR KULTUR, &#8222;und wir sind nat\u00fcrlich solidarisch mit allen anderen Projekten, die jetzt auch absagen oder einsparen m\u00fcssen.&#8220;\n<\/p>\n<p class=\"text\">\nQuelle: MDR KULTUR, H\u00f6rspielsommer (Katharina Gloe), redaktonelle Bearbeitung: lm<\/p>\n","protected":false},"excerpt":{"rendered":"Der Leipziger H\u00f6rspielsommer beginnt am Mittwochnachmittag mit einem Familienprogramm. Am Abend wird den Veranstaltern zufolge in einer Live-Veranstaltung&hellip;\n","protected":false},"author":2,"featured_media":253462,"comment_status":"","ping_status":"","sticky":false,"template":"","format":"standard","meta":{"footnotes":""},"categories":[1832],"tags":[3364,29,30,77562,77042,3775,66,71,81,7789,859,6857,4454,4412],"class_list":{"0":"post-253461","1":"post","2":"type-post","3":"status-publish","4":"format-standard","5":"has-post-thumbnail","7":"category-leipzig","8":"tag-de","9":"tag-deutschland","10":"tag-germany","11":"tag-hoerspiel","12":"tag-hoerspielsommer","13":"tag-kulturhaushalt","14":"tag-kulturnachrichten","15":"tag-leipzig","16":"tag-mdr","17":"tag-programm","18":"tag-sachsen","19":"tag-spenden","20":"tag-start","21":"tag-wettbewerb"},"share_on_mastodon":{"url":"https:\/\/pubeurope.com\/@de\/114820822084352616","error":""},"_links":{"self":[{"href":"https:\/\/www.europesays.com\/de\/wp-json\/wp\/v2\/posts\/253461","targetHints":{"allow":["GET"]}}],"collection":[{"href":"https:\/\/www.europesays.com\/de\/wp-json\/wp\/v2\/posts"}],"about":[{"href":"https:\/\/www.europesays.com\/de\/wp-json\/wp\/v2\/types\/post"}],"author":[{"embeddable":true,"href":"https:\/\/www.europesays.com\/de\/wp-json\/wp\/v2\/users\/2"}],"replies":[{"embeddable":true,"href":"https:\/\/www.europesays.com\/de\/wp-json\/wp\/v2\/comments?post=253461"}],"version-history":[{"count":0,"href":"https:\/\/www.europesays.com\/de\/wp-json\/wp\/v2\/posts\/253461\/revisions"}],"wp:featuredmedia":[{"embeddable":true,"href":"https:\/\/www.europesays.com\/de\/wp-json\/wp\/v2\/media\/253462"}],"wp:attachment":[{"href":"https:\/\/www.europesays.com\/de\/wp-json\/wp\/v2\/media?parent=253461"}],"wp:term":[{"taxonomy":"category","embeddable":true,"href":"https:\/\/www.europesays.com\/de\/wp-json\/wp\/v2\/categories?post=253461"},{"taxonomy":"post_tag","embeddable":true,"href":"https:\/\/www.europesays.com\/de\/wp-json\/wp\/v2\/tags?post=253461"}],"curies":[{"name":"wp","href":"https:\/\/api.w.org\/{rel}","templated":true}]}}