{"id":253562,"date":"2025-07-09T02:59:12","date_gmt":"2025-07-09T02:59:12","guid":{"rendered":"https:\/\/www.europesays.com\/de\/253562\/"},"modified":"2025-07-09T02:59:12","modified_gmt":"2025-07-09T02:59:12","slug":"trump-kehrtwende-bei-waffenstopp-im-ukraine-krieg-kreml-reagiert","status":"publish","type":"post","link":"https:\/\/www.europesays.com\/de\/253562\/","title":{"rendered":"Trump-Kehrtwende bei Waffenstopp im Ukraine-Krieg \u2013 Kreml reagiert"},"content":{"rendered":"<ol class=\"id-DonaldBreadcrumb lp_west_breadcrumb id-DonaldBreadcrumb--default\" data-k5a-pos=\"west_breadcrumb\">\n<li class=\"id-Breadcrumb-item\"><a href=\"https:\/\/www.hna.de\/\" class=\"id-Breadcrumb-link\" data-id-ec=\"{\" shn=\"\" textlink=\"\" data-k5a-pos=\"1_startseite\" rel=\"nofollow noopener\" target=\"_blank\">Startseite<\/a><\/li>\n<li class=\"id-Breadcrumb-item\"><a href=\"https:\/\/www.hna.de\/politik\/\" class=\"id-Breadcrumb-link\" data-id-ec=\"{\" shn=\"\" textlink=\"\" data-k5a-pos=\"2_politik\" rel=\"nofollow noopener\" target=\"_blank\">Politik<\/a><\/li>\n<\/ol>\n<p class=\"id-Story-timestamp id-Story-timestamp--default\">Stand: 09.07.2025, 04:52 Uhr<\/p>\n<p class=\"id-Story-authors id-Story-authors--default\">Von: <a class=\"id-Story-authors-link lp_west_author\" href=\"https:\/\/www.hna.de\/autor\/franziska-schwarz-0xsjd20io.html\" title=\"Zur Autorenseite von Franziska Schwarz\" data-id-ec=\"{\" shn=\"\" author-link=\"\" schwarz=\"\" data-k5a-pos=\"west_author\" rel=\"nofollow noopener\" target=\"_blank\">Franziska Schwarz<\/a><\/p>\n<p class=\"id-Story-interactionBar id-Story-interactionBar--default\">DruckenTeilen<\/p>\n<p class=\"id-StoryElement-leadText\">Nach dem Waffen-Stopp in den USA schwenkt Donald Trump um. Der Kreml spricht von einem R\u00fcckschritt mit Blick auf ein Ende des Ukraine-Kriegs.<\/p>\n<p class=\"id-StoryElement-paragraph\">Washington. D.C. \u2013 Die <a href=\"https:\/\/www.fr.de\/politik\/ukraine-krieg-trumps-usa-stoppen-zugesagte-waffenlieferung-an-kiew-93813045.html\" class=\"id-import-Link id-pageApi-Link--externalDomain\" data-id-ec=\"{&quot;sht&quot;:&quot;Container&quot;,&quot;shn&quot;:&quot;Story&quot;,&quot;p&quot;:{&quot;containerType&quot;:&quot;Paragraph&quot;,&quot;displayType&quot;:&quot;Paragraph InlineLink&quot;,&quot;type&quot;:&quot;INLINE_LINK&quot;,&quot;value&quot;:&quot;US-Milit&#xE4;rhilfe f&#xFC;r Kiew&quot;,&quot;variant&quot;:&quot;standardLink&quot;,&quot;sponsored&quot;:false,&quot;linkHref&quot;:&quot;https:\/\/www.fr.de\/politik\/ukraine-krieg-trumps-usa-stoppen-zugesagte-waffenlieferung-an-kiew-93813045.html&quot;,&quot;storyElementPosition&quot;:8,&quot;storyElementCount&quot;:27}}\" rel=\"nofollow noopener\" target=\"_blank\">US-Milit\u00e4rhilfe f\u00fcr Kiew<\/a> soll doch weitergehen: Der US-Sondergesandte Keith Kellogg und der ukrainische Verteidigungsminister Rustem Umerow wollen sich Ende dieser Woche auf der Ukraine Recovery Conference in Rom treffen, um die Angelegenheit zu besprechen. Das berichtet Politico.<\/p>\n<p>Ukraine-News: US-Pr\u00e4sident Trump \u201enicht zufrieden\u201c mit Kremlchef Putin<\/p>\n<p class=\"id-StoryElement-paragraph\">Die teilweise ausgesetzten Waffenlieferungen k\u00f6nnten nach der Konferenz wieder aufgenommen werden, sagten zwei mit der Angelegenheit vertraute Personen zu Politico. \u201eWir werden ihnen noch mehr Waffen schicken, die wir haben. Sie m\u00fcssen in der Lage sein, sich zu verteidigen. Sie werden derzeit sehr hart getroffen\u201c,\u00a0zitierte das Portal US-Pr\u00e4sident Donald Trump mit Blick auf die Gefechte in der Ukraine. <\/p>\n<p class=\"id-StoryElement-paragraph\">Trump betonte erneut, dass er <a href=\"https:\/\/www.hna.de\/politik\/ukraine-news-putins-armee-ueberzieht-land-mit-drohnenangriffen-zr-93821220.html\" class=\"id-import-Link\" data-id-ec=\"{&quot;sht&quot;:&quot;Container&quot;,&quot;shn&quot;:&quot;Story&quot;,&quot;p&quot;:{&quot;containerType&quot;:&quot;Paragraph&quot;,&quot;displayType&quot;:&quot;Paragraph InlineLink&quot;,&quot;type&quot;:&quot;INLINE_LINK&quot;,&quot;value&quot;:&quot;&#x201E;nicht zufrieden&#x201C; mit Russlands Pr&#xE4;sident&quot;,&quot;variant&quot;:&quot;standardLink&quot;,&quot;sponsored&quot;:false,&quot;linkHref&quot;:&quot;https:\/\/www.hna.de\/politik\/ukraine-news-putins-armee-ueberzieht-land-mit-drohnenangriffen-zr-93821220.html&quot;,&quot;storyElementPosition&quot;:13,&quot;storyElementCount&quot;:27}}\" rel=\"nofollow noopener\" target=\"_blank\">\u201enicht zufrieden\u201c mit Russlands Pr\u00e4sident<\/a> <a href=\"https:\/\/www.merkur.de\/politik\/wladimir-putin-per42970\/\" class=\"id-import-Link id-pageApi-Link--externalDomain\" title=\"Wladimir Putin\" data-id-ec=\"{&quot;sht&quot;:&quot;Container&quot;,&quot;shn&quot;:&quot;Story&quot;,&quot;p&quot;:{&quot;containerType&quot;:&quot;Paragraph&quot;,&quot;displayType&quot;:&quot;Paragraph InlineLink&quot;,&quot;type&quot;:&quot;INLINE_LINK&quot;,&quot;value&quot;:&quot;Wladimir Putin&quot;,&quot;variant&quot;:&quot;standardLink&quot;,&quot;sponsored&quot;:false,&quot;linkHref&quot;:&quot;https:\/\/www.merkur.de\/politik\/wladimir-putin-per42970\/&quot;,&quot;storyElementPosition&quot;:13,&quot;storyElementCount&quot;:27}}\" rel=\"nofollow noopener\" target=\"_blank\">Wladimir Putin<\/a> sei. Seit seinem Amtsantritt versucht er, <a href=\"https:\/\/www.hna.de\/politik\/ende-des-ukraine-kriegs-trump-treffen-mit-putin-in-kuerze-us-praesident-nach-verhandlungen-zuversichtlich-zr-93580449.html\" class=\"id-import-Link\" data-id-ec=\"{&quot;sht&quot;:&quot;Container&quot;,&quot;shn&quot;:&quot;Story&quot;,&quot;p&quot;:{&quot;containerType&quot;:&quot;Paragraph&quot;,&quot;displayType&quot;:&quot;Paragraph InlineLink&quot;,&quot;type&quot;:&quot;INLINE_LINK&quot;,&quot;value&quot;:&quot;Druck auf Kremlchef Putin&quot;,&quot;variant&quot;:&quot;standardLink&quot;,&quot;sponsored&quot;:false,&quot;linkHref&quot;:&quot;https:\/\/www.hna.de\/politik\/ende-des-ukraine-kriegs-trump-treffen-mit-putin-in-kuerze-us-praesident-nach-verhandlungen-zuversichtlich-zr-93580449.html&quot;,&quot;storyElementPosition&quot;:13,&quot;storyElementCount&quot;:27}}\" rel=\"nofollow noopener\" target=\"_blank\">Druck auf Kremlchef Putin<\/a> auszu\u00fcben, damit dieser die Angriffe auf die Ukraine einstellt \u2013 <a href=\"https:\/\/www.merkur.de\/politik\/ukraine-krieg-trump-droht-putin-mit-der-harten-tour-93530750.html\" class=\"id-import-Link id-pageApi-Link--externalDomain\" data-id-ec=\"{&quot;sht&quot;:&quot;Container&quot;,&quot;shn&quot;:&quot;Story&quot;,&quot;p&quot;:{&quot;containerType&quot;:&quot;Paragraph&quot;,&quot;displayType&quot;:&quot;Paragraph InlineLink&quot;,&quot;type&quot;:&quot;INLINE_LINK&quot;,&quot;value&quot;:&quot;jedoch ohne Erfolg&quot;,&quot;variant&quot;:&quot;standardLink&quot;,&quot;sponsored&quot;:false,&quot;linkHref&quot;:&quot;https:\/\/www.merkur.de\/politik\/ukraine-krieg-trump-droht-putin-mit-der-harten-tour-93530750.html&quot;,&quot;storyElementPosition&quot;:13,&quot;storyElementCount&quot;:27}}\" rel=\"nofollow noopener\" target=\"_blank\">jedoch ohne Erfolg<\/a>.<\/p>\n<p>Trump und Putin: Die Geschichte zweier Pr\u00e4sidenten in Bildern  <img decoding=\"async\" class=\"id-RatioPlaceholder-element wv_story_el_interstitialImage\" src=\"https:\/\/www.europesays.com\/de\/wp-content\/uploads\/2025\/04\/1745822468_454_37459190-wandbild-putin-trump-litauen-2ghkuBEJ4gfe.jpg\" loading=\"lazy\"   height=\"2892\" width=\"4596\" alt=\"Wandbild Putin Trump Litauen \"\/><a href=\"https:\/\/www.hna.de\/politik\/in-bildern-trump-und-putin-die-geschichte-zweier-praesidenten-zr-93632634.html\" class=\"id-StoryElement-intestitialLink-link\" data-id-ec=\"{\" shn=\"\" ansehen=\"\" data-k5a-pos=\"west_story_13_photoGalleryLink\" title=\"Zur Fotostrecke: Trump und Putin: Die Geschichte zweier Pr&#xE4;sidenten in Bildern  \" rel=\"nofollow noopener\" target=\"_blank\">Fotostrecke ansehen<\/a>Kreml kritisiert neue Trump-Wende zu Waffenlieferungen: USA w\u00fcrden Ukraine-Krieg verl\u00e4ngern<\/p>\n<p class=\"id-StoryElement-paragraph\">Aus Moskau folgte noch am Dienstag scharfe Kritik an dem erneuten Kurswechsel der Trump-Administration. Der Kreml erkl\u00e4rte, dass dadurch der Ukraine-Konflikt nur verl\u00e4ngert w\u00fcrde. Es sei \u201enat\u00fcrlich offensichtlich\u201c, dass dieses Vorgehen nicht im Einklang mit den Versuchen stehe, \u201eeine friedliche L\u00f6sung voranzubringen\u201c, sagte Kreml-Sprecher Dmitri Peskow nach Angaben der staatlichen russischen Nachrichtenagentur Ria Nowosti am Dienstag (8 Juli).<\/p>\n<p class=\"id-StoryElement-paragraph\">Jede Lieferung an Kriegsger\u00e4t durch die USA \u201ezielt eindeutig darauf ab, mit allen Mitteln die Fortsetzung der Kampfhandlungen zu f\u00f6rdern\u201c, f\u00fcgte der Sprecher von Wladimir Putin hinzu.<\/p>\n<p>Trump-Regierung sorgt sich um Best\u00e4nde an Munition f\u00fcr die USA<\/p>\n<p class=\"id-StoryElement-paragraph\">Vergangene Woche hatte das Wei\u00dfe Haus \u00fcberraschend verk\u00fcndet, wichtige <a href=\"https:\/\/www.hna.de\/politik\/keine-waffen-mehr-fuer-die-ukraine-us-ministerien-rudern-unter-donald-trump-zurueck-zr-93816797.html\" class=\"id-import-Link\" data-id-ec=\"{&quot;sht&quot;:&quot;Container&quot;,&quot;shn&quot;:&quot;Story&quot;,&quot;p&quot;:{&quot;containerType&quot;:&quot;Paragraph&quot;,&quot;displayType&quot;:&quot;Paragraph InlineLink&quot;,&quot;type&quot;:&quot;INLINE_LINK&quot;,&quot;value&quot;:&quot;Waffenlieferungen an die Ukraine&quot;,&quot;variant&quot;:&quot;standardLink&quot;,&quot;sponsored&quot;:false,&quot;linkHref&quot;:&quot;https:\/\/www.hna.de\/politik\/keine-waffen-mehr-fuer-die-ukraine-us-ministerien-rudern-unter-donald-trump-zurueck-zr-93816797.html&quot;,&quot;storyElementPosition&quot;:20,&quot;storyElementCount&quot;:27}}\" rel=\"nofollow noopener\" target=\"_blank\">Waffenlieferungen an die Ukraine<\/a> einzustellen, welche dem von Russland angegriffenen Land unter der Regierung von Ex-Pr\u00e4sident <a href=\"https:\/\/www.fr.de\/politik\/joe-biden-per36006\/\" class=\"id-import-Link id-pageApi-Link--externalDomain\" title=\"Joe Biden\" data-id-ec=\"{&quot;sht&quot;:&quot;Container&quot;,&quot;shn&quot;:&quot;Story&quot;,&quot;p&quot;:{&quot;containerType&quot;:&quot;Paragraph&quot;,&quot;displayType&quot;:&quot;Paragraph InlineLink&quot;,&quot;type&quot;:&quot;INLINE_LINK&quot;,&quot;value&quot;:&quot;Joe Biden&quot;,&quot;variant&quot;:&quot;standardLink&quot;,&quot;sponsored&quot;:false,&quot;linkHref&quot;:&quot;https:\/\/www.fr.de\/politik\/joe-biden-per36006\/&quot;,&quot;storyElementPosition&quot;:20,&quot;storyElementCount&quot;:27}}\" rel=\"nofollow noopener\" target=\"_blank\">Joe Biden<\/a> zugesagt worden waren. Zuvor hatten US-Medien berichtet, dass Washington angesichts eines R\u00fcckgangs seiner eigenen Munitionsbest\u00e4nde besorgt sei.<\/p>\n<p class=\"id-StoryElement-paragraph\">Die Ank\u00fcndigung aus Washington l\u00f6ste in Kiew gro\u00dfe Besorgnis aus, in Moskau wurde mit Genugtuung reagiert. Das Au\u00dfen- und das Verteidigungsministerium der USA relativierten wenige Tage sp\u00e4ter die Ank\u00fcndigung und versicherten, dass es sich nicht um ein Ende der Waffenlieferungen an die Ukraine handele.<\/p>\n<p><img decoding=\"async\" class=\"id-RatioPlaceholder-element wv_story_el_image\" src=\"https:\/\/www.europesays.com\/de\/wp-content\/uploads\/2025\/07\/38880739-donald-trump-beim-nato-gipfel-2025-in-den-haag-2UTaVR46E7fe.jpg\" loading=\"lazy\"   height=\"619\" width=\"1100\" alt=\"Donald Trump beim Nato-Gipfel 2025 in Den Haag\"\/>Donald Trump (Archiv) \u00a9\u00a0ANP\/ImagoUS-Waffenlieferungen im Ukraine-Krieg: Kellogg trifft Umerow in Rom<\/p>\n<p class=\"id-StoryElement-paragraph\">Die Ukraine m\u00f6chte die Lieferungen von\u00a0Luftabwehr<strong>&#8211;<\/strong>\u00a0und Pr\u00e4zisionsmunition rasch wieder aufnehmen, w\u00e4hrend die USA signalisiert haben, dass die Lieferung von Panzerfahrzeugen und Pionierausr\u00fcstung bald wieder aufgenommen werden k\u00f6nnte, berichtete Politico unter Berufung auf seine Quellen weiter.<\/p>\n<p class=\"id-StoryElement-paragraph\">Die Ukraine Recovery Conference soll laut dem Bericht am 10. und 11. Juli stattfinden und wird voraussichtlich von f\u00fchrenden Politikern, unter ihnen auch der ukrainische Pr\u00e4sident\u00a0<a href=\"https:\/\/www.fr.de\/politik\/wolodymyr-selenskyj-ukraine-praesident-konflikt-krieg-tv-star-tanzshow-schauspieler-91382339.html\" class=\"id-import-Link id-pageApi-Link--externalDomain\" data-id-ec=\"{&quot;sht&quot;:&quot;Container&quot;,&quot;shn&quot;:&quot;Story&quot;,&quot;p&quot;:{&quot;containerType&quot;:&quot;Paragraph&quot;,&quot;displayType&quot;:&quot;Paragraph InlineLink&quot;,&quot;type&quot;:&quot;INLINE_LINK&quot;,&quot;value&quot;:&quot;Wolodymyr Selenskyj&quot;,&quot;variant&quot;:&quot;standardLink&quot;,&quot;sponsored&quot;:false,&quot;linkHref&quot;:&quot;https:\/\/www.fr.de\/politik\/wolodymyr-selenskyj-ukraine-praesident-konflikt-krieg-tv-star-tanzshow-schauspieler-91382339.html&quot;,&quot;storyElementPosition&quot;:27,&quot;storyElementCount&quot;:27}}\" rel=\"nofollow noopener\" target=\"_blank\">Wolodymyr Selenskyj<\/a>, besucht. (frs)<\/p>\n","protected":false},"excerpt":{"rendered":"Startseite Politik Stand: 09.07.2025, 04:52 Uhr Von: Franziska Schwarz DruckenTeilen Nach dem Waffen-Stopp in den USA schwenkt Donald&hellip;\n","protected":false},"author":2,"featured_media":253563,"comment_status":"","ping_status":"","sticky":false,"template":"","format":"standard","meta":{"footnotes":""},"categories":[4012],"tags":[331,332,13,14,15,12,317],"class_list":{"0":"post-253562","1":"post","2":"type-post","3":"status-publish","4":"format-standard","5":"has-post-thumbnail","7":"category-ukraine","8":"tag-aktuelle-nachrichten","9":"tag-aktuelle-news","10":"tag-headlines","11":"tag-nachrichten","12":"tag-news","13":"tag-schlagzeilen","14":"tag-ukraine"},"share_on_mastodon":{"url":"https:\/\/pubeurope.com\/@de\/114821042312365508","error":""},"_links":{"self":[{"href":"https:\/\/www.europesays.com\/de\/wp-json\/wp\/v2\/posts\/253562","targetHints":{"allow":["GET"]}}],"collection":[{"href":"https:\/\/www.europesays.com\/de\/wp-json\/wp\/v2\/posts"}],"about":[{"href":"https:\/\/www.europesays.com\/de\/wp-json\/wp\/v2\/types\/post"}],"author":[{"embeddable":true,"href":"https:\/\/www.europesays.com\/de\/wp-json\/wp\/v2\/users\/2"}],"replies":[{"embeddable":true,"href":"https:\/\/www.europesays.com\/de\/wp-json\/wp\/v2\/comments?post=253562"}],"version-history":[{"count":0,"href":"https:\/\/www.europesays.com\/de\/wp-json\/wp\/v2\/posts\/253562\/revisions"}],"wp:featuredmedia":[{"embeddable":true,"href":"https:\/\/www.europesays.com\/de\/wp-json\/wp\/v2\/media\/253563"}],"wp:attachment":[{"href":"https:\/\/www.europesays.com\/de\/wp-json\/wp\/v2\/media?parent=253562"}],"wp:term":[{"taxonomy":"category","embeddable":true,"href":"https:\/\/www.europesays.com\/de\/wp-json\/wp\/v2\/categories?post=253562"},{"taxonomy":"post_tag","embeddable":true,"href":"https:\/\/www.europesays.com\/de\/wp-json\/wp\/v2\/tags?post=253562"}],"curies":[{"name":"wp","href":"https:\/\/api.w.org\/{rel}","templated":true}]}}