{"id":253614,"date":"2025-07-09T03:29:10","date_gmt":"2025-07-09T03:29:10","guid":{"rendered":"https:\/\/www.europesays.com\/de\/253614\/"},"modified":"2025-07-09T03:29:10","modified_gmt":"2025-07-09T03:29:10","slug":"unfall-in-stuttgart-west-fahranfaengerin-verwechselt-pedale-auto-faehrt-ueber-bruestung","status":"publish","type":"post","link":"https:\/\/www.europesays.com\/de\/253614\/","title":{"rendered":"Unfall in Stuttgart-West: Fahranf\u00e4ngerin verwechselt Pedale \u2013 Auto f\u00e4hrt \u00fcber Br\u00fcstung"},"content":{"rendered":"<p>Ein Verkehrsunfall hat sich am Dienstagabend gegen 21 Uhr in der Wernlinstra\u00dfe 1 in <a href=\"https:\/\/www.stuttgarter-zeitung.de\/thema\/Stuttgart-West\" title=\"Stuttgart-West\" class=\"art_thema\" target=\"_blank\" rel=\"noopener\">Stuttgart-West<\/a> ereignet. Eine Fahranf\u00e4ngerin, die einen Nissan fuhr, verwechselte nach Angaben der <a href=\"https:\/\/www.stuttgarter-zeitung.de\/thema\/Polizei\" title=\"Polizei\" class=\"art_thema\" target=\"_blank\" rel=\"noopener\">Polizei<\/a> Gas und Bremse, durchbrach mit dem Fahrzeug eine Br\u00fcstung und st\u00fcrzte etwa ein bis zwei Meter in die Tiefe. Verletzt wurde nach aktuellem Stand niemand. Der Sachschaden bel\u00e4uft sich auf rund 15.000 Euro. <\/p>\n<p> Zun\u00e4chst war von einer verletzten Person die Rede gewesen, diese Angabe hat die Polizei inzwischen korrigiert.<\/p>\n","protected":false},"excerpt":{"rendered":"Ein Verkehrsunfall hat sich am Dienstagabend gegen 21 Uhr in der Wernlinstra\u00dfe 1 in Stuttgart-West ereignet. Eine Fahranf\u00e4ngerin,&hellip;\n","protected":false},"author":2,"featured_media":253615,"comment_status":"","ping_status":"","sticky":false,"template":"","format":"standard","meta":{"footnotes":""},"categories":[1830],"tags":[1634,3364,29,30,121,8248,1441,3654,1284,3258],"class_list":{"0":"post-253614","1":"post","2":"type-post","3":"status-publish","4":"format-standard","5":"has-post-thumbnail","7":"category-stuttgart","8":"tag-baden-wuerttemberg","9":"tag-de","10":"tag-deutschland","11":"tag-germany","12":"tag-polizei","13":"tag-polizeibericht-stuttgart","14":"tag-stuttgart","15":"tag-stuttgart-west","16":"tag-unfall","17":"tag-verletzte"},"share_on_mastodon":{"url":"https:\/\/pubeurope.com\/@de\/114821160549063542","error":""},"_links":{"self":[{"href":"https:\/\/www.europesays.com\/de\/wp-json\/wp\/v2\/posts\/253614","targetHints":{"allow":["GET"]}}],"collection":[{"href":"https:\/\/www.europesays.com\/de\/wp-json\/wp\/v2\/posts"}],"about":[{"href":"https:\/\/www.europesays.com\/de\/wp-json\/wp\/v2\/types\/post"}],"author":[{"embeddable":true,"href":"https:\/\/www.europesays.com\/de\/wp-json\/wp\/v2\/users\/2"}],"replies":[{"embeddable":true,"href":"https:\/\/www.europesays.com\/de\/wp-json\/wp\/v2\/comments?post=253614"}],"version-history":[{"count":0,"href":"https:\/\/www.europesays.com\/de\/wp-json\/wp\/v2\/posts\/253614\/revisions"}],"wp:featuredmedia":[{"embeddable":true,"href":"https:\/\/www.europesays.com\/de\/wp-json\/wp\/v2\/media\/253615"}],"wp:attachment":[{"href":"https:\/\/www.europesays.com\/de\/wp-json\/wp\/v2\/media?parent=253614"}],"wp:term":[{"taxonomy":"category","embeddable":true,"href":"https:\/\/www.europesays.com\/de\/wp-json\/wp\/v2\/categories?post=253614"},{"taxonomy":"post_tag","embeddable":true,"href":"https:\/\/www.europesays.com\/de\/wp-json\/wp\/v2\/tags?post=253614"}],"curies":[{"name":"wp","href":"https:\/\/api.w.org\/{rel}","templated":true}]}}