{"id":253646,"date":"2025-07-09T03:48:14","date_gmt":"2025-07-09T03:48:14","guid":{"rendered":"https:\/\/www.europesays.com\/de\/253646\/"},"modified":"2025-07-09T03:48:14","modified_gmt":"2025-07-09T03:48:14","slug":"rtl-legt-offen-was-bei-bauer-sucht-frau-nicht-im-tv-landet","status":"publish","type":"post","link":"https:\/\/www.europesays.com\/de\/253646\/","title":{"rendered":"RTL legt offen, was bei \u201eBauer sucht Frau\u201c nicht im TV landet"},"content":{"rendered":"<ol class=\"id-DonaldBreadcrumb lp_west_breadcrumb id-DonaldBreadcrumb--default\" data-k5a-pos=\"west_breadcrumb\">\n<li class=\"id-Breadcrumb-item\"><a href=\"https:\/\/www.hna.de\/\" class=\"id-Breadcrumb-link\" data-id-ec=\"{\" shn=\"\" textlink=\"\" data-k5a-pos=\"1_startseite\" rel=\"nofollow noopener\" target=\"_blank\">Startseite<\/a><\/li>\n<li class=\"id-Breadcrumb-item\"><a href=\"https:\/\/www.hna.de\/leute\/\" class=\"id-Breadcrumb-link\" data-id-ec=\"{\" shn=\"\" textlink=\"\" tv=\"\" data-k5a-pos=\"2_starsTv\" rel=\"nofollow noopener\" target=\"_blank\">Stars &amp; TV<\/a><\/li>\n<\/ol>\n<p class=\"id-Story-timestamp id-Story-timestamp--default\">Stand: 08.07.2025, 20:47 Uhr<\/p>\n<p class=\"id-Story-authors id-Story-authors--default\">Von: <a class=\"id-Story-authors-link lp_west_author\" href=\"https:\/\/www.hna.de\/autor\/florian-schwartz-bjkza8ft.html\" title=\"Zur Autorenseite von Florian Schwartz\" data-id-ec=\"{\" shn=\"\" author-link=\"\" schwartz=\"\" data-k5a-pos=\"west_author\" rel=\"nofollow noopener\" target=\"_blank\">Florian Schwartz<\/a><\/p>\n<p class=\"id-Story-interactionBar id-Story-interactionBar--default\">DruckenTeilen<\/p>\n<p class=\"id-StoryElement-leadText\">Damit h\u00e4tte niemand gerechnet. So chaotisch verliefen die Dreharbeiten zur siebten Staffel von \u201eBauer sucht Frau International\u201c.<\/p>\n<p class=\"id-StoryElement-paragraph\">K\u00f6ln \u2013 Auch in der siebten Staffel von \u201e<a href=\"https:\/\/www.merkur.de\/thema\/bauer-sucht-frau-sti819688\/\" target=\"_blank\" class=\"id-import-Link id-pageApi-Link--externalDomain\" data-id-ec=\"{&quot;sht&quot;:&quot;Container&quot;,&quot;shn&quot;:&quot;Story&quot;,&quot;p&quot;:{&quot;containerType&quot;:&quot;Paragraph&quot;,&quot;displayType&quot;:&quot;Paragraph InlineLink&quot;,&quot;type&quot;:&quot;INLINE_LINK&quot;,&quot;value&quot;:&quot;Bauer sucht Frau&quot;,&quot;variant&quot;:&quot;standardLink&quot;,&quot;sponsored&quot;:false,&quot;linkHref&quot;:&quot;https:\/\/www.merkur.de\/thema\/bauer-sucht-frau-sti819688\/&quot;,&quot;storyElementPosition&quot;:8,&quot;storyElementCount&quot;:21}}\" rel=\"nofollow noopener\">Bauer sucht Frau<\/a> International\u201c hat RTL-Moderatorin Inka Bause (56) als Partnervermittlerin ganze Arbeit geleistet und den Landwirten rund um den Globus zum Liebesgl\u00fcck verholfen. Allerdings lief hinter den Kulissen nicht alles ganz nach Plan ab. Nun legt RTL offen, was den TV-Zuschauern vorenthalten wurde.<\/p>\n<p>\u201eBauer sucht Frau International\u201c: Tierische Pannen w\u00e4hrend der Dreharbeiten<\/p>\n<p class=\"id-StoryElement-paragraph\">Das Liebeskarussell hat sich einmal mehr gedreht und die siebte Staffel von \u201eBauer sucht Frau International\u201c neigt sich schon wieder dem Ende. Am Schluss der letzten Folge pr\u00e4sentierte RTL noch ein paar Pannen und Outtakes, die dem Schnitt zum Opfer gefallen waren. Dabei machte vor allem die Tierwelt den Dreharbeiten einen Strich durch die Rechnung. <\/p>\n<p>Traktor, Tr\u00e4nen, Trauer: Diese \u201eBauer sucht Frau\u201c-Paare haben sich nach der Sendung getrennt<img decoding=\"async\" class=\"id-RatioPlaceholder-element wv_story_el_interstitialImage\" src=\"https:\/\/www.europesays.com\/de\/wp-content\/uploads\/2025\/04\/31491355-drei-bauer-sucht-frau-paare-die-sich-nach-der-sendung-trennten-fotomontage-1ife.jpg\" loading=\"lazy\"   height=\"2160\" width=\"3240\" alt=\"Drei &#x201E;Bauer sucht Frau&#x201C;-Paare, die sich nach der Sendung trennten (Fotomontage)\"\/><a href=\"https:\/\/www.tz.de\/stars\/der-sendung-trennung-rtl-traktor-traenen-trauer-inka-bause-bauer-sucht-frau-paare-nach-91874575.html\" class=\"id-StoryElement-intestitialLink-link\" data-id-ec=\"{\" shn=\"\" ansehen=\"\" data-k5a-pos=\"west_story_12_photoGalleryLink\" title=\"Zur Fotostrecke: Traktor, Tr&#xE4;nen, Trauer: Diese &#x201E;Bauer sucht Frau&#x201C;-Paare haben sich nach der Sendung getrennt\" rel=\"nofollow noopener\" target=\"_blank\">Fotostrecke ansehen<\/a><\/p>\n<p class=\"id-StoryElement-paragraph\">Zu sehen sind unter anderem ein liebeshungriger Stier, der in der Herde seinem Trieb freien Lauf l\u00e4sst; ein Hund, der Inka Bause bei der Moderation st\u00f6rt; ein Schwein, das dem Kameramann in die Linse grunzt; eine neugierige Pute, die auf eine Armbanduhr einhackt und eine hungrige Ziege, die sich w\u00e4hrend eines Interviews einfach mal an der Blumen-Dekoration bedient.<\/p>\n<p>Falsche Deko und Handyklingeln \u2013 So verliefen die Dreharbeiten zu \u201eBauer sucht Frau International\u201c<\/p>\n<p class=\"id-StoryElement-paragraph\">\u00c0 propos Deko: Auch hier hat RTL etwas nachgeholfen. So wurde f\u00fcr eine Moderation von Inka Bause in einem Mandarinenhain ein B\u00fcndel reifer Mandarinen an einen Baum geh\u00e4ngt. Der Grund: Die eigentlichen Mandarinen waren noch komplett gr\u00fcn. Nachdem die Szene im Kasten war, nahm Inka Bause das drapierte Obst wieder vom Strauch und meinte: \u201eVielleicht brauchen wir die noch, oder?\u201c<\/p>\n<p><img decoding=\"async\" class=\"id-RatioPlaceholder-element wv_story_el_image\" src=\"https:\/\/www.europesays.com\/de\/wp-content\/uploads\/2025\/07\/38885998-links-drapiert-bauer-sucht-frau-international-moderatorin-obst-deko-auf-einen-mandarinenbau.jpeg\" loading=\"lazy\"   height=\"619\" width=\"1100\" alt=\"links drapiert &#x201E;Bauer sucht Frau International&#x201C;-Moderatorin Obst-Deko auf einen Mandarinenbaum; rechts macht sich eine Ziege &#xFC;ber eine Blumen-Dekoration her\"\/>W\u00e4hrend Inka Bause den Mandarinenbaum schm\u00fcckt, macht sich eine Ziege \u00fcber die Blumen-Deko her. RTL legt offen, was bei \u201eBauer sucht Frau\u201c sonst nicht im TV landet. \u00a9\u00a0Foto: Screenshot: RTL \/ \u201eBauer sucht Frau International\u201c &amp; Screenshot: RTL \u201eBauer sucht Frau International\u201c<\/p>\n<p class=\"id-StoryElement-paragraph\">Aber auch die Technik erwies sich zwischendurch als St\u00f6rfaktor. So klingelte mitten in der Wildnis von Namibia ein Handy w\u00e4hrend der romantischen Dreharbeiten mit \u201eBauer sucht Frau International\u201c-Farmer Bj\u00f6rn (30) und seiner Lea (21). \u201eIch hatte noch nie Empfang hier\u201c, entschuldigte sich daraufhin der Kameramann. Und auch einen weiteren intimen Einblick wollte RTL den Zuschauern nicht vorenthalten. In einer Einstellung ist zu sehen, wie Bj\u00f6rn nur in der Unterhose bekleidet am B\u00fcgelbrett steht. <\/p>\n<p class=\"id-StoryElement-paragraph\">So ging es nach der emotionalen Hofwoche weiter. <a href=\"https:\/\/www.hna.de\/leute\/ueberraschende-wende-bei-iris-das-wurde-aus-den-bauer-sucht-frau-international-paaren-zr-93822904.html\" class=\"id-import-Link\" data-id-ec=\"{&quot;sht&quot;:&quot;Container&quot;,&quot;shn&quot;:&quot;Story&quot;,&quot;p&quot;:{&quot;containerType&quot;:&quot;Paragraph&quot;,&quot;displayType&quot;:&quot;Paragraph InlineLink&quot;,&quot;type&quot;:&quot;INLINE_LINK&quot;,&quot;value&quot;:&quot;Jetzt enth&#xFC;llte &#x201E;Bauer sucht Frau International&#x201C;-Kandidatin Iris aus Florida eine unerwartete Wendung.&quot;,&quot;variant&quot;:&quot;standardLink&quot;,&quot;sponsored&quot;:false,&quot;linkHref&quot;:&quot;https:\/\/www.hna.de\/leute\/ueberraschende-wende-bei-iris-das-wurde-aus-den-bauer-sucht-frau-international-paaren-zr-93822904.html&quot;,&quot;storyElementPosition&quot;:21,&quot;storyElementCount&quot;:21}}\" rel=\"nofollow noopener\" target=\"_blank\">Jetzt enth\u00fcllte \u201eBauer sucht Frau International\u201c-Kandidatin Iris aus Florida eine unerwartete Wendung.<\/a> <strong>Verwendete Quellen:<\/strong> RTL+ \/ \u201eBauer sucht Frau International\u201c (Staffel 7, Folge 8)<\/p>\n","protected":false},"excerpt":{"rendered":"Startseite Stars &amp; TV Stand: 08.07.2025, 20:47 Uhr Von: Florian Schwartz DruckenTeilen Damit h\u00e4tte niemand gerechnet. So chaotisch&hellip;\n","protected":false},"author":2,"featured_media":241752,"comment_status":"","ping_status":"","sticky":false,"template":"","format":"standard","meta":{"footnotes":""},"categories":[1773],"tags":[29,214,30,471,1780,215],"class_list":{"0":"post-253646","1":"post","2":"type-post","3":"status-publish","4":"format-standard","5":"has-post-thumbnail","7":"category-serien","8":"tag-deutschland","9":"tag-entertainment","10":"tag-germany","11":"tag-serien","12":"tag-series","13":"tag-unterhaltung"},"share_on_mastodon":{"url":"https:\/\/pubeurope.com\/@de\/114821235064123395","error":""},"_links":{"self":[{"href":"https:\/\/www.europesays.com\/de\/wp-json\/wp\/v2\/posts\/253646","targetHints":{"allow":["GET"]}}],"collection":[{"href":"https:\/\/www.europesays.com\/de\/wp-json\/wp\/v2\/posts"}],"about":[{"href":"https:\/\/www.europesays.com\/de\/wp-json\/wp\/v2\/types\/post"}],"author":[{"embeddable":true,"href":"https:\/\/www.europesays.com\/de\/wp-json\/wp\/v2\/users\/2"}],"replies":[{"embeddable":true,"href":"https:\/\/www.europesays.com\/de\/wp-json\/wp\/v2\/comments?post=253646"}],"version-history":[{"count":0,"href":"https:\/\/www.europesays.com\/de\/wp-json\/wp\/v2\/posts\/253646\/revisions"}],"wp:featuredmedia":[{"embeddable":true,"href":"https:\/\/www.europesays.com\/de\/wp-json\/wp\/v2\/media\/241752"}],"wp:attachment":[{"href":"https:\/\/www.europesays.com\/de\/wp-json\/wp\/v2\/media?parent=253646"}],"wp:term":[{"taxonomy":"category","embeddable":true,"href":"https:\/\/www.europesays.com\/de\/wp-json\/wp\/v2\/categories?post=253646"},{"taxonomy":"post_tag","embeddable":true,"href":"https:\/\/www.europesays.com\/de\/wp-json\/wp\/v2\/tags?post=253646"}],"curies":[{"name":"wp","href":"https:\/\/api.w.org\/{rel}","templated":true}]}}