{"id":253800,"date":"2025-07-09T05:11:09","date_gmt":"2025-07-09T05:11:09","guid":{"rendered":"https:\/\/www.europesays.com\/de\/253800\/"},"modified":"2025-07-09T05:11:09","modified_gmt":"2025-07-09T05:11:09","slug":"eine-positive-einstellung-hat-einen-grossen-einfluss-auf-die-geburt","status":"publish","type":"post","link":"https:\/\/www.europesays.com\/de\/253800\/","title":{"rendered":"Eine positive Einstellung hat einen grossen Einfluss auf die Geburt"},"content":{"rendered":"<p>Die Auswertungen der Psychologinnen und Psychologen zeigten schliesslich, dass das Mindset der schwangeren Frauen einen Einfluss darauf haben kann, ob die Geburt eher mit vielen oder wenigen Interventionen verl\u00e4uft. Unter \u00abMindset\u00bb ist gem\u00e4ss der Forscherin Lisa Hoffmann \u00abeine Art mentale Brille, die die Wahrnehmung unserer Umwelt lenken und unser Verhalten beeinflussen kann\u00bb, zu verstehen. Betrachten Frauen eine Geburt also als nat\u00fcrlichen Vorgang, w\u00fcrden sie seltener Schmerzmittel, einen Kaiserschnitt oder medizinische Unterst\u00fctzung ben\u00f6tigen. Ausserdem seien bei Frauen mit einem positiven Mindset auch Wochen nach der Geburt weniger Probleme wie Depressionen oder posttraumatischer Stress zu beobachten gewesen.<\/p>\n","protected":false},"excerpt":{"rendered":"Die Auswertungen der Psychologinnen und Psychologen zeigten schliesslich, dass das Mindset der schwangeren Frauen einen Einfluss darauf haben&hellip;\n","protected":false},"author":2,"featured_media":253801,"comment_status":"","ping_status":"","sticky":false,"template":"","format":"standard","meta":{"footnotes":""},"categories":[137],"tags":[29,13342,8500,30,141,232,834,11748],"class_list":{"0":"post-253800","1":"post","2":"type-post","3":"status-publish","4":"format-standard","5":"has-post-thumbnail","7":"category-gesundheit","8":"tag-deutschland","9":"tag-family","10":"tag-geburt","11":"tag-germany","12":"tag-gesundheit","13":"tag-health","14":"tag-schwangerschaft","15":"tag-studie"},"share_on_mastodon":{"url":"https:\/\/pubeurope.com\/@de\/114821561491621347","error":""},"_links":{"self":[{"href":"https:\/\/www.europesays.com\/de\/wp-json\/wp\/v2\/posts\/253800","targetHints":{"allow":["GET"]}}],"collection":[{"href":"https:\/\/www.europesays.com\/de\/wp-json\/wp\/v2\/posts"}],"about":[{"href":"https:\/\/www.europesays.com\/de\/wp-json\/wp\/v2\/types\/post"}],"author":[{"embeddable":true,"href":"https:\/\/www.europesays.com\/de\/wp-json\/wp\/v2\/users\/2"}],"replies":[{"embeddable":true,"href":"https:\/\/www.europesays.com\/de\/wp-json\/wp\/v2\/comments?post=253800"}],"version-history":[{"count":0,"href":"https:\/\/www.europesays.com\/de\/wp-json\/wp\/v2\/posts\/253800\/revisions"}],"wp:featuredmedia":[{"embeddable":true,"href":"https:\/\/www.europesays.com\/de\/wp-json\/wp\/v2\/media\/253801"}],"wp:attachment":[{"href":"https:\/\/www.europesays.com\/de\/wp-json\/wp\/v2\/media?parent=253800"}],"wp:term":[{"taxonomy":"category","embeddable":true,"href":"https:\/\/www.europesays.com\/de\/wp-json\/wp\/v2\/categories?post=253800"},{"taxonomy":"post_tag","embeddable":true,"href":"https:\/\/www.europesays.com\/de\/wp-json\/wp\/v2\/tags?post=253800"}],"curies":[{"name":"wp","href":"https:\/\/api.w.org\/{rel}","templated":true}]}}