{"id":253808,"date":"2025-07-09T05:15:10","date_gmt":"2025-07-09T05:15:10","guid":{"rendered":"https:\/\/www.europesays.com\/de\/253808\/"},"modified":"2025-07-09T05:15:10","modified_gmt":"2025-07-09T05:15:10","slug":"0704-unicredit-wird-groesster-commerzbank-aktionaer-n-tv","status":"publish","type":"post","link":"https:\/\/www.europesays.com\/de\/253808\/","title":{"rendered":"07:04 Unicredit wird gr\u00f6\u00dfter Commerzbank-Aktion\u00e4r &#8211; N-TV"},"content":{"rendered":"<ol>\n<li><a href=\"https:\/\/news.google.com\/rss\/articles\/CBMipwFBVV95cUxQX25fUV9obzh5Yk9rV3VLMmpVTUlpem5SNUVKb3Z2WVFTWThjTGdtaWF4QnlYVlE1TnVTUndBXzVKbGI0UEtFbTcwWmlnVHFDUFNNQkR1Nk1LdllTam1vaWlKZTExOWRKMGU0STdzYkZUWUZGaE5ZdG1ZdWp4NVcyd2V5ejhYUVN1MFgtVDVTWGxiaEx1LUlIZ1V5V3dzdENVWEdGaElkUQ?oc=5\" target=\"_blank\" rel=\"nofollow noopener\">07:04 Unicredit wird gr\u00f6\u00dfter Commerzbank-Aktion\u00e4r<\/a>&nbsp;&nbsp;N-TV<\/li>\n<li><a href=\"https:\/\/news.google.com\/rss\/articles\/CBMi1AFBVV95cUxNalFucHNoWHlGbTFKYndXNkNPYlQ2S0VhZTY2WVk3UmJaNGxiRnQyMmdOd1BTcGl5SGs4MHRmOTVBRndMNVVCeVhGTlFFZ1p2c2tjbk9lMzd0Tl9OM0pHaF9LMlB6cnNOTGgyQ203RnNraXpSVmFRcjBfWGlaU2NOTDVmSGRjbFQ1TEJEOHgzMmlSMnhNQklaMkE1MEE2ODk3aGMtZlduOE9uRWFFa1ZvS0lwTzl2OFdMVWt4eTVLSXMwdmlVQk0yVUlzdl96ZmVHOEhOag?oc=5\" target=\"_blank\" rel=\"nofollow noopener\">Commerzbank: Unicredit steigt zum gr\u00f6\u00dften Aktion\u00e4r auf<\/a>&nbsp;&nbsp;Handelsblatt<\/li>\n<li><a href=\"https:\/\/news.google.com\/rss\/articles\/CBMirwFBVV95cUxOVm10VndGeTFmdUI4TEkwclA2S0Y2TUVnc0RJTmhHTEJCX0tfa3Rfck81ZGRnZ0JPdFppcFYzdkxDRlZjR29VYllfdnRJSS1WNkk1VEJNd2J5cXhYVXR4bFpkUGZ2QmswUEpUYl9VY3dlWW8zV21jMnZBRGJreElkUVgyZTRodHQ5ektaM2syVW1VUUVpVjdaZzd4Tkhpa1dOa1VablVDaGRQbVpSTWpJ?oc=5\" target=\"_blank\" rel=\"nofollow noopener\">Banken: Unicredit bei Commerzbank-Kauf vor dem Durchbruch<\/a>&nbsp;&nbsp;WiWo<\/li>\n<li><a href=\"https:\/\/news.google.com\/rss\/articles\/CBMi_gFBVV95cUxPb3pOdDdVWU9FbG1qR1A0RnVGT2xGMnVPdFBoV3JVZnUyZkhSOXU4T2JxZ0tnYmtfM0VpZjA0SW9DSF85dG04cGJKU3dRVWZhdzR6WUNPVDh1LTkyOElsSG9iYWJIWDhPZnc4eGktRGtJUVh5bTdKMnp1MFlDVkNPUElHR3JsODQ4WnRwaVhIRV9PSFF2ZEI5bGRxWUZIdkxuZzBYWndyR3QtcjctaUxVajFpMDN1Q253RW1tUW10TXlRVHVYS0dSclVsSGlvM1VVVFo5RllPcWZWMndfdmxSdjg4aFcxcmNPbDhQdVh3SW1IMkZtVGoxdzF4Y0FxQQ?oc=5\" target=\"_blank\" rel=\"nofollow noopener\">\u201eOrcel sollte seine Aktien verkaufen und nach Hause gehen\u201c<\/a>&nbsp;&nbsp;Manager Magazin<\/li>\n<li><a href=\"https:\/\/news.google.com\/rss\/articles\/CBMirAFBVV95cUxPRjJrTGlqd2ttcjRlZUZzVTdIWkRIMmJXMmN4enVMbkJVdzdRUmZwXzhfS0N0UXVtY2w5Ul9Gd2Zpc3VJTHlsRHhTblVOREV3SVlIcXQ2aDRDNDNPaWtoSWF5R0I2cHZlRWRCNXI4VWFqeVliTWVRY2tkeG9yWEFubm8wQTcwc1ZzZjN1MXpQRUdBSVltazlCY3dwYlNmZVFrN0hESjFFS182TXpz?oc=5\" target=\"_blank\" rel=\"nofollow noopener\">Unicredit steigt zum gr\u00f6\u00dften Commerzbank-Aktion\u00e4r auf<\/a>&nbsp;&nbsp;FAZ<\/li>\n<\/ol>\n","protected":false},"excerpt":{"rendered":"07:04 Unicredit wird gr\u00f6\u00dfter Commerzbank-Aktion\u00e4r&nbsp;&nbsp;N-TV Commerzbank: Unicredit steigt zum gr\u00f6\u00dften Aktion\u00e4r auf&nbsp;&nbsp;Handelsblatt Banken: Unicredit bei Commerzbank-Kauf vor dem&hellip;\n","protected":false},"author":2,"featured_media":253809,"comment_status":"","ping_status":"","sticky":false,"template":"","format":"standard","meta":{"footnotes":""},"categories":[134],"tags":[77626,1752,175,170,169,282,29,714,30,77625,20654,171,174,77624,173,172],"class_list":{"0":"post-253808","1":"post","2":"type-post","3":"status-publish","4":"format-standard","5":"has-post-thumbnail","7":"category-unternehmen-maerkte","8":"tag-adolf","9":"tag-boersen-tag","10":"tag-business","11":"tag-companies","12":"tag-companies-markets","13":"tag-der","14":"tag-deutschland","15":"tag-elon","16":"tag-germany","17":"tag-grok-chatbot","18":"tag-hitler","19":"tag-markets","20":"tag-maerkte","21":"tag-musks","22":"tag-unternehmen","23":"tag-unternehmen-maerkte"},"share_on_mastodon":{"url":"https:\/\/pubeurope.com\/@de\/114821577243106798","error":""},"_links":{"self":[{"href":"https:\/\/www.europesays.com\/de\/wp-json\/wp\/v2\/posts\/253808","targetHints":{"allow":["GET"]}}],"collection":[{"href":"https:\/\/www.europesays.com\/de\/wp-json\/wp\/v2\/posts"}],"about":[{"href":"https:\/\/www.europesays.com\/de\/wp-json\/wp\/v2\/types\/post"}],"author":[{"embeddable":true,"href":"https:\/\/www.europesays.com\/de\/wp-json\/wp\/v2\/users\/2"}],"replies":[{"embeddable":true,"href":"https:\/\/www.europesays.com\/de\/wp-json\/wp\/v2\/comments?post=253808"}],"version-history":[{"count":0,"href":"https:\/\/www.europesays.com\/de\/wp-json\/wp\/v2\/posts\/253808\/revisions"}],"wp:featuredmedia":[{"embeddable":true,"href":"https:\/\/www.europesays.com\/de\/wp-json\/wp\/v2\/media\/253809"}],"wp:attachment":[{"href":"https:\/\/www.europesays.com\/de\/wp-json\/wp\/v2\/media?parent=253808"}],"wp:term":[{"taxonomy":"category","embeddable":true,"href":"https:\/\/www.europesays.com\/de\/wp-json\/wp\/v2\/categories?post=253808"},{"taxonomy":"post_tag","embeddable":true,"href":"https:\/\/www.europesays.com\/de\/wp-json\/wp\/v2\/tags?post=253808"}],"curies":[{"name":"wp","href":"https:\/\/api.w.org\/{rel}","templated":true}]}}