{"id":253810,"date":"2025-07-09T05:16:09","date_gmt":"2025-07-09T05:16:09","guid":{"rendered":"https:\/\/www.europesays.com\/de\/253810\/"},"modified":"2025-07-09T05:16:09","modified_gmt":"2025-07-09T05:16:09","slug":"sommer-2025-schon-jetzt-dreimal-mehr-hitzetote-durch-klimawandel","status":"publish","type":"post","link":"https:\/\/www.europesays.com\/de\/253810\/","title":{"rendered":"Sommer 2025: Schon jetzt dreimal mehr Hitzetote durch Klimawandel"},"content":{"rendered":"<p class=\"metatextline\">Stand: 09.07.2025 06:01 Uhr<\/p>\n<p class=\"textabsatz columns twelve  m-ten  m-offset-one l-eight l-offset-two\">\n        <strong>Der Klimawandel hat die j\u00fcngste Hitzewelle in Europa verst\u00e4rkt. Eine neue Studie zeigt: Die Zahl der Hitzetoten hat sich deswegen verdreifacht. <\/strong>\n    <\/p>\n<p>Von Jan-Claudius Hanika, BR\n                        <\/p>\n<p class=\"textabsatz m-ten m-offset-one l-eight l-offset-two columns twelve\">\nEnde Juni und Anfang Juli herrschte in gro\u00dfen <a href=\"https:\/\/www.tagesschau.de\/ausland\/europa\/hitzewelle-suedeuropa-102.html\" title=\"Von Portugal bis zum Balkan: Fr\u00fche Hitzewelle in S\u00fcdeuropa\" target=\"_blank\" rel=\"noopener\">Teilen Europas extreme Hitze<\/a>. In mehreren L\u00e4ndern stiegen die Temperaturen auf \u00fcber 40 Grad Celsius. Italien schr\u00e4nkte die Arbeitszeiten im Freien ein, in <a href=\"https:\/\/www.tagesschau.de\/ausland\/hitze-waldbraende-104.html\" title=\"Hitzewelle: H\u00f6chste Warnstufe in Paris - Waldbr\u00e4nde in S\u00fcdeuropa\" target=\"_blank\" rel=\"noopener\">Frankreich<\/a> wurden mehr als 1.300 Schulen geschlossen. In Griechenland, Spanien und der T\u00fcrkei sorgte die mit der Hitze einhergehende Trockenheit daf\u00fcr, dass sich <a href=\"https:\/\/www.tagesschau.de\/ausland\/hitze-waldbraende-102.html\" title=\"Zahlreiche Waldbr\u00e4nde und Rekordhitze von 46 Grad in S\u00fcdeuropa\" target=\"_blank\" rel=\"noopener\">Waldbr\u00e4nde<\/a> leicht ausbreiten konnten.<\/p>\n<p class=\"textabsatz m-ten m-offset-one l-eight l-offset-two columns twelve\">\nEine <a href=\"https:\/\/www.imperial.ac.uk\/grantham\/publications\/all-publications\/climate-change-tripled-heat-related-deaths-in-early-summer-european-heatwave.php\" title=\"Studie Hitzetote Europa\" class=\"textlink--extern js-link-dialog\" rel=\"noopener noreferrer\" target=\"_blank\" data-type=\"external\">Schnellstudie<\/a> unter Leitung von Wissenschaftlerinnen und Wissenschaftlern des Imperial College London und der London School of Hygiene &amp; Tropical Medicine kommt nun zu dem Ergebnis: Der vom Menschen verursachte Klimawandel hat die j\u00fcngste Hitzewelle in Europa verst\u00e4rkt und die Zahl der Todesopfer verdreifacht. Von insgesamt rund 2.300 Hitzetoten in zw\u00f6lf untersuchten St\u00e4dten f\u00fchren sie etwa 1.500 Todesf\u00e4lle darauf zur\u00fcck, dass aufgrund des Klimawandels die Temperaturen noch h\u00f6her waren. Diese Zahl sei deutlich h\u00f6her als die Zahl der Todesopfer anderer Katastrophen in j\u00fcngster Vergangenheit, zum Beispiel bei den <a href=\"https:\/\/www.tagesschau.de\/ausland\/europa\/spanien-unwetter-tote-100.html\" title=\"Mehr als 50 Tote bei \u00dcberschwemmungen in Spanien\" target=\"_blank\" rel=\"noopener\">\u00dcberschwemmungen in Valencia<\/a> 2024.<\/p>\n<p>    Klimawandel machte Hitzewelle ein bis vier Grad hei\u00dfer<\/p>\n<p class=\"textabsatz m-ten m-offset-one l-eight l-offset-two columns twelve\">\nIn ihrer Studie konzentrieren sich die Wissenschaftler auf zehn Tage Hitze in zw\u00f6lf europ\u00e4ischen St\u00e4dten in der Zeit vom 23. Juni bis zum 2. Juli 2025. Zun\u00e4chst analysierten Forscher der Initiative World Weather Attribution WWA historische Wetterdaten, um zu bestimmen, wie hoch die Temperaturen ohne Erderw\u00e4rmung gewesen w\u00e4ren. Der Klimawandel machte die vergangene Hitzewelle um ein bis vier Grad hei\u00dfer, so ihr Ergebnis. Derartige Hitzewellen seien beim heute herrschenden Klima in den meisten St\u00e4dten jeden zweiten bis f\u00fcnften Sommer zu erwarten.<\/p>\n<p class=\"textabsatz m-ten m-offset-one l-eight l-offset-two columns twelve\">\nAnschlie\u00dfend bestimmten die Wissenschaftler, wie Hitze und die Zahl der Todesf\u00e4lle, unabh\u00e4ngig von deren Ursache, in den St\u00e4dten zusammenh\u00e4ngen. So konnten sie die Zahl der hitzebedingten Todesf\u00e4lle in der j\u00fcngsten Hitzewelle absch\u00e4tzen und auch die Zahl derer, die w\u00e4hrend einer hypothetischen Hitzewelle mit niedrigeren Temperaturen gestorben w\u00e4ren, also in einem Europa ohne Erderw\u00e4rmung.<\/p>\n<p class=\"textabsatz m-ten m-offset-one l-eight l-offset-two columns twelve\">\nNach den Berechnungen der Wissenschaftler war der Klimawandel f\u00fcr 317 der gesch\u00e4tzten zus\u00e4tzlichen Hitzetoten in Mailand verantwortlich. In Barcelona waren es sch\u00e4tzungsweise 286, in Paris 235, 171 in London und 164 in Rom. In Frankfurt am Main machten die Wissenschaftler die Erderw\u00e4rmung f\u00fcr 21 zus\u00e4tzliche Hitzetote verantwortlich.<\/p>\n<p>    Hitzewellen als &#8222;lautlose Killer&#8220;<\/p>\n<p class=\"textabsatz m-ten m-offset-one l-eight l-offset-two columns twelve\">\nDie Studie weist darauf hin, warum Hitzewellen auch &#8222;lautlose Killer&#8220; genannt werden: Die meisten Todesf\u00e4lle wegen Hitze werden nicht gemeldet. Bis zur Ver\u00f6ffentlichung offizieller staatlicher Sch\u00e4tzungen k\u00f6nnen Monate vergehen. Falls sie \u00fcberhaupt ver\u00f6ffentlicht werden.<\/p>\n<p class=\"textabsatz m-ten m-offset-one l-eight l-offset-two columns twelve\">\nBen Clarke vom Imperial College London, der Erstautor der Studie, betont: &#8222;Hitzewellen hinterlassen keine Spur der Zerst\u00f6rung wie Waldbr\u00e4nde oder St\u00fcrme. Ihre Auswirkungen sind meist unsichtbar, aber lautlos verheerend. Eine Ver\u00e4nderung von nur zwei oder drei Grad Celsius kann f\u00fcr Tausende von Menschen den Unterschied zwischen Leben und Tod bedeuten.&#8220;<\/p>\n<p class=\"textabsatz m-ten m-offset-one l-eight l-offset-two columns twelve\">\nBei der j\u00fcngsten Hitzewelle forderte der Klimawandel die meisten Opfer unter Menschen im Alter von 65 Jahren und \u00e4lter. Ihr Anteil lag nach den Berechnungen der Wissenschaftler bei 88 Prozent. Ursache waren meist bereits bestehende Gesundheitsprobleme, zum Beispiel Herz-Kreislauf-Erkrankungen. Die Forscher warnen jedoch, dass Hitze f\u00fcr alle Altersgruppen lebensbedrohlich sein kann.<\/p>\n<p>    Wahrscheinlichkeit f\u00fcr fr\u00fche Hitzewellen steigt<\/p>\n<p class=\"textabsatz m-ten m-offset-one l-eight l-offset-two columns twelve\">\nDie Hitze im Juni kam in vielen Teilen Europas ungew\u00f6hnlich fr\u00fch. Derart hohe Temperaturen werden dort typischerweise erst Ende Juli oder August erwartet. Extremhitze, die fr\u00fch in der Saison auftritt, ist tendenziell t\u00f6dlicher, da die Menschen noch nicht an Sommertemperaturen gew\u00f6hnt sind. Der Klimawandel beeinflusst zwar alle Hitzewellen, doch die Intensit\u00e4t der Hitzewellen im Juni hat st\u00e4rker zugenommen als die im Juli. Das erh\u00f6ht die Wahrscheinlichkeit f\u00fcr fr\u00fcher eintretende extreme Hitzeereignisse, schreiben die Autoren in ihrer Studie.<\/p>\n<p class=\"textabsatz m-ten m-offset-one l-eight l-offset-two columns twelve\">\nSie halten aber auch fest: In Europa gibt es bereits Fortschritte bei der Entwicklung von Hitzeaktionspl\u00e4nen. Diese legen fest, welche Ma\u00dfnahmen vor und w\u00e4hrend gef\u00e4hrlich hoher Temperaturen ergriffen werden k\u00f6nnen. Zum Schutz vor gef\u00e4hrlicheren Hitzewellen m\u00fcsse aber langfristig der sogenannte W\u00e4rmeinsel-Effekt der St\u00e4dte reduziert werden, etwa mit der Erweiterung k\u00fchlender Gr\u00fcn- und Wasserfl\u00e4chen. Kurzfristig k\u00f6nnten auch K\u00fchlzentren den am st\u00e4rksten gef\u00e4hrdeten Personen Erleichterung bei extremer Hitze bieten.<\/p>\n","protected":false},"excerpt":{"rendered":"Stand: 09.07.2025 06:01 Uhr Der Klimawandel hat die j\u00fcngste Hitzewelle in Europa verst\u00e4rkt. Eine neue Studie zeigt: Die&hellip;\n","protected":false},"author":2,"featured_media":253811,"comment_status":"","ping_status":"","sticky":false,"template":"","format":"standard","meta":{"footnotes":""},"categories":[3],"tags":[13,11607,952,14,15,12,10,8,9,11,103,104],"class_list":{"0":"post-253810","1":"post","2":"type-post","3":"status-publish","4":"format-standard","5":"has-post-thumbnail","7":"category-welt","8":"tag-headlines","9":"tag-hitze","10":"tag-klimawandel","11":"tag-nachrichten","12":"tag-news","13":"tag-schlagzeilen","14":"tag-top-news","15":"tag-top-meldungen","16":"tag-topmeldungen","17":"tag-topnews","18":"tag-welt","19":"tag-world"},"share_on_mastodon":{"url":"https:\/\/pubeurope.com\/@de\/114821581053969258","error":""},"_links":{"self":[{"href":"https:\/\/www.europesays.com\/de\/wp-json\/wp\/v2\/posts\/253810","targetHints":{"allow":["GET"]}}],"collection":[{"href":"https:\/\/www.europesays.com\/de\/wp-json\/wp\/v2\/posts"}],"about":[{"href":"https:\/\/www.europesays.com\/de\/wp-json\/wp\/v2\/types\/post"}],"author":[{"embeddable":true,"href":"https:\/\/www.europesays.com\/de\/wp-json\/wp\/v2\/users\/2"}],"replies":[{"embeddable":true,"href":"https:\/\/www.europesays.com\/de\/wp-json\/wp\/v2\/comments?post=253810"}],"version-history":[{"count":0,"href":"https:\/\/www.europesays.com\/de\/wp-json\/wp\/v2\/posts\/253810\/revisions"}],"wp:featuredmedia":[{"embeddable":true,"href":"https:\/\/www.europesays.com\/de\/wp-json\/wp\/v2\/media\/253811"}],"wp:attachment":[{"href":"https:\/\/www.europesays.com\/de\/wp-json\/wp\/v2\/media?parent=253810"}],"wp:term":[{"taxonomy":"category","embeddable":true,"href":"https:\/\/www.europesays.com\/de\/wp-json\/wp\/v2\/categories?post=253810"},{"taxonomy":"post_tag","embeddable":true,"href":"https:\/\/www.europesays.com\/de\/wp-json\/wp\/v2\/tags?post=253810"}],"curies":[{"name":"wp","href":"https:\/\/api.w.org\/{rel}","templated":true}]}}