{"id":253814,"date":"2025-07-09T05:18:12","date_gmt":"2025-07-09T05:18:12","guid":{"rendered":"https:\/\/www.europesays.com\/de\/253814\/"},"modified":"2025-07-09T05:18:12","modified_gmt":"2025-07-09T05:18:12","slug":"wie-bundeskanzler-merz-vor-seiner-ersten-generaldebatte-dasteht","status":"publish","type":"post","link":"https:\/\/www.europesays.com\/de\/253814\/","title":{"rendered":"Wie Bundeskanzler Merz vor seiner ersten Generaldebatte dasteht"},"content":{"rendered":"<p class=\"metatextline\">Stand: 09.07.2025 04:51 Uhr<\/p>\n<p class=\"textabsatz columns twelve  m-ten  m-offset-one l-eight l-offset-two\">\n        <strong>Die Generaldebatte ist der H\u00f6hepunkt der Haushaltswoche im Bundestag. Zuerst hat die AfD das Wort, dann redet der Kanzler. Nach der Debatte stellt er sich den Fragen der Abgeordneten. Wie steht Merz da?<\/strong>\n    <\/p>\n<p>                                        <a class=\"authorline__link\" href=\"https:\/\/www.tagesschau.de\/korrespondenten\/uli-hauck-103.html\" target=\"_blank\" rel=\"noopener\"><br \/>\n                                            <img decoding=\"async\" class=\"authorline__img\" alt=\"Uli Hauck\" src=\"https:\/\/www.europesays.com\/de\/wp-content\/uploads\/2025\/05\/uli-hauck-105.jpg\"\/><br \/>\n                                        <\/a><\/p>\n<p class=\"textabsatz m-ten m-offset-one l-eight l-offset-two columns twelve\">\nFriedrich Merz hat gleich zu Beginn seiner Amtszeit klar gemacht: &#8222;Die Welt ist so in Unordnung, dass sich ein deutscher Bundeskanzler mehr als bisher, vielmehr als in den vergangenen Jahren und Jahrzehnten um die Au\u00dfenpolitik k\u00fcmmern muss.&#8220; Und deshalb hat sich der Neu-Kanzler schnell auf den Weg hinaus in die Welt gemacht.<\/p>\n<p class=\"textabsatz m-ten m-offset-one l-eight l-offset-two columns twelve\">\nSchon in seiner ersten Amtswoche ging es <a href=\"https:\/\/www.tagesschau.de\/inland\/innenpolitik\/merz-kiew-ukraine-100.html\" title=\"Merz, Macron und Starmer auf dem Weg nach Kiew\" target=\"_blank\" rel=\"noopener\">im Zug nach Kiew,<\/a> gemeinsam mit den Staats- und Regierungschefs Macron, Starmer und Tusk. Russland wurde aufgefordert, die Waffen ruhen zu lassen.<\/p>\n<p class=\"textabsatz m-ten m-offset-one l-eight l-offset-two columns twelve\">\n&#8222;Es muss klar sein: Wenn Russland sich diesem Waffenstillstand verweigert, dann werden wir die Ukraine weiter verteidigen und wir werden den Druck auf Russland weiter erh\u00f6hen&#8220;, so Merz.<\/p>\n<p>    Trump bleibt weiter unberechenbar<\/p>\n<p class=\"textabsatz m-ten m-offset-one l-eight l-offset-two columns twelve\">\nTrotz dieser Drohung &#8211; zwei Monate sp\u00e4ter ist ein Waffenstillstand nicht in Sicht. Die EU verhandelt \u00fcber das mittlerweile 18. Sanktionspaket. Russland wirft Nacht f\u00fcr Nacht Bomben auf ukrainische St\u00e4dte. Und US-Pr\u00e4sident Donald Trump bleibt weiter unberechenbar.<\/p>\n<p class=\"textabsatz m-ten m-offset-one l-eight l-offset-two columns twelve\">\nFriedrich Merz hat ihn <a href=\"https:\/\/www.tagesschau.de\/ausland\/merz-trump-treffen-oval-office-100.html\" title=\"Merz bei Trump im Oval Office: Ein freundliches, aber einseitiges Treffen\" target=\"_blank\" rel=\"noopener\">in Washington besucht,<\/a> traf ihn beim <a href=\"https:\/\/www.tagesschau.de\/ausland\/amerika\/merz-g7-usa-100.html\" title=\"Merz&#039; Bilanz zu G7-Gipfel: &quot;Erfolgreicher, als ich gedacht habe&quot;\" target=\"_blank\" rel=\"noopener\">G7-Gipfel in Kanada<\/a> und beim <a href=\"https:\/\/www.tagesschau.de\/ausland\/europa\/nato-gipfel-ergebnisse-100.html\" title=\"Was auf dem NATO-Gipfel beschlossen wurde\" target=\"_blank\" rel=\"noopener\">NATO-Gipfel in Den Haag.<\/a> Gespr\u00e4chsthemen gibt es Merz zufolge genug: &#8222;Das ist der Krieg in der Ukraine, das ist die Zollpolitik und das ist nat\u00fcrlich die Zukunft der NATO.&#8220;<\/p>\n<p class=\"textabsatz m-ten m-offset-one l-eight l-offset-two columns twelve\">\nDas Thema &#8222;Zukunft der NATO&#8220; ist zumindest vorerst abger\u00e4umt. Die USA bleiben an Bord. Und beim <a href=\"https:\/\/www.tagesschau.de\/inland\/merz-trump-100.html\" title=\"Merz und Trump wollen den Handelsstreit schnell beilegen\" target=\"_blank\" rel=\"noopener\">Zollstreit<\/a> wird bis zum 1. August weiterverhandelt.<\/p>\n<p>    Innenpolitische Gro\u00dfthemen<\/p>\n<p class=\"textabsatz m-ten m-offset-one l-eight l-offset-two columns twelve\">\nDer russische Angriffskrieg in der Ukraine geht unterdessen weiter, was auch innenpolitische Folgen hat. Denn Deutschland r\u00fcstet angesichts der russischen Bedrohung massiv auf.<\/p>\n<p class=\"textabsatz m-ten m-offset-one l-eight l-offset-two columns twelve\">\nWeitere innenpolitische Gro\u00dfthemen: Migration und Wirtschaft. Bei der <a href=\"https:\/\/www.tagesschau.de\/inland\/innenpolitik\/strompreis-zusammensetzung-104.html\" title=\"Wie setzt sich der Strompreis zusammen?\" target=\"_blank\" rel=\"noopener\">Stromsteuer<\/a> hat es den ersten Koalitionskrach gegeben. Gegenwind kam auch von CSU-Chef Markus S\u00f6der: &#8222;Es w\u00e4re jetzt ein ungl\u00fcckliches Signal. Gerade wo sich die Wirtschaft erholt, gerade wo wir die Steuersenkungen machen, gerade wo wir beginnen, wieder Tritt zu fassen in Deutschland \u00f6konomisch, sollten wir auch das psychologisch wichtige Signal setzen, dass f\u00fcr alle im Wirtschaftsbereich diese Stromsteuer gesenkt wird.&#8220;<\/p>\n<p class=\"textabsatz m-ten m-offset-one l-eight l-offset-two columns twelve\">\nDoch das ist nicht passiert. Die neue Mittelstandsbeauftragte der Bundesregierung, die CDU-Politikerin Gitta Connemann, ist mit dem Kanzler trotzdem zufrieden: &#8222;Friedrich Merz lebt Wirtschafts- und Au\u00dfenpolitik in gleicher Weise. Und deshalb ist er tats\u00e4chlich jetzt genau der richtige Mann an der richtigen Stelle.&#8220;<\/p>\n<p class=\"textabsatz m-ten m-offset-one l-eight l-offset-two columns twelve\">\nIn der heutigen Generaldebatte wird es weniger Lob und mehr Kritik geben. Au\u00dfenpolitisch hat Merz erste Akzente gesetzt. Jetzt muss er das auch innenpolitisch tun.<\/p>\n","protected":false},"excerpt":{"rendered":"Stand: 09.07.2025 04:51 Uhr Die Generaldebatte ist der H\u00f6hepunkt der Haushaltswoche im Bundestag. Zuerst hat die AfD das&hellip;\n","protected":false},"author":2,"featured_media":253815,"comment_status":"","ping_status":"","sticky":false,"template":"","format":"standard","meta":{"footnotes":""},"categories":[5],"tags":[1180,77627,13,182,14,15,12,10,8,9,11],"class_list":{"0":"post-253814","1":"post","2":"type-post","3":"status-publish","4":"format-standard","5":"has-post-thumbnail","7":"category-nachrichten","8":"tag-bundestag","9":"tag-generaldebatte","10":"tag-headlines","11":"tag-merz","12":"tag-nachrichten","13":"tag-news","14":"tag-schlagzeilen","15":"tag-top-news","16":"tag-top-meldungen","17":"tag-topmeldungen","18":"tag-topnews"},"share_on_mastodon":{"url":"https:\/\/pubeurope.com\/@de\/114821588912282983","error":""},"_links":{"self":[{"href":"https:\/\/www.europesays.com\/de\/wp-json\/wp\/v2\/posts\/253814","targetHints":{"allow":["GET"]}}],"collection":[{"href":"https:\/\/www.europesays.com\/de\/wp-json\/wp\/v2\/posts"}],"about":[{"href":"https:\/\/www.europesays.com\/de\/wp-json\/wp\/v2\/types\/post"}],"author":[{"embeddable":true,"href":"https:\/\/www.europesays.com\/de\/wp-json\/wp\/v2\/users\/2"}],"replies":[{"embeddable":true,"href":"https:\/\/www.europesays.com\/de\/wp-json\/wp\/v2\/comments?post=253814"}],"version-history":[{"count":0,"href":"https:\/\/www.europesays.com\/de\/wp-json\/wp\/v2\/posts\/253814\/revisions"}],"wp:featuredmedia":[{"embeddable":true,"href":"https:\/\/www.europesays.com\/de\/wp-json\/wp\/v2\/media\/253815"}],"wp:attachment":[{"href":"https:\/\/www.europesays.com\/de\/wp-json\/wp\/v2\/media?parent=253814"}],"wp:term":[{"taxonomy":"category","embeddable":true,"href":"https:\/\/www.europesays.com\/de\/wp-json\/wp\/v2\/categories?post=253814"},{"taxonomy":"post_tag","embeddable":true,"href":"https:\/\/www.europesays.com\/de\/wp-json\/wp\/v2\/tags?post=253814"}],"curies":[{"name":"wp","href":"https:\/\/api.w.org\/{rel}","templated":true}]}}