{"id":253820,"date":"2025-07-09T05:21:29","date_gmt":"2025-07-09T05:21:29","guid":{"rendered":"https:\/\/www.europesays.com\/de\/253820\/"},"modified":"2025-07-09T05:21:29","modified_gmt":"2025-07-09T05:21:29","slug":"schleswig-holstein-aktuell-nachrichten-im-ueberblick-9","status":"publish","type":"post","link":"https:\/\/www.europesays.com\/de\/253820\/","title":{"rendered":"Schleswig-Holstein aktuell: Nachrichten im \u00dcberblick"},"content":{"rendered":"<p>        <img decoding=\"async\" src=\"https:\/\/www.europesays.com\/de\/wp-content\/uploads\/2025\/06\/nachrichtenkompakt126.webp\" alt=\"Grafik: Eine Sprechblase, in der die Kontur des Landes Schleswig-Holstein abgebildet ist.\" title=\"Grafik: Eine Sprechblase, in der die Kontur des Landes Schleswig-Holstein abgebildet ist. | NDR\" class=\"responsive\"\/><\/p>\n<p>\n            Stand: 08.07.2025 19:52 Uhr<\/p>\n<p class=\"preface\">Nachrichten aus Schleswig-Holstein vom 8. Juli 2025 &#8211; kompakt und aktuell im Newsblog von NDR SH: Lesen Sie hier im \u00dcberblick, was im Land passiert und noch wichtig wird.<\/p>\n<p class=\"\"><strong>Das Wichtigste in K\u00fcrze:<\/strong><\/p>\n<p>\n        08.07.2025 17:46 Uhr\n    <\/p>\n<p>    SH und Hamburg wollen bei Zivilschutz eng zusammenarbeiten<\/p>\n<p class=\"\">\nDie Landesregierung von Schleswig-Holstein und der Hamburger Senat haben am Dienstag gemeinsam in <a href=\"https:\/\/www.ndr.de\/nachrichten\/schleswig-holstein\/Kiel-Aktuelle-Nachrichten-News-und-Videos,kiel7262.html\" title=\"Kiel - Aktuelle Nachrichten und Videos\" target=\"_blank\" rel=\"noopener\">Kiel<\/a> getagt. Zu den Themen geh\u00f6rten die Verteidigungsf\u00e4higkeit und der Zivilschutz. Beide L\u00e4nder vereinbarten eine Zusammenarbeit, um auch gemeinsam Szenarien durchdenken &#8211; etwa den Fall, dass NATO-Truppen in den Osten verlegt werden m\u00fcssen. Weitere Themen bei dem Treffen waren die gemeinsame Olympia-Bewerbung, der Wohnungsbau, die Digitalisierung und der Klimaschutz. | NDR Schleswig-Holstein 08.07.2025 17:00 Uhr<\/p>\n<p>        <img decoding=\"async\" src=\"https:\/\/www.europesays.com\/de\/wp-content\/uploads\/2025\/07\/kabinett-276.webp\" alt=\"Die Kabinette von SH und HH bei einer gemeinsamen Kabinettssitzung in Kiel.\" title=\"Die Kabinette von SH und HH bei einer gemeinsamen Kabinettssitzung in Kiel. | Marcus Brandt\" class=\"responsive\" loading=\"lazy\"\/><\/p>\n<p>Auf einer gemeinsamen Kabinettssitzung in Kiel haben beide L\u00e4nder einen engeren Austausch angek\u00fcndigt.<\/p>\n<p>\n        08.07.2025 17:21 Uhr\n    <\/p>\n<p>    Vermisst: Polizei sucht 16-j\u00e4hrigen im Raum Stapelholm<\/p>\n<p class=\"\">\nDie Polizei sucht nach dem 16-j\u00e4hrigen Tian aus dem Raum Stapelholm (<a href=\"https:\/\/www.ndr.de\/nachrichten\/schleswig-holstein\/Nordfriesland-Aktuelle-Nachrichten-und-Videos,nordfriesland174.html\" title=\"Nordfriesland - Aktuelle Nachrichten und Videos\" target=\"_blank\" rel=\"noopener\">Kreis Nordfriesland<\/a>). Nach Angaben der Ermittler wird der Junge bereits seit dem 29. Juni vermisst. Zuletzt wurde er in der N\u00e4he seines Wohnortes gesehen. Tian ist 1,90 m gro\u00df, schlank und hat kurze dunkelblonde Haare. Er tr\u00e4gt vermutlich eine dunkle Nike-Jacke. Der Polizei liegen Hinweise vor, dass sich Tian auch im Bereich <a href=\"https:\/\/www.ndr.de\/nachrichten\/schleswig-holstein\/Schleswig-Aktuelle-Nachrichten-und-Videos,schleswig930.html\" title=\"Schleswig: Aktuelle Nachrichten und Videos\" target=\"_blank\" rel=\"noopener\">Schleswig<\/a> (<a href=\"https:\/\/www.ndr.de\/nachrichten\/schleswig-holstein\/Kreis-Schleswig-Flensburg-Aktuelle-Nachrichten-und-Videos,schleswigflensburg118.html\" title=\"Kreis Schleswig-Flensburg - Aktuelle Nachrichten und Videos\" target=\"_blank\" rel=\"noopener\">Kreis Schleswig-Flensburg<\/a>) und <a href=\"https:\/\/www.ndr.de\/nachrichten\/schleswig-holstein\/Rendsburg-Aktuelle-Nachrichten-und-Videos,rendsburg456.html\" title=\"Rendsburg: Aktuelle Nachrichten und Videos\" target=\"_blank\" rel=\"noopener\">Rendsburg<\/a> (<a href=\"https:\/\/www.ndr.de\/nachrichten\/schleswig-holstein\/Kreis-Rendsburg-Eckernfoerde-Aktuelle-Nachrichten-und-Videos,rendsburgeckernfoerde118.html\" title=\"Kreis Rendsburg-Eckernf\u00f6rde - Aktuelle Nachrichten und Videos\" target=\"_blank\" rel=\"noopener\">Kreis Rendsburg-Eckernf\u00f6rde<\/a>) aufgehalten haben k\u00f6nnte. Wer den Vermissten gesehen hat oder wei\u00df, wo er sich aufh\u00e4lt, wird gebeten die Polizei \u00fcber den Notruf 110 zu kontaktieren.<\/p>\n<p>\n        08.07.2025 17:20 Uhr\n    <\/p>\n<p>    Bad Bramstedt bekommt &#8222;Margot-Friedl\u00e4nder-Stra\u00dfe&#8220;<\/p>\n<p class=\"\">\nIn Bad Bramstedt (<a href=\"https:\/\/www.ndr.de\/nachrichten\/schleswig-holstein\/Kreis-Segeberg-Aktuelle-Nachrichten-und-Videos,segeberg224.html\" title=\"Kreis Segeberg - Aktuelle Nachrichten und Videos\" target=\"_blank\" rel=\"noopener\">Kreis Segeberg<\/a>) soll eine neue Stra\u00dfe nach der k\u00fcrzlich verstorbenen Holocaust-\u00dcberlebenden Margot Friedl\u00e4nder benannt werden. Das hat am Montagabend der Bau- und Verkehrsausschuss der Stadt entschieden. Die Stra\u00dfe solle in einem Neubaugebiet, dem sogenannten Bebauungsplan 67, entstehen, sagt der Vorsitzende des Bau- und Verkehrsausschusses, Volker Wrage (CDU). Au\u00dferdem soll dort eine weitere neue Stra\u00dfe nach Modesch\u00f6pfer Karl Lagerfeld benannt werden. | NDR Schleswig-Holstein 08.07.2025 16:30 Uhr<\/p>\n<p>\n        08.07.2025 17:18 Uhr\n    <\/p>\n<p>    Flensburg: Keine Eisbahn auf der Exe<\/p>\n<p class=\"\">\nIn <a href=\"https:\/\/www.ndr.de\/nachrichten\/schleswig-holstein\/Flensburg-Nachrichten-Hintergruende-und-Videos,flensburg6034.html\" title=\"Flensburg - Aktuelle Nachrichten und Videos\" target=\"_blank\" rel=\"noopener\">Flensburg<\/a> wird es in diesem Winter keine Eisbahn auf der Exe geben. Nach Angaben des Betreibers Ulfert Georgs sind die Kosten zu hoch. Insgesamt 60.000 bis 70.000 Euro fielen unter anderem wegen Nutzungsgeb\u00fchren und neuen Bauauflagen an, so Georgs. <a href=\"https:\/\/www.ndr.de\/nachrichten\/schleswig-holstein\/Flensburg-Eisbahn-auf-Exe-kommt-im-Dezember,regionflensburgnews1658.html\" title=\"Flensburg: Eisbahn auf Exe kommt im Dezember\" target=\"_blank\" rel=\"noopener\">Auch im vergangenen Jahr sollte die Eisbahn auf der Exe zun\u00e4chst nicht kommen<\/a>. Nach einem Protest von Sch\u00fclerinnen und Sch\u00fclern der umliegenden Schulen gab es dann doch eine L\u00f6sung: kostenloser \u00d6kostrom von den Stadtwerken.Auch in diesem Jahr hatten die Stadtwerke laut dem Betreiber Gratisstrom angeboten. Trotzdem seien die Kosten zu hoch, so Georgs. | NDR Schleswig-Holstein 08.07.2025 16:30 Uhr<\/p>\n<p>\n        08.07.2025 15:06 Uhr\n    <\/p>\n<p>    Ladendiebst\u00e4hle belasten Einzelhandel in Schleswig-Holstein immer mehr<\/p>\n<p class=\"\">\nDer wirtschaftliche Schaden durch Ladendiebst\u00e4hle im Einzelhandel wird in Schleswig-Holstein von Jahr zu Jahr gr\u00f6\u00dfer. Das belegen Zahlen des Handelsforschungsinstituts EHI. Laut Dierck B\u00f6ckenholt vom Handelsverband Nord gehen so pro Jahr rund 112 Millionen Euro verloren: &#8222;Geklaut wird alles, nach wie vor alkoholische Getr\u00e4nke, aber eben auch im Bereich Parf\u00fcmerie, Kosmetikartikel.&#8220; Kleine Dinge, die schnell in Taschen verschwinden, w\u00fcrden am h\u00e4ufigsten geklaut, so B\u00f6ckenholt. Die Branche f\u00fchlt sich laut Einzelhandelsverband im Stich gelassen, weil viele Strafanzeigen im Nichts verliefen. | NDR Schleswig-Holstein 08.07.2025 16:00 Uhr<\/p>\n<p>        <img decoding=\"async\" src=\"https:\/\/www.europesays.com\/de\/wp-content\/uploads\/2025\/07\/warenueberwachung-100.webp\" alt=\"Ein Schild mit der Aufschrift &quot;Unsere Ware ist video\u00fcberwacht! Jeder Diebstahl wird zur Anzeige gebracht.&quot;\" title=\"Ein Schild mit der Aufschrift &quot;Unsere Ware ist video\u00fcberwacht! Jeder Diebstahl wird zur Anzeige gebracht.&quot; | Martin Schutt\" class=\"responsive\" loading=\"lazy\"\/><\/p>\n<p>An jedem Verkaufstag gehen in SH Waren im Wert von 375.000 Euro an den Kassen vorbei. Strafen gibt es trotz hoher Aufkl\u00e4rungsquoten kaum.<\/p>\n<p>    Schleswig-Holsteinischer &#8222;Wald des Jahres&#8220; steht auf F\u00f6hr<\/p>\n<p class=\"\">\nDie Auszeichnung &#8222;Wald des Jahres&#8220; in Schleswig-Holstein geht in diesem Jahr nach F\u00f6hr (<a href=\"https:\/\/www.ndr.de\/nachrichten\/schleswig-holstein\/Nordfriesland-Aktuelle-Nachrichten-und-Videos,nordfriesland174.html\" title=\"Nordfriesland - Aktuelle Nachrichten und Videos\" target=\"_blank\" rel=\"noopener\">Kreis Nordfriesland<\/a>). Das hat die Schutzgemeinschaft Deutscher Wald nach Angaben des dortigen Forstbetriebes entschieden. 75 Hektar Wald sind inzwischen auf der F\u00f6hr entstanden &#8211; Tendenz steigend. In den 1960er Jahren war es nur halb so viel. Die Aufforstung von Fl\u00e4chen, die fr\u00fcher zum Teil als wilde M\u00fcllhalden dienten, gilt bei Wind und Wetter auf der Nordseeinsel als anspruchsvoll. Mit der Auszeichnung als &#8222;Wald des Jahres&#8220; will die Schutzgemeinschaft Deutscher Wald nach eigenen Angaben nun diese Bem\u00fchungen belohnen. | NDR Schleswig-Holstein 08.07.2025 15:00 Uhr<\/p>\n<p>\n        08.07.2025 17:13 Uhr\n    <\/p>\n<p>    Bundeszentrum f\u00fcr Munitionsbergung aus Ostsee zieht nach Rostock<\/p>\n<p class=\"\">\nRostock wird Sitz des neuen Bundeskompetenzzentrums zur Munitionsbergung in Nord- und Ostsee. Mecklenburg-Vorpommern werde mit den anderen K\u00fcstenl\u00e4ndern eng zusammen arbeiten, betonte Ministerpr\u00e4sidentin Manuela Schwesig (SPD) am Dienstag &#8211; vor allem mit Schleswig-Holstein, da sich das Geomar Helmholtz-Zentrum f\u00fcr Ozeanforschung in <a href=\"https:\/\/www.ndr.de\/nachrichten\/schleswig-holstein\/Kiel-Aktuelle-Nachrichten-News-und-Videos,kiel7262.html\" title=\"Kiel - Aktuelle Nachrichten und Videos\" target=\"_blank\" rel=\"noopener\">Kiel<\/a> schon lange mit der Munitionsbergung aus dem Meer besch\u00e4ftigt. In der Ost- und Nordsee verrotten rund 1,6 Millionen Tonnen konventionelle Kriegsmunition und stellen ein gro\u00dfes Risiko f\u00fcr die Umwelt dar. | NDR Schleswig-Holstein 08.07.2025 15:00 Uhr<\/p>\n<p>        <img decoding=\"async\" src=\"https:\/\/www.europesays.com\/de\/wp-content\/uploads\/2025\/07\/munition408.webp\" alt=\"Ein versenkter Munitionsrest liegt in der Kolberger Heide in der Ostsee.\" title=\"Ein versenkter Munitionsrest liegt in der Kolberger Heide in der Ostsee. | picture alliance\/dpa, Jana Ulrich\" class=\"responsive\" loading=\"lazy\"\/><\/p>\n<p>Das Zentrum soll sich um die Bergung von rund 1,6 Millionen Tonnen Kriegsmunition aus Nord- und Ostsee k\u00fcmmern.<\/p>\n<p>\n        08.07.2025 13:21 Uhr\n    <\/p>\n<p>    Staatsanwaltschaft: Pinneberger Arzt soll \u00e4ltere Patienten get\u00f6tet haben<\/p>\n<p class=\"\">\nEin Arzt aus <a href=\"https:\/\/www.ndr.de\/nachrichten\/schleswig-holstein\/Pinneberg-Aktuelle-Nachrichten-und-Videos,pinneberg326.html\" title=\"Pinneberg: Aktuelle Nachrichten und Videos\" target=\"_blank\" rel=\"noopener\">Pinnberg<\/a> (<a href=\"https:\/\/www.ndr.de\/nachrichten\/schleswig-holstein\/Kreis-Pinneberg-Aktuelle-Nachrichten-und-Videos,pinneberg280.html\" title=\"Kreis Pinneberg - Aktuelle Nachrichten und Videos\" target=\"_blank\" rel=\"noopener\">Kreis Pinneberg<\/a>) steht unter Verdacht, mehrere \u00e4ltere Menschen get\u00f6tet zu haben. Das hat die Staatsanwaltschaft <a href=\"https:\/\/www.ndr.de\/nachrichten\/schleswig-holstein\/Itzehoe,itzehoe456.html\" title=\"Itzehoe\" target=\"_blank\" rel=\"noopener\">Itzehoe<\/a> (<a href=\"https:\/\/www.ndr.de\/nachrichten\/schleswig-holstein\/Steinburg-Aktuelle-Nachrichten-und-Videos,steinburg118.html\" title=\"Steinburg - Aktuelle Nachrichten und Videos\" target=\"_blank\" rel=\"noopener\">Kreis Steinburg<\/a>) mitgeteilt. In diesem Zusammenhang \u00fcberpr\u00fcft sie nach eigenen Angaben zur\u00fcckliegende Todesf\u00e4lle. Erste Leichen wurden demnach bereits exhumiert und obduziert. F\u00fcr das umfangreiche Ermittlungsverfahren hat die Kriminalpolizei in Itzehoe eine Sonderkommission gebildet. Weitere Informationen geben die Ermittler &#8222;aus ermittlungstaktischen Gr\u00fcnden&#8220; zum jetztigen Zeitpunkt nicht bekannt. | NDR Schleswig-Holstein 08.07.2025 13:00 Uhr<\/p>\n<p>        <img decoding=\"async\" src=\"https:\/\/www.europesays.com\/de\/wp-content\/uploads\/2025\/07\/arzt634.webp\" alt=\"Ein Stethoskop liegt auf einem Laptop.\" title=\"Ein Stethoskop liegt auf einem Laptop. | Colourbox, Peopleimages.com\" class=\"responsive\" loading=\"lazy\"\/><\/p>\n<p>Die Opfer sollen laut Staatsanwaltschaft Itzehoe \u00e4lter gewesen sein. Sie ermittelt jetzt die Hintergr\u00fcnde. <\/p>\n<p>\n        08.07.2025 12:59 Uhr\n    <\/p>\n<p>    Umweltminister Goldschmidt kritisiert schnelleres Verfahren f\u00fcr CCS-Technologie<\/p>\n<p class=\"\">\nAus Schleswig-Holstein kommt Kritik daran, dass das Verfahren zum Verpressen von Kohlendioxid im Erdreich &#8211; Carbon Capture and Storage (CCS) &#8211; schneller kommen k\u00f6nnte als gedacht. Bundeswirtschaftsministerin Katherina Reiche (CDU) will die H\u00fcrden f\u00fcr dese Technologie senken. F\u00fcr Schleswig-Holsteins Umweltminister Tobias Goldschmidt ist CCS in der Nordsee nur denkbar, wenn die h\u00f6chsten Umwelt- und Sicherheitsstandards eingehalten werden. Kritiker bef\u00fcrchten, dass es bei der Verpressung unter dem Meer Lecks geben k\u00f6nnte, aus denen dann CO2 oder Methan austritt. Beim <a href=\"https:\/\/www.ndr.de\/nachrichten\/schleswig-holstein\/Kiel-Aktuelle-Nachrichten-News-und-Videos,kiel7262.html\" title=\"Kiel - Aktuelle Nachrichten und Videos\" target=\"_blank\" rel=\"noopener\">Kieler<\/a> Geomar Helmholtz-Zentrum f\u00fcr Ozeanforschung Institut sieht man das eher gelassen: Methan gebe es in der Nordsee nicht viel und kleine Lecks seien kontrollierbar. | NDR Schleswig-Holstein 08.07.2025 13:00 Uhr<\/p>\n<p>\n        08.07.2025 11:52 Uhr\n    <\/p>\n<p>    Fr\u00fchjahrskonjunktur-Umfrage von Nordmetall zeichnet d\u00fcsteres Bild<\/p>\n<p class=\"\">\nDie Metall- und Elektrobranche in Schleswig-Holstein blickt mit Sorge in die Zukunft. Das zeigt die Fr\u00fchjahrs-Konjunkturumfrage von Nordmetall. Demnach beurteilt jeder dritte Betrieb die Lage als &#8222;schlecht&#8220; oder &#8222;unbefriedigend&#8220; &#8211; darunter vor allem Metallerzeuger und Gie\u00dfereien. 55 Prozent der Betriebe rechnen damit, dass sich in den kommenden sechs Monaten nichts nennenswert verbessert. Knapp ein Viertel der Betriebe blickt positiv in die Zukunft, die \u00fcbrigen rund 21 Prozent glauben an eine Verschlechterung der Situation. Auch das Thema Fachkr\u00e4ftemangel besch\u00e4ftigt die Firmen im Land weiter. An der Konjunktur-Umfrage waren 75 Betriebe aus Schleswig-Holstein mit knapp 24.000 Besch\u00e4ftigten beteiligt. | NDR Schleswig-Holstein 08.07.2025 10:00 Uhr<\/p>\n<p>\n        08.07.2025 10:04 Uhr\n    <\/p>\n<p>    Radfahrerin bei Unfall im Kreis Rendsburg-Eckernf\u00f6rde schwer verletzt<\/p>\n<p class=\"\">\nBei einem Verkehrsunfall in Seefeld (<a href=\"https:\/\/www.ndr.de\/nachrichten\/schleswig-holstein\/Kreis-Rendsburg-Eckernfoerde-Aktuelle-Nachrichten-und-Videos,rendsburgeckernfoerde118.html\" title=\"Kreis Rendsburg-Eckernf\u00f6rde - Aktuelle Nachrichten und Videos\" target=\"_blank\" rel=\"noopener\">Kreis Rendsburg Eckernf\u00f6rde<\/a>) ist am Montagabend eine Radfahrerin lebensgef\u00e4hrlich verletzt worden. Laut Polizei hatte die 81-j\u00e4hrige Frau das Auto vermutlich beim \u00dcberqueren der Hauptstra\u00dfe \u00fcbersehen. Die Frau wurde mit schweren Kopfverletzungen in ein Krankenhaus gebracht. Der Autofahrer blieb unverletzt. Die Staatsanwaltschaft <a href=\"https:\/\/www.ndr.de\/nachrichten\/schleswig-holstein\/Kiel-Aktuelle-Nachrichten-News-und-Videos,kiel7262.html\" title=\"Kiel - Aktuelle Nachrichten und Videos\" target=\"_blank\" rel=\"noopener\">Kiel<\/a> hat einen Gutachter damit beauftragt, den Unfall zu rekonstruieren. | NDR Schleswig-Holstein 08.07.2025 10:00 Uhr<\/p>\n<p>\n        08.07.2025 09:57 Uhr\n    <\/p>\n<p>    Neue Studieng\u00e4nge an der Hochschule Flensburg<\/p>\n<p class=\"\">\nAn der Hochschule <a href=\"https:\/\/www.ndr.de\/nachrichten\/schleswig-holstein\/Flensburg-Nachrichten-Hintergruende-und-Videos,flensburg6034.html\" title=\"Flensburg - Aktuelle Nachrichten und Videos\" target=\"_blank\" rel=\"noopener\">Flensburg<\/a> gibt es <a href=\"https:\/\/www.ndr.de\/nachrichten\/schleswig-holstein\/textlink-22688~splash.html\" title=\"Hochschule Flensburg: F\u00fcnf neue Studieng\u00e4nge\" data-url=\"https:\/\/hs-flensburg.de\/hochschule\/aktuelles\/2025\/6\/20\/fuenf-neue-studiengaenge-hochschule-flensburg-bildet-fuer-die\" class=\"js-link-dialog\" data-type=\"external\" target=\"_blank\" rel=\"noopener\">f\u00fcnf neue Studieng\u00e4nge<\/a> &#8211; zwei davon haben einen Numerus Clausus (NC). Die Hochschule Flensburg weist darauf hin, dass die Bewerbungsfrist bei diesen Studieng\u00e4ngen bereits am 15. Juli endet. Das betrifft die Studieng\u00e4nge &#8222;Interactive Media &amp; Games&#8220; zum Programmieren von Computerspielen sowie &#8222;Gr\u00fcndung, Innovation, Entwicklung&#8220;. Studierende gr\u00fcnden dabei bereits im ersten Semester eine Firma. Weitere neue Studienangebote ohne NC an der Hochschule Flensburg sind Pflege, &#8222;Green Engineering &#8211; Umwelt und Verfahrenstechnik&#8220; und Wirtschaftsingenieurswesen. F\u00fcr diese k\u00f6nnen sich Interessierte noch bis Ende August bewerben. | NDR Schleswig-Holstein 08.07.2025 09:30 Uhr<\/p>\n<p>\n        08.07.2025 09:58 Uhr\n    <\/p>\n<p>    Medizinisches Versorgungszentrum auf Amrum in Betrieb<\/p>\n<p class=\"\">\nAuf der Insel Amrum (<a href=\"https:\/\/www.ndr.de\/nachrichten\/schleswig-holstein\/Nordfriesland-Aktuelle-Nachrichten-und-Videos,nordfriesland174.html\" title=\"Nordfriesland - Aktuelle Nachrichten und Videos\" target=\"_blank\" rel=\"noopener\">Kreis Nordfriesland<\/a>) ist das neue Medizinische Versorgungszentrum in Betrieb genommen worden. \u00c4u\u00dferlich \u00e4ndert sich an der Praxis im Ort Nebel nach Angaben des Amts F\u00f6hr-Amrum zun\u00e4chst nichts. Das gesamte Personal wechselt aber ins Angestelltenverh\u00e4ltnis bei einer neuen Gesellschaft. Hintergrund ist, dass die betreibende \u00c4rztin 2021 angek\u00fcndigt hatte, ihre Praxis abgeben zu wollen. In Wittd\u00fcn soll zudem bis 2027 eine neue moderne allgemeine Arztpraxis entstehen. Deren Bau startet voraussichtlich im September. | NDR Schleswig-Holstein 08.07.2025 09:30 Uhr<\/p>\n<p>\n        08.07.2025 09:52 Uhr\n    <\/p>\n<p>    A215 Richtung Kiel wird \u00fcber Nacht gesperrt<\/p>\n<p class=\"\">\nVon Dienstagabend um 20 Uhr (8.7.) bis Mittwochfr\u00fch um 6 Uhr (9.7.) wird die Autobahn 215 in Richtung <a href=\"https:\/\/www.ndr.de\/nachrichten\/schleswig-holstein\/Kiel-Aktuelle-Nachrichten-News-und-Videos,kiel7262.html\" title=\"Kiel - Aktuelle Nachrichten und Videos\" target=\"_blank\" rel=\"noopener\">Kiel<\/a> zwischen der Anschlussstelle Blumenthal und dem Autobahnkreuz Kiel-West gesperrt. Wie die Autobahn GmbH mitteilt, soll die Asphaltdecke \u00fcber Nacht erneuert werden. Der Verkehr wird den Angaben zufolge ab Blumenthal von der Autobahn geleitet und \u00fcber eine ausgeschilderte Umleitung wieder auf die Autobahn gef\u00fchrt. | NDR Schleswig-Holstein 08.07.2025 09:30 Uhr<\/p>\n<p>\n        08.07.2025 09:53 Uhr\n    <\/p>\n<p>    Unf\u00e4lle sorgen am Morgen f\u00fcr lange Staus im Pendlerverkehr<\/p>\n<p class=\"\">\nDienstagfr\u00fch hat es fast zeitgleich Unf\u00e4lle auf der <a href=\"https:\/\/www.ndr.de\/verkehr\/A7-News-zu-Unfaellen-und-Baustellen-im-Norden-der-Autobahn,asieben288.html\" title=\"A7 - News zu Unf\u00e4llen und Baustellen im Norden der Autobahn\" target=\"_blank\" rel=\"noopener\">A7<\/a> und der <a href=\"https:\/\/www.ndr.de\/nachrichten\/schleswig-holstein\/A23-News-zu-Unfaellen-Sperrungen-und-Baustellen-auf-der-Autobahn,thema168.html\" title=\"A23 - News zu Unf\u00e4llen, Sperrungen und Baustellen auf der Autobahn\" target=\"_blank\" rel=\"noopener\">A23<\/a> gegeben. Auf der A7 war ein Transporter gegen 4.30 Uhr zwischen Kaltenkirchen (<a href=\"https:\/\/www.ndr.de\/nachrichten\/schleswig-holstein\/Kreis-Segeberg-Aktuelle-Nachrichten-und-Videos,segeberg224.html\" title=\"Kreis Segeberg - Aktuelle Nachrichten und Videos\" target=\"_blank\" rel=\"noopener\">Kreis Segeberg<\/a>) und Quickborn (<a href=\"https:\/\/www.ndr.de\/nachrichten\/schleswig-holstein\/Kreis-Pinneberg-Aktuelle-Nachrichten-und-Videos,pinneberg280.html\" title=\"Kreis Pinneberg - Aktuelle Nachrichten und Videos\" target=\"_blank\" rel=\"noopener\">Kreis Pinneberg<\/a>) in die Mittelleitplanke gefahren. Au\u00dferdem hat es auf der A23 nach Informationen der Leitstelle einen Unfall mit Blechschaden gegeben. Dadurch war eine Spur blockiert und im Berufsverkehr nur eine Spur frei. Es entwickelten sich bis zu sieben Kilometer Stau zwischen Pinneberg-Nord und Elmshorn (beide Kreis Pinneberg). | NDR Schleswig-Holstein 08.07.2025 09:30 Uhr<\/p>\n<p>\n        08.07.2025 06:18 Uhr\n    <\/p>\n<p>    Illegale Mieterh\u00f6hungen in SH: Mieterbund will Gesetzes\u00e4nderung<\/p>\n<p class=\"\">\nIn Ballungsgebieten fordern Vermieter h\u00e4ufig h\u00f6here Mieten, als sie eigentlich d\u00fcrfen. Das zeigt eine NDR-Recherche bei den Mietervereinen im Land. Insgesamt sind mehrere Hundert F\u00e4lle bekannt geworden. &#8222;Die Dunkelziffer d\u00fcrfte sicherlich noch deutlich h\u00f6her liegen&#8220;, hei\u00dft es von einem der Mietervereine. Viele Vermieter halten sich offenbar nicht an eine Landesverordnung, nach der Mieten innerhalb von drei Jahren maximal um 15 Prozent steigen d\u00fcrfen. Sie forderten in vielen F\u00e4llen Mieterh\u00f6hungen von 20 Prozent. Auf Initiative des Mieterbunds Schleswig-Holstein setzt sich nun der Deutsche Mieterbund f\u00fcr eine Gesetzes\u00e4nderung ein. | NDR Schleswig-Holstein 08.07.2025 07:00 Uhr<\/p>\n<p>        <img decoding=\"async\" src=\"https:\/\/www.europesays.com\/de\/wp-content\/uploads\/2025\/07\/miete156.webp\" alt=\"Auf einem Grundriss einer Wohnung liegen Geldscheine und Schl\u00fcssel.\" title=\"Hohe Inflation und starke Nachfrage lassen die Mieten steigen (Themenbild). | Colourbox, -\" class=\"responsive\" loading=\"lazy\"\/><\/p>\n<p>Hunderte F\u00e4lle in Schleswig-Holstein sind bekannt. Einmal zugestimmt, wird die eigentlich unrechtm\u00e4\u00dfige Forderung bindend.<\/p>\n<p>\n        08.07.2025 07:10 Uhr\n    <\/p>\n<p>    Robert Habeck will offenbar in D\u00e4nemark arbeiten<\/p>\n<p class=\"\">\nRobert Habeck zieht es offenbar beruflich nach D\u00e4nemark. In Kopenhagen m\u00f6chte der Ex-Wirtschaftsminister nach Angaben der Deutschen Presseagentur k\u00fcnftig am D\u00e4nischen Institut f\u00fcr Internationale Studien arbeiten. Zuvor hatte der &#8222;Spiegel&#8220; berichtet. Au\u00dferdem will Habeck den Angaben zufolge an verschiedenen au\u00dfereurop\u00e4ischen Universit\u00e4ten als Gastprofessor t\u00e4tig werden. Unklar ist, ob der <a href=\"https:\/\/www.ndr.de\/nachrichten\/schleswig-holstein\/Flensburg-Nachrichten-Hintergruende-und-Videos,flensburg6034.html\" title=\"Flensburg - Aktuelle Nachrichten und Videos\" target=\"_blank\" rel=\"noopener\">Flensburger<\/a> sein Bundestagsmandat behalten will. Er sitzt im Ausw\u00e4rtigen Ausschuss und vertritt im Parlament den Wahlkreis Flensburg-Schleswig. | NDR Schleswig-Holstein 08.07.2025 07:00 Uhr<\/p>\n<p>        <img decoding=\"async\" src=\"https:\/\/www.europesays.com\/de\/wp-content\/uploads\/2025\/07\/1752038487_397_habeck-656.webp\" alt=\"Ein Mann l\u00e4chelt in die Kamera. Es ist Robert Habeck\" title=\"Ein Mann l\u00e4chelt in die Kamera. Es ist Robert Habeck | Bernd Elmenthaler\/Geisler-Fotopress\" class=\"responsive\" loading=\"lazy\"\/><\/p>\n<p>Dort m\u00f6chte er am D\u00e4nischen Institut f\u00fcr Internationale Studien in Kopenhagen arbeiten. In welchem Umfang, ist unklar.<\/p>\n<p>\n        08.07.2025 06:31 Uhr\n    <\/p>\n<p>    Berufungsprozess in Heide: Jugendstraft\u00e4ter erneut vor Gericht<\/p>\n<p class=\"\">\nIm Fall der gewaltt\u00e4tigen Jugendlichen vom <a href=\"https:\/\/www.ndr.de\/nachrichten\/schleswig-holstein\/Heide-Aktuelle-Nachrichten-und-Videos,heide986.html\" title=\"Heide: Aktuelle Nachrichten und Videos\" target=\"_blank\" rel=\"noopener\">Heider<\/a> Bahnhof (<a href=\"https:\/\/www.ndr.de\/nachrichten\/schleswig-holstein\/Dithmarschen-Aktuelle-Nachrichten-und-Videos,dithmarschen254.html\" title=\"Dithmarschen - Aktuelle Nachrichten und Videos\" target=\"_blank\" rel=\"noopener\">Kreis Dithmarschen<\/a>) hat am Dienstag ein Berufungsprozess in <a href=\"https:\/\/www.ndr.de\/nachrichten\/schleswig-holstein\/Itzehoe,itzehoe456.html\" title=\"Itzehoe\" target=\"_blank\" rel=\"noopener\">Itzehoe<\/a> (<a href=\"https:\/\/www.ndr.de\/nachrichten\/schleswig-holstein\/Steinburg-Aktuelle-Nachrichten-und-Videos,steinburg118.html\" title=\"Steinburg - Aktuelle Nachrichten und Videos\" target=\"_blank\" rel=\"noopener\">Kreis Steinburg<\/a>) begonnen. Vor einem Jahr sind drei der jungen Menschen vom Amtsgericht Itzehoe zu Jugendhaftstrafen verurteilt worden. Das Gericht sah es als erwiesen an, dass die Jugendlichen schwere Raub\u00fcberf\u00e4lle, gef\u00e4hrliche K\u00f6rperverletzung, schwere r\u00e4uberische Erpressung, Diebstahl und Unterschlagung begangen haben. Zwei der Jugendstraft\u00e4ter sind in Berufung gegangen. Sechs weitere Verhandlungstage sind bis Ende Juli angesetzt. | NDR Schleswig-Holstein 08.07.2025 06:00 Uhr<\/p>\n<p>\n        08.07.2025 06:46 Uhr\n    <\/p>\n<p>    Linienbus f\u00e4hrt in Wangels auf Auto auf &#8211; mehrere Verletzte<\/p>\n<p class=\"\">\nAuf der B202 bei Wangels (<a href=\"https:\/\/www.ndr.de\/nachrichten\/schleswig-holstein\/Ostholstein-Aktuelle-Nachrichten-und-Videos,ostholstein126.html\" title=\"Ostholstein - Aktuelle Nachrichten und Videos\" target=\"_blank\" rel=\"noopener\">Kreis Ostholstein<\/a>) ist Montagnachmittag ein Linienbus auf ein Auto aufgefahren. Der Busfahrer wurde laut Polizei bei dem Aufprall schwer verletzt. Im Auto befanden sich zwei Erwachsene und zwei Kleinkinder. Alle vier wurden leicht verletzt. Die B202 musste zeitweise gesperrt werden. | NDR Schleswig-Holstein 08.07.2025 06:00 Uhr<\/p>\n<p>    Diskussion um Obergrenze f\u00fcr Sch\u00fcler mit Migrationshintergrund<\/p>\n<p class=\"\">\nDie schleswig-holsteinische Bildungsministerin Dorit Stenke (CDU) lehnt die Idee einer Obergrenze f\u00fcr Sch\u00fclerinnen und Sch\u00fcler mit Migrationshintergrund in Klassen ab. Ihre Vorg\u00e4ngerin und derzeitige Bundesbildungsministerin Karin Prien (CDU) hatte sich in einem Interview offen daf\u00fcr gezeigt. Stattdessen muss laut Stenke vor allem \u00fcber die Deutschkenntnisse von Sch\u00fclern gesprochen werden. Kritik am Vorsto\u00df von Prien kommt auch von der SPD. Die Landesvorsitzende Serpil Midyatli sagte, die Forderung nach Obergrenzen von Sch\u00fclern mit Migrationshintergrund sei eine Botschaft an die Betroffenen, die kaum schlimmer sein k\u00f6nne. | NDR Schleswig-Holstein 07.07.2025 15:00 Uhr<\/p>\n<p>        <img decoding=\"async\" src=\"https:\/\/www.europesays.com\/de\/wp-content\/uploads\/2025\/07\/schuelerprojekthgw100.webp\" alt=\"Sch\u00fclerinnen und Sch\u00fcler sitzen in einem Klassenraum der Erwin-Fischer-Schule in Greifswald bei einem Projekttag.\" title=\"Sch\u00fclerinnen und Sch\u00fcler sitzen in einem Klassenraum der Erwin-Fischer-Schule in Greifswald bei einem Projekttag. | NDR, Merle Hobbold\" class=\"responsive\" loading=\"lazy\"\/><\/p>\n<p>Nach dem Vorschlag von Bundesbildungsministerin Karin Prien hagelt es Kritik. Die hatte sich offen f\u00fcr eine Migrationsquote an Schulen gezeigt.<\/p>\n<p>\n        08.07.2025 07:16 Uhr\n    <\/p>\n<p>    Das Wetter: Sonne, Wolken, Regen und Gewitter<\/p>\n<p class=\"\">\nNeben vielen Wolken zeigt sich am Dienstagabend ach die Sonne, gebietsweise sind Regenschauer dabei, vereinzelt auch Gewitter. In der Nacht ist es zum Teil wolkig mit einzelnen Schauern, sp\u00e4ter bleibt es im Norden meist trocken mit gr\u00f6\u00dferen Auflockerungen. Die Tiefstwerte sinken auf15 Grad auf <a href=\"https:\/\/www.ndr.de\/nachrichten\/schleswig-holstein\/Sylt-Aktuelle-News-und-Videos-von-der-Insel,sylt1522.html\" title=\"Sylt - Nachrichten und Videos von der Nordsee-Insel\" target=\"_blank\" rel=\"noopener\">Sylt<\/a> (<a href=\"https:\/\/www.ndr.de\/nachrichten\/schleswig-holstein\/Nordfriesland-Aktuelle-Nachrichten-und-Videos,nordfriesland174.html\" title=\"Nordfriesland - Aktuelle Nachrichten und Videos\" target=\"_blank\" rel=\"noopener\">Kreis Nordfriesland<\/a>) bis 11 Grad in Hohn (<a href=\"https:\/\/www.ndr.de\/nachrichten\/schleswig-holstein\/Kreis-Rendsburg-Eckernfoerde-Aktuelle-Nachrichten-und-Videos,rendsburgeckernfoerde118.html\" title=\"Kreis Rendsburg-Eckernf\u00f6rde - Aktuelle Nachrichten und Videos\" target=\"_blank\" rel=\"noopener\">Kreis Rendsburg-Eckernf\u00f6rde<\/a>). Exponiert weht dazu ein stark b\u00f6iger Wind aus Nord bis Nordwest. | NDR Schleswig-Holstein 08.07.2025 16:00 Uhr<\/p>\n<p>        <img decoding=\"async\" src=\"https:\/\/www.europesays.com\/de\/wp-content\/uploads\/2025\/07\/wetter-588.webp\" alt=\"NDR Moderator Meeno Schrader steht im Studio mit der Wettervorhersage.\" title=\"NDR Moderator Meeno Schrader steht im Studio mit der Wettervorhersage. | NDR\" class=\"responsive\" loading=\"lazy\"\/><\/p>\n<p>NDR Schleswig-Holstein Wetterexperte Meeno Schrader mit den Aussichten f\u00fcr den 7. Juli und die kommenden Tage.<\/p>\n<p>        <img decoding=\"async\" src=\"https:\/\/www.europesays.com\/de\/wp-content\/uploads\/2025\/06\/podcastlogo104.webp\" alt=\"Ein Mikrofon vor zwei Menschen.\" title=\"Ein Mikrofon vor zwei Menschen. | NDR, Janis R\u00f6hlig\" class=\"responsive\" loading=\"lazy\"\/><\/p>\n<p>Alles, was f\u00fcr Schleswig-Holstein wichtig ist: Im Nachrichten-Podcast von NDR 1 Welle Nord h\u00f6ren Sie das Neueste aus Schleswig-Holstein, Deutschland und der Welt.<\/p>\n","protected":false},"excerpt":{"rendered":"Stand: 08.07.2025 19:52 Uhr Nachrichten aus Schleswig-Holstein vom 8. Juli 2025 &#8211; kompakt und aktuell im Newsblog von&hellip;\n","protected":false},"author":2,"featured_media":203443,"comment_status":"","ping_status":"","sticky":false,"template":"","format":"standard","meta":{"footnotes":""},"categories":[1852],"tags":[590,3364,29,548,663,3934,30,13,4949,17462,14,15,12,1971,17461,1973],"class_list":{"0":"post-253820","1":"post","2":"type-post","3":"status-publish","4":"format-standard","5":"has-post-thumbnail","7":"category-kiel","8":"tag-aktuell","9":"tag-de","10":"tag-deutschland","11":"tag-eu","12":"tag-europa","13":"tag-europe","14":"tag-germany","15":"tag-headlines","16":"tag-kiel","17":"tag-kompakt","18":"tag-nachrichten","19":"tag-news","20":"tag-schlagzeilen","21":"tag-schleswig-holstein","22":"tag-ueberblick","23":"tag-wetter"},"share_on_mastodon":{"url":"https:\/\/pubeurope.com\/@de\/114821601050803630","error":""},"_links":{"self":[{"href":"https:\/\/www.europesays.com\/de\/wp-json\/wp\/v2\/posts\/253820","targetHints":{"allow":["GET"]}}],"collection":[{"href":"https:\/\/www.europesays.com\/de\/wp-json\/wp\/v2\/posts"}],"about":[{"href":"https:\/\/www.europesays.com\/de\/wp-json\/wp\/v2\/types\/post"}],"author":[{"embeddable":true,"href":"https:\/\/www.europesays.com\/de\/wp-json\/wp\/v2\/users\/2"}],"replies":[{"embeddable":true,"href":"https:\/\/www.europesays.com\/de\/wp-json\/wp\/v2\/comments?post=253820"}],"version-history":[{"count":0,"href":"https:\/\/www.europesays.com\/de\/wp-json\/wp\/v2\/posts\/253820\/revisions"}],"wp:featuredmedia":[{"embeddable":true,"href":"https:\/\/www.europesays.com\/de\/wp-json\/wp\/v2\/media\/203443"}],"wp:attachment":[{"href":"https:\/\/www.europesays.com\/de\/wp-json\/wp\/v2\/media?parent=253820"}],"wp:term":[{"taxonomy":"category","embeddable":true,"href":"https:\/\/www.europesays.com\/de\/wp-json\/wp\/v2\/categories?post=253820"},{"taxonomy":"post_tag","embeddable":true,"href":"https:\/\/www.europesays.com\/de\/wp-json\/wp\/v2\/tags?post=253820"}],"curies":[{"name":"wp","href":"https:\/\/api.w.org\/{rel}","templated":true}]}}