{"id":253821,"date":"2025-07-09T05:22:10","date_gmt":"2025-07-09T05:22:10","guid":{"rendered":"https:\/\/www.europesays.com\/de\/253821\/"},"modified":"2025-07-09T05:22:10","modified_gmt":"2025-07-09T05:22:10","slug":"auf-erdbeerfeldern-wird-geklaut-randaliert-und-gemeckert-bianca-scholz-verlaesst-lichtenau","status":"publish","type":"post","link":"https:\/\/www.europesays.com\/de\/253821\/","title":{"rendered":"\u201eAuf Erdbeerfeldern wird geklaut, randaliert und gemeckert\u201c: Bianca Scholz verl\u00e4sst Lichtenau"},"content":{"rendered":"<p class=\"bold\">\n\t\t\t\t\t\t\t\t\t\tBianca Scholz beendet die Erdbeer-\u00c4ra in Lichtenau. Trotz guter Ertr\u00e4ge zieht sie sich zur\u00fcck. Die Schattenseiten der Selbstpfl\u00fccker-Kultur haben ihre Entscheidung ma\u00dfgeblich beeinflusst.\t\t\t\t<\/p>\n<p>\t\t\t\t Die Verkaufsbuden und Z\u00e4une abgebaut, die Felder abgeerntet: Die Erdbeersaison im Fruchthof Hammer in Lichtenau ist beendet. Bianca Scholz vom Fruchthof zieht Bilanz: \u201eIch bin sehr zufrieden.\u201c Seit knapp 15 Jahren ist sie die Chefin \u00fcber die Erdbeerfelder. Sie erstrecken sich auf einer Fl\u00e4che von 3,5 Hektar an der Chemnitzer Stra\u00dfe. Der&#8230;<\/p>\n<p>\t\t<img decoding=\"async\" class=\"fp-plus-logo\" src=\"https:\/\/www.freiepresse.de\/img\/fpplus.svg\" alt=\"Freie Presse plus Logo\"\/><\/p>\n<p>Registrieren und testen.<\/p>\n<p>Jetzt mit Ihrer Registrierung 1 Monat gratis testen und alle Beitr\u00e4ge lesen.<\/p>\n<p>Schon Abonnent? Melden Sie sich mit ihren Zugangsdaten an.<\/p>\n","protected":false},"excerpt":{"rendered":"Bianca Scholz beendet die Erdbeer-\u00c4ra in Lichtenau. Trotz guter Ertr\u00e4ge zieht sie sich zur\u00fcck. Die Schattenseiten der Selbstpfl\u00fccker-Kultur&hellip;\n","protected":false},"author":2,"featured_media":253822,"comment_status":"","ping_status":"","sticky":false,"template":"","format":"standard","meta":{"footnotes":""},"categories":[1851],"tags":[2770,3364,29,548,663,3934,3858,30,13,14,15,859,12],"class_list":{"0":"post-253821","1":"post","2":"type-post","3":"status-publish","4":"format-standard","5":"has-post-thumbnail","7":"category-chemnitz","8":"tag-chemnitz","9":"tag-de","10":"tag-deutschland","11":"tag-eu","12":"tag-europa","13":"tag-europe","14":"tag-firmenleben-firmen-in-not","15":"tag-germany","16":"tag-headlines","17":"tag-nachrichten","18":"tag-news","19":"tag-sachsen","20":"tag-schlagzeilen"},"share_on_mastodon":{"url":"https:\/\/pubeurope.com\/@de\/114821604880733951","error":""},"_links":{"self":[{"href":"https:\/\/www.europesays.com\/de\/wp-json\/wp\/v2\/posts\/253821","targetHints":{"allow":["GET"]}}],"collection":[{"href":"https:\/\/www.europesays.com\/de\/wp-json\/wp\/v2\/posts"}],"about":[{"href":"https:\/\/www.europesays.com\/de\/wp-json\/wp\/v2\/types\/post"}],"author":[{"embeddable":true,"href":"https:\/\/www.europesays.com\/de\/wp-json\/wp\/v2\/users\/2"}],"replies":[{"embeddable":true,"href":"https:\/\/www.europesays.com\/de\/wp-json\/wp\/v2\/comments?post=253821"}],"version-history":[{"count":0,"href":"https:\/\/www.europesays.com\/de\/wp-json\/wp\/v2\/posts\/253821\/revisions"}],"wp:featuredmedia":[{"embeddable":true,"href":"https:\/\/www.europesays.com\/de\/wp-json\/wp\/v2\/media\/253822"}],"wp:attachment":[{"href":"https:\/\/www.europesays.com\/de\/wp-json\/wp\/v2\/media?parent=253821"}],"wp:term":[{"taxonomy":"category","embeddable":true,"href":"https:\/\/www.europesays.com\/de\/wp-json\/wp\/v2\/categories?post=253821"},{"taxonomy":"post_tag","embeddable":true,"href":"https:\/\/www.europesays.com\/de\/wp-json\/wp\/v2\/tags?post=253821"}],"curies":[{"name":"wp","href":"https:\/\/api.w.org\/{rel}","templated":true}]}}