{"id":253823,"date":"2025-07-09T05:23:09","date_gmt":"2025-07-09T05:23:09","guid":{"rendered":"https:\/\/www.europesays.com\/de\/253823\/"},"modified":"2025-07-09T05:23:09","modified_gmt":"2025-07-09T05:23:09","slug":"pol-bs-versuchter-einbruch-in-kiosk","status":"publish","type":"post","link":"https:\/\/www.europesays.com\/de\/253823\/","title":{"rendered":"POL-BS: Versuchter Einbruch in Kiosk"},"content":{"rendered":"<p class=\"date\">09.07.2025 \u2013 07:05<\/p>\n<p class=\"customer\">\n                        <a class=\"story-customer\" title=\"weiter zum newsroom von Polizei Braunschweig\" href=\"https:\/\/www.presseportal.de\/blaulicht\/nr\/11554\" rel=\"nofollow noopener\" target=\"_blank\">Polizei Braunschweig<\/a>\n                    <\/p>\n<p><a data-category=\"citylink-story-view\" data-action=\"click\" data-label=\"Citylink in Meldungsansicht\" class=\"story-city event-trigger\" href=\"https:\/\/www.presseportal.de\/regional\/Braunschweig\" title=\"News aus Braunschweig \" rel=\"nofollow noopener\" target=\"_blank\">Braunschweig<\/a> (ots)<\/p>\n<p> Braunschweig, Madamenweg <\/p>\n<p> 07.07.2025, 05.00 Uhr <\/p>\n<p> T\u00e4ter fl\u00fcchten mit gestohlenem Fahrzeug <\/p>\n<p> Am fr\u00fchen Montagmorgen meldete sich ein Anwohner im Madamenweg bei der Polizei und gab an, dass gerade vier Personen versucht haben, in einen Kiosk an der Ecke Gutenbergstra\u00dfe einzubrechen. Als er diese aus seinem Fenster angesprochen habe, seien sie in einem wei\u00dfen PKW gefl\u00fcchtet. <\/p>\n<p> Unverz\u00fcglich wurden daraufhin Fahndungsma\u00dfnahmen nach dem fl\u00fcchtigen Fahrzeug eingeleitet. <\/p>\n<p> Kurze Zeit sp\u00e4ter konnte das beschriebene Fahrzeug an der Anschlussstelle Watenb\u00fcttel auf der A2 in Richtung Hannover festgestellt werden, so dass eine dortige Funkstreifenbesatzung die Verfolgung des wei\u00dfen Seat aufnahm. <\/p>\n<p> \u00dcber die A2 fuhren die Fl\u00fcchtigen dann bis zur Abfahrt Peine-Ost, von wo aus sie ins Stadtgebiet Peine einfuhren. Auf diesem Weg missachtete man mehrfach die jeweils zul\u00e4ssigen H\u00f6chstgeschwindigkeiten, ignorierte Stop- und Vorfahrtsschilder und nutze teilweise die volle Breite der Fahrbahn. <\/p>\n<p> In der Werderstra\u00dfe \u00f6ffneten sich pl\u00f6tzlich alle T\u00fcren des Fahrzeugs und die vier m\u00e4nnlichen Insassen liefen aus dem noch rollenden Fahrzeug in verschiedene Richtungen davon. Der nun f\u00fchrerlose Seat kollidierte nach ein paar Metern mit einer Stra\u00dfenlaterne und kam folglich zum Stehen. <\/p>\n<p> Zwei der vier Fl\u00fcchtigen konnten im Anschluss fu\u00dfl\u00e4ufig durch nacheilende Polizeibeamte gestellt und festgenommen werden, die anderen Beiden konnten nicht mehr festgestellt werden. Hierbei handelte es um Jugendliche und Heranwachsende aus dem Hannoveraner Umland. <\/p>\n<p> Bei einer \u00dcberpr\u00fcfung des Fluchtfahrzeugs stellte sich heraus, dass dieses bereits Anfang Juni als gestohlen gemeldet wurde. <\/p>\n<p> Gegen die Beschuldigten wird nun u.a. wegen versuchtem Einbruchdiebstahl, Verdacht des KfZ-Diebstahls, unerlaubtem Kraftfahrzeugrennen und Fahren ohne Fahrerlaubnis ermittelt. <\/p>\n<p> Der gestohlene Seat wurde zun\u00e4chst zum Zwecke der Beweissicherung beschlagnahmt. <\/p>\n<p> Nach Abschluss der polizeilichen Ma\u00dfnahmen wurden die Beschuldigten nach R\u00fccksprache mit der Staatsanwaltschaft Braunschweig entlassen. <\/p>\n<p class=\"contact-headline\">R\u00fcckfragen bitte an:<\/p>\n<p class=\"contact-text\">Polizei Braunschweig<br \/>PI Braunschweig, \u00d6ffentlichkeitsarbeit<\/p>\n<p>Telefon: 0531\/476-3032, -3033 und 3034<br \/>E-Mail: <a href=\"https:\/\/www.presseportal.de\/blaulicht\/pm\/11554\/mailto: pressestelle@pi-bs.polizei.niedersachsen.de\" class=\"uri-mailto\" rel=\"nofollow noopener\" target=\"_blank\"> pressestelle@pi-bs.polizei.niedersachsen.de<\/a><br \/><a target=\"_blank\" class=\"uri-ext outbound\" rel=\"noopener nofollow\" href=\"http:\/\/www.polizei-braunschweig.de\">http:\/\/www.polizei-braunschweig.de<\/a><\/p>\n<p class=\"originator\">Original-Content von: Polizei Braunschweig, \u00fcbermittelt durch news aktuell<\/p>\n","protected":false},"excerpt":{"rendered":"09.07.2025 \u2013 07:05 Polizei Braunschweig Braunschweig (ots) Braunschweig, Madamenweg 07.07.2025, 05.00 Uhr T\u00e4ter fl\u00fcchten mit gestohlenem Fahrzeug Am&hellip;\n","protected":false},"author":2,"featured_media":108,"comment_status":"","ping_status":"","sticky":false,"template":"","format":"standard","meta":{"footnotes":""},"categories":[1850],"tags":[6429,3364,29,548,663,3934,30,13,177,14,15,5404,1411,121,178,180,179,181,12],"class_list":{"0":"post-253823","1":"post","2":"type-post","3":"status-publish","4":"format-standard","5":"has-post-thumbnail","7":"category-braunschweig","8":"tag-braunschweig","9":"tag-de","10":"tag-deutschland","11":"tag-eu","12":"tag-europa","13":"tag-europe","14":"tag-germany","15":"tag-headlines","16":"tag-kriminalitt","17":"tag-nachrichten","18":"tag-news","19":"tag-ni","20":"tag-niedersachsen","21":"tag-polizei","22":"tag-presse","23":"tag-pressemeldung","24":"tag-pressemitteilung","25":"tag-pressemitteilungen","26":"tag-schlagzeilen"},"share_on_mastodon":{"url":"https:\/\/pubeurope.com\/@de\/114821608566317270","error":""},"_links":{"self":[{"href":"https:\/\/www.europesays.com\/de\/wp-json\/wp\/v2\/posts\/253823","targetHints":{"allow":["GET"]}}],"collection":[{"href":"https:\/\/www.europesays.com\/de\/wp-json\/wp\/v2\/posts"}],"about":[{"href":"https:\/\/www.europesays.com\/de\/wp-json\/wp\/v2\/types\/post"}],"author":[{"embeddable":true,"href":"https:\/\/www.europesays.com\/de\/wp-json\/wp\/v2\/users\/2"}],"replies":[{"embeddable":true,"href":"https:\/\/www.europesays.com\/de\/wp-json\/wp\/v2\/comments?post=253823"}],"version-history":[{"count":0,"href":"https:\/\/www.europesays.com\/de\/wp-json\/wp\/v2\/posts\/253823\/revisions"}],"wp:featuredmedia":[{"embeddable":true,"href":"https:\/\/www.europesays.com\/de\/wp-json\/wp\/v2\/media\/108"}],"wp:attachment":[{"href":"https:\/\/www.europesays.com\/de\/wp-json\/wp\/v2\/media?parent=253823"}],"wp:term":[{"taxonomy":"category","embeddable":true,"href":"https:\/\/www.europesays.com\/de\/wp-json\/wp\/v2\/categories?post=253823"},{"taxonomy":"post_tag","embeddable":true,"href":"https:\/\/www.europesays.com\/de\/wp-json\/wp\/v2\/tags?post=253823"}],"curies":[{"name":"wp","href":"https:\/\/api.w.org\/{rel}","templated":true}]}}