{"id":253824,"date":"2025-07-09T05:24:12","date_gmt":"2025-07-09T05:24:12","guid":{"rendered":"https:\/\/www.europesays.com\/de\/253824\/"},"modified":"2025-07-09T05:24:12","modified_gmt":"2025-07-09T05:24:12","slug":"lagerhallenbrand-in-willich-neersen-welle-niederrhein","status":"publish","type":"post","link":"https:\/\/www.europesays.com\/de\/253824\/","title":{"rendered":"Lagerhallenbrand in Willich-Neersen &#8211; Welle Niederrhein"},"content":{"rendered":"<p class=\"small date article__date\">Ver\u00f6ffentlicht:\u00a0Mittwoch, 09.07.2025 06:58<\/p>\n<p>In Willich-Neersen hat heute Morgen eine 600 m\u00b2 gro\u00dfe Lagerhalle gebrannt. Die Feuerwehr war mit 40 Kr\u00e4ften im Einsatz. Verletzte gab es keine. Ursache unklar.<\/p>\n<p><img decoding=\"async\" alt=\"\" src=\"https:\/\/www.europesays.com\/de\/wp-content\/uploads\/2025\/07\/bild-sym-feuerwehr-jacken.jpeg&#038;crop=174x-1x3280x2050&#038;resize=1280x800&#038;dt=202406181444090.jpeg\" data-size=\"1280x800\"\/>\u00a9 SYMBOLBILD | oorjos &#8211; stock.adobe.com<\/p>\n<p>Heute Morgen (09.07) hat in Willich-Neersen eine alte Lagerhalle an der Cloerbruchallee gebrannt. Das 600 Quadratmeter gro\u00dfe Geb\u00e4ude, das zuletzt leer gestanden hat, ist in Flammen aufgegangen. Die Feuerwehr ist gegen 3:30 Uhr mit rund 40 Einsatzkr\u00e4ften ausger\u00fcckt, um den Brand zu l\u00f6schen. Verletzt wurde niemand.<\/p>\n<p>Wie es zu dem Brand gekommen ist, ist aktuell noch unklar. Der Einsatz der Feuerwehr ist mittlerweile beendet, und die zuvor eingerichteten Stra\u00dfensperrungen, unter anderem an der Hauptstra\u00dfe, sind bereits wieder aufgehoben worden.<\/p>\n","protected":false},"excerpt":{"rendered":"Ver\u00f6ffentlicht:\u00a0Mittwoch, 09.07.2025 06:58 In Willich-Neersen hat heute Morgen eine 600 m\u00b2 gro\u00dfe Lagerhalle gebrannt. Die Feuerwehr war mit&hellip;\n","protected":false},"author":2,"featured_media":204314,"comment_status":"","ping_status":"","sticky":false,"template":"","format":"standard","meta":{"footnotes":""},"categories":[1849],"tags":[3364,29,548,663,3934,30,13,4455,14,15,3716,1209,12],"class_list":{"0":"post-253824","1":"post","2":"type-post","3":"status-publish","4":"format-standard","5":"has-post-thumbnail","7":"category-moenchengladbach","8":"tag-de","9":"tag-deutschland","10":"tag-eu","11":"tag-europa","12":"tag-europe","13":"tag-germany","14":"tag-headlines","15":"tag-moenchengladbach","16":"tag-nachrichten","17":"tag-news","18":"tag-niederrhein","19":"tag-nordrhein-westfalen","20":"tag-schlagzeilen"},"share_on_mastodon":{"url":"https:\/\/pubeurope.com\/@de\/114821612547436866","error":""},"_links":{"self":[{"href":"https:\/\/www.europesays.com\/de\/wp-json\/wp\/v2\/posts\/253824","targetHints":{"allow":["GET"]}}],"collection":[{"href":"https:\/\/www.europesays.com\/de\/wp-json\/wp\/v2\/posts"}],"about":[{"href":"https:\/\/www.europesays.com\/de\/wp-json\/wp\/v2\/types\/post"}],"author":[{"embeddable":true,"href":"https:\/\/www.europesays.com\/de\/wp-json\/wp\/v2\/users\/2"}],"replies":[{"embeddable":true,"href":"https:\/\/www.europesays.com\/de\/wp-json\/wp\/v2\/comments?post=253824"}],"version-history":[{"count":0,"href":"https:\/\/www.europesays.com\/de\/wp-json\/wp\/v2\/posts\/253824\/revisions"}],"wp:featuredmedia":[{"embeddable":true,"href":"https:\/\/www.europesays.com\/de\/wp-json\/wp\/v2\/media\/204314"}],"wp:attachment":[{"href":"https:\/\/www.europesays.com\/de\/wp-json\/wp\/v2\/media?parent=253824"}],"wp:term":[{"taxonomy":"category","embeddable":true,"href":"https:\/\/www.europesays.com\/de\/wp-json\/wp\/v2\/categories?post=253824"},{"taxonomy":"post_tag","embeddable":true,"href":"https:\/\/www.europesays.com\/de\/wp-json\/wp\/v2\/tags?post=253824"}],"curies":[{"name":"wp","href":"https:\/\/api.w.org\/{rel}","templated":true}]}}