{"id":253825,"date":"2025-07-09T05:25:12","date_gmt":"2025-07-09T05:25:12","guid":{"rendered":"https:\/\/www.europesays.com\/de\/253825\/"},"modified":"2025-07-09T05:25:12","modified_gmt":"2025-07-09T05:25:12","slug":"problemhaeuser-in-bismarck-stadt-laedt-zum-austausch-ein","status":"publish","type":"post","link":"https:\/\/www.europesays.com\/de\/253825\/","title":{"rendered":"Problemh\u00e4user in Bismarck: Stadt l\u00e4dt zum Austausch ein"},"content":{"rendered":"<p class=\"small date article__date\">Ver\u00f6ffentlicht:\u00a0Mittwoch, 09.07.2025 06:54<\/p>\n<p>Am Ahlmannshof in Gelsenkirchen laufen die Abrissarbeiten &#8211; heute informiert euch die Stadt \u00fcber die Pl\u00e4ne f\u00fcr das Gel\u00e4nde der Schrottimmobilien.<\/p>\n<p><img decoding=\"async\" alt=\"\" src=\"https:\/\/www.europesays.com\/de\/wp-content\/uploads\/2025\/07\/ahlmannshof-1.jpg&#038;crop=0x0x5712x3570&#038;resize=1280x800&#038;dt=202506111336000.jpeg\" data-size=\"1280x800\"\/>\u00a9 Radio Emscher Lippe<\/p>\n<ul>\n<li><strong>Problemh\u00e4user sollen u.a. Platz f\u00fcr einen neuen Kindergarten machen<\/strong><\/li>\n<li><strong>Beim Nachbarschaftstreffen (15\u201318 Uhr) k\u00f6nnt ihr Fragen loswerden<\/strong><\/li>\n<\/ul>\n<p>Beim Abriss der Schrottimmobilien am Ahlmannshof in Gelsenkirchen-Bismarck geht es voran &#8211; heute will die Stadt auch die Anwohner mit ins Boot holen. Am Nachmittag gibt es ein Nachbarschaftstreffen. Da k\u00f6nnt ihr als Interessierte mit den Planern ins Gespr\u00e4ch kommen, Fragen stellen \u2013 und einen Blick auf die ersten Arbeiten werfen. <\/p>\n<p><a href=\"https:\/\/www.radioemscherlippe.de\/artikel\/stadt-kauft-schrottimmobilien-in-bismarck-2275055.html\" rel=\"noopener noreferrer\" target=\"_blank\">Die Stadt Gelsenkirchen hat vor kurzem sieben Schrotth\u00e4user am Ahlmannshof gekaut<\/a>. Sie werden jetzt St\u00fcck f\u00fcr St\u00fcck abgerissen. An ihrer Stelle soll unter anderem ein neuer Kindergarten entstehen. <\/p>\n<p>Das Treffen f\u00fcr die Anwohner in Bismarck ist heute von 15 bis 18 Uhr am Knotenpunkt des Fu\u00df- und Radwegs hinter dem Ahlmannshof (H\u00f6he Robergstra\u00dfe 28).<\/p>\n","protected":false},"excerpt":{"rendered":"Ver\u00f6ffentlicht:\u00a0Mittwoch, 09.07.2025 06:54 Am Ahlmannshof in Gelsenkirchen laufen die Abrissarbeiten &#8211; heute informiert euch die Stadt \u00fcber die&hellip;\n","protected":false},"author":2,"featured_media":253826,"comment_status":"","ping_status":"","sticky":false,"template":"","format":"standard","meta":{"footnotes":""},"categories":[1848],"tags":[77628,8546,3364,29,548,663,3934,3658,30,13,14,15,1209,12,61090],"class_list":{"0":"post-253825","1":"post","2":"type-post","3":"status-publish","4":"format-standard","5":"has-post-thumbnail","7":"category-gelsenkirchen","8":"tag-zukunftsplne","9":"tag-abriss","10":"tag-de","11":"tag-deutschland","12":"tag-eu","13":"tag-europa","14":"tag-europe","15":"tag-gelsenkirchen","16":"tag-germany","17":"tag-headlines","18":"tag-nachrichten","19":"tag-news","20":"tag-nordrhein-westfalen","21":"tag-schlagzeilen","22":"tag-schrottimmobilie"},"share_on_mastodon":{"url":"https:\/\/pubeurope.com\/@de\/114821616837309357","error":""},"_links":{"self":[{"href":"https:\/\/www.europesays.com\/de\/wp-json\/wp\/v2\/posts\/253825","targetHints":{"allow":["GET"]}}],"collection":[{"href":"https:\/\/www.europesays.com\/de\/wp-json\/wp\/v2\/posts"}],"about":[{"href":"https:\/\/www.europesays.com\/de\/wp-json\/wp\/v2\/types\/post"}],"author":[{"embeddable":true,"href":"https:\/\/www.europesays.com\/de\/wp-json\/wp\/v2\/users\/2"}],"replies":[{"embeddable":true,"href":"https:\/\/www.europesays.com\/de\/wp-json\/wp\/v2\/comments?post=253825"}],"version-history":[{"count":0,"href":"https:\/\/www.europesays.com\/de\/wp-json\/wp\/v2\/posts\/253825\/revisions"}],"wp:featuredmedia":[{"embeddable":true,"href":"https:\/\/www.europesays.com\/de\/wp-json\/wp\/v2\/media\/253826"}],"wp:attachment":[{"href":"https:\/\/www.europesays.com\/de\/wp-json\/wp\/v2\/media?parent=253825"}],"wp:term":[{"taxonomy":"category","embeddable":true,"href":"https:\/\/www.europesays.com\/de\/wp-json\/wp\/v2\/categories?post=253825"},{"taxonomy":"post_tag","embeddable":true,"href":"https:\/\/www.europesays.com\/de\/wp-json\/wp\/v2\/tags?post=253825"}],"curies":[{"name":"wp","href":"https:\/\/api.w.org\/{rel}","templated":true}]}}