{"id":253827,"date":"2025-07-09T05:26:21","date_gmt":"2025-07-09T05:26:21","guid":{"rendered":"https:\/\/www.europesays.com\/de\/253827\/"},"modified":"2025-07-09T05:26:21","modified_gmt":"2025-07-09T05:26:21","slug":"wiesbaden-event-veranstaltung-gibber-kerb-programm","status":"publish","type":"post","link":"https:\/\/www.europesays.com\/de\/253827\/","title":{"rendered":"Wiesbaden Event Veranstaltung Gibber Kerb Programm"},"content":{"rendered":"<p data-start=\"267\" data-end=\"516\">Biergarten, Bands und Brillantfeuerwerk: Vom 18. bis 21. Juli wird Biebrichs Traditionsfest zur Erlebniswelt f\u00fcr alle Generationen \u2013 mit \u00fcberarbeitetem Ausschankkonzept, legend\u00e4rer Stimmung und einem Programm, das keine W\u00fcnsche offen l\u00e4sst.<\/p>\n<p>Vier Tage Ausnahmezustand in Biebrich<\/p>\n<p data-start=\"595\" data-end=\"922\">Wenn sich Musik, Lichterglanz und der Duft frisch gebratener Mandeln \u00fcber dem Biebricher Festplatz mischen, ist eines sicher: Die Gibber Kerb verzaubert wieder kleine und gro\u00dfe Besucherinnen und Besucher \u2013 und das im 116. Jahr ihres Bestehens. Die Bleichwiese an vier Tagen in eine bunte Festmeile mit Highlights f\u00fcr die ganze Familie.<\/p>\n<p data-start=\"924\" data-end=\"1123\">Im Mittelpunkt: die beliebte Open-Air-B\u00fchne mit \u00fcberdachtem Biergarten. Ein 18 Meter gro\u00dfer Polygon-Schirm von Magic Sky sorgt dabei f\u00fcr optimalen Wetter-Schutz \u2013 bei Sonne wie bei Regen.<\/p>\n<p>Neue Ausschankkonzepte und bargeldlose Zahlung<\/p>\n<p data-start=\"1196\" data-end=\"1478\">Die Veranstalter haben in diesem Jahr besonders an den Details gearbeitet: Die Ausschanksituation wurde verbessert \u2013 mit zwei gro\u00dfen Veltins-Ausschankwagen direkt im B\u00fchnenbereich. Auch der Weinstand mit seinen gem\u00fctlichen Sitzpl\u00e4tzen bleibt ein Treffpunkt f\u00fcr Genie\u00dfer.<\/p>\n<p data-start=\"1480\" data-end=\"1620\">Dar\u00fcber hinaus wurden die Zahlungsm\u00f6glichkeiten optimiert, um Wartezeiten zu reduzieren und den Festbesuch noch angenehmer zu gestalten.<\/p>\n<p>Musik f\u00fcr jeden Geschmack: Von Blasmusik bis Queen-Cover<\/p>\n<p data-start=\"1689\" data-end=\"1859\">Das Musikprogramm deckt alle Genres ab: Blasmusik, Kerbe- und Partyhits, Ballermann-Klassiker und Rock-Acts \u2013 vier Tage lang ist die B\u00fchne voll besetzt.<\/p>\n<p data-start=\"1861\" data-end=\"1893\">Die H\u00f6hepunkte im \u00dcberblick:<\/p>\n<ul data-start=\"1894\" data-end=\"2236\">\n<li data-start=\"1894\" data-end=\"2020\">\n<p data-start=\"1896\" data-end=\"2020\">Freitag, 19:00 Uhr: Traditioneller Kerbeaufmarsch &amp; Bieranstich mit Dr. Obermayr, danach: Die Filsbacher XXL<\/p>\n<\/li>\n<li data-start=\"2021\" data-end=\"2098\">\n<p data-start=\"2023\" data-end=\"2098\">Samstagabend: \u201eTHE QUEEN KINGS\u201c, Deutschlands Top-Queen-Coverband<\/p>\n<\/li>\n<li data-start=\"2099\" data-end=\"2236\">\n<p data-start=\"2101\" data-end=\"2236\">Montag, 18:30 Uhr: FFH Just Party mit DJ Tobias Radloff, gefolgt von einem spektakul\u00e4ren Brillantfeuerwerk ab 22:45 Uhr<\/p>\n<\/li>\n<\/ul>\n<p data-start=\"2238\" data-end=\"2425\">Auch der \u00f6kumenische Gottesdienst am Sonntagmorgen sowie der traditionelle Fr\u00fchschoppen am Montag mit Comedians, Musik und dem \u201eBierpaar des Jahres\u201c sind feste Gr\u00f6\u00dfen im Programm.<\/p>\n<p>Rummel, Fahrspa\u00df und kulinarische Vielfalt<\/p>\n<p data-start=\"2480\" data-end=\"2692\">Der Festplatz selbst ist ebenfalls voll best\u00fcckt: Mit Klassikern wie dem Autoscooter \u201eDrift Zone\u201c, dem Hip Hop Fly oder neuen Attraktionen wie dem Jumper von Schramm oder der Glasfabrik von Moser.<\/p>\n<p data-start=\"2694\" data-end=\"2950\">F\u00fcr den gro\u00dfen oder kleinen Hunger wartet eine riesige Auswahl an Speisen \u2013 von Wildgerichten, Pizza und L\u00e1ngos \u00fcber Cr\u00eapes, Kartoffelspiralen, Schokofr\u00fcchte und Churros bis hin zu belgischen Fritten. Auch die Veggie-H\u00fctte ist wieder mit dabei.<\/p>\n<p>Eintritt frei \u2013 Erlebnis garantiert<\/p>\n<p data-start=\"2998\" data-end=\"3155\">Der Eintritt zur Gibber Kerb ist an allen vier Tagen kostenlos \u2013 ein Zeichen daf\u00fcr, dass Tradition und Gemeinschaft in Biebrich gro\u00dfgeschrieben werden.<\/p>\n<p data-start=\"3157\" data-end=\"3310\">Ob Familiennachmittag mit reduzierten Preisen, Festzeltromantik oder mitrei\u00dfende Partyn\u00e4chte: Die Gibber Kerb 2025 bietet f\u00fcr jede und jeden etwas. Parkpl\u00e4tze gibt es im Bereich der Festplatzes sowie in der Tannh\u00e4userstra\u00dfe. Zudem ist das Festgel\u00e4nde mit mehreren Buslinien gut aus dem ganzen Stadtgebiet erreichbar.<\/p>\n<p data-start=\"3312\" data-end=\"3411\">P.S.: Sind Sie bei Facebook? Dann werden Sie Fan von <a href=\"https:\/\/www.facebook.com\/wiesbadenaktuell\" rel=\"nofollow noopener\" target=\"_blank\">Wiesbadenaktuell.de<\/a> und folgen Sie uns auch auf <a href=\"https:\/\/www.instagram.com\/wiesbadenaktuell.de\/\" rel=\"nofollow noopener\" target=\"_blank\">Instagram<\/a> sowie auf <a href=\"https:\/\/www.threads.net\/@wiesbadenaktuell.de\" rel=\"nofollow noopener\" target=\"_blank\">Threads<\/a>!<\/p>\n<p data-start=\"3312\" data-end=\"3411\"><strong data-start=\"3315\" data-end=\"3336\">InfoBox<br \/><\/strong><\/p>\n<p data-start=\"3312\" data-end=\"3411\"><strong data-start=\"3315\" data-end=\"3336\">Programm Gibber Kerb 2025<\/strong><\/p>\n<p>Ort: Bleichwiese Bierich an der Tannh\u00e4userstra\u00dfe, Biebrich<\/p>\n<p data-start=\"3312\" data-end=\"3411\"><strong data-start=\"3315\" data-end=\"3336\">Freitag, 18. Juli<br \/><\/strong>14:00 Uhr \u2013 die Kerb \u00f6ffnet<br \/>19:00 Uhr \u2013 Aufmarsch in musikalischer Begleitung des Orchesters Concordia Kostheim<br \/>19:30 Uhr \u2013 Bieranstich durch Stadtverordnetenvorsteher Herrn Dr. Obermayr, Ehrungen verdienter Mitglieder<br \/>20:00 Uhr \u2013 Die Filsbacher XXL<\/p>\n<p><strong>Samstag, 19. Juli\u00a0<\/strong><br \/>14:00 Uhr \u2013 die Kerb \u00f6ffnet<br \/>16:30 Uhr \u2013 Boys of 69 unter der F\u00fchrung von \u201eEddy\u201c Edward Joseph<br \/>20:00 Uhr \u2013 Queen Coverband \u201eThe Queen Kings\u201c<\/p>\n<p><strong>Sonntag, 20. Juli\u00a0<\/strong><br \/>10:00 Uhr \u2013 \u00d6kumenischer Gottesdienst in musikalischer Begleitung des Orchesters Concordia<br \/>Kostheim mit anschlie\u00dfendem Fr\u00fchschoppen<br \/>11:00 Uhr \u2013 Musikalische Gr\u00fc\u00dfe f\u00fcr unsere Altersheime mit dem Blasorchester Hochheim (Herz-Jesuheim, Katharinenstift, Toni-Sender-Haus)<br \/>18:00 Uhr \u2013 Heimatabend mit dem Blasorchester der Meilinger Musikanten<\/p>\n<p data-start=\"3312\" data-end=\"3411\"><strong>Montag, 21. Juli\u00a0<\/strong><br \/>09:00 Uhr \u2013 traditioneller Fr\u00fchschoppen mit Ochs am Spie\u00df unter der Moderation von Tommy Fieber<br \/>mit kom\u00f6diantischer Darbietung von Stefan Bauer, sowie Partymusik durch DJ \u00d6tzi Double \u201eTal \u00d6tzi\u201c<br \/>und der Wahl zum Bierpaar des Jahres<br \/>18:30 Uhr \u2013 FFH \u2013 Just Party mit dem FFH DJ Tobias Radloff<br \/>22:45 Uhr \u2013 Gro\u00dfes Brillantfeuerwerk<\/p>\n<p>Mehr Infos unter: <a class=\"\" href=\"https:\/\/www.gibber-kerbegesellschaft.de\" target=\"_new\" rel=\"noopener nofollow\" data-start=\"3337\" data-end=\"3411\">www.gibber-kerbegesellschaft.de<\/a><\/p>\n<p><script async src=\"\/\/www.instagram.com\/embed.js\"><\/script><\/p>\n","protected":false},"excerpt":{"rendered":"Biergarten, Bands und Brillantfeuerwerk: Vom 18. bis 21. Juli wird Biebrichs Traditionsfest zur Erlebniswelt f\u00fcr alle Generationen \u2013&hellip;\n","protected":false},"author":2,"featured_media":253828,"comment_status":"","ping_status":"","sticky":false,"template":"","format":"standard","meta":{"footnotes":""},"categories":[1847],"tags":[3364,29,548,663,3934,30,13,2052,14,15,12,4544],"class_list":{"0":"post-253827","1":"post","2":"type-post","3":"status-publish","4":"format-standard","5":"has-post-thumbnail","7":"category-wiesbaden","8":"tag-de","9":"tag-deutschland","10":"tag-eu","11":"tag-europa","12":"tag-europe","13":"tag-germany","14":"tag-headlines","15":"tag-hessen","16":"tag-nachrichten","17":"tag-news","18":"tag-schlagzeilen","19":"tag-wiesbaden"},"share_on_mastodon":{"url":"https:\/\/pubeurope.com\/@de\/114821620354897482","error":""},"_links":{"self":[{"href":"https:\/\/www.europesays.com\/de\/wp-json\/wp\/v2\/posts\/253827","targetHints":{"allow":["GET"]}}],"collection":[{"href":"https:\/\/www.europesays.com\/de\/wp-json\/wp\/v2\/posts"}],"about":[{"href":"https:\/\/www.europesays.com\/de\/wp-json\/wp\/v2\/types\/post"}],"author":[{"embeddable":true,"href":"https:\/\/www.europesays.com\/de\/wp-json\/wp\/v2\/users\/2"}],"replies":[{"embeddable":true,"href":"https:\/\/www.europesays.com\/de\/wp-json\/wp\/v2\/comments?post=253827"}],"version-history":[{"count":0,"href":"https:\/\/www.europesays.com\/de\/wp-json\/wp\/v2\/posts\/253827\/revisions"}],"wp:featuredmedia":[{"embeddable":true,"href":"https:\/\/www.europesays.com\/de\/wp-json\/wp\/v2\/media\/253828"}],"wp:attachment":[{"href":"https:\/\/www.europesays.com\/de\/wp-json\/wp\/v2\/media?parent=253827"}],"wp:term":[{"taxonomy":"category","embeddable":true,"href":"https:\/\/www.europesays.com\/de\/wp-json\/wp\/v2\/categories?post=253827"},{"taxonomy":"post_tag","embeddable":true,"href":"https:\/\/www.europesays.com\/de\/wp-json\/wp\/v2\/tags?post=253827"}],"curies":[{"name":"wp","href":"https:\/\/api.w.org\/{rel}","templated":true}]}}