{"id":253843,"date":"2025-07-09T05:34:12","date_gmt":"2025-07-09T05:34:12","guid":{"rendered":"https:\/\/www.europesays.com\/de\/253843\/"},"modified":"2025-07-09T05:34:12","modified_gmt":"2025-07-09T05:34:12","slug":"das-1-000-bielefelder-baby-im-evangelischen-klinikum-bethel-geboren","status":"publish","type":"post","link":"https:\/\/www.europesays.com\/de\/253843\/","title":{"rendered":"Das 1.000. Bielefelder Baby im Evangelischen Klinikum Bethel geboren"},"content":{"rendered":"<p id=\"absatz1\" class=\"em_text\">Bielefeld. Ein ganz besonderer Moment im Evangelischen Klinikum Bethel (EvKB): Mit der Geburt von Luca Emanuel feierte die Klinik f\u00fcr Gyn\u00e4kologie und Geburtshilfe die 1.000. Geburt in diesem Jahr \u2013 und damit ein kleines Jubil\u00e4um voller Gl\u00fcck.<\/p>\n<p id=\"absatz2\" class=\"em_text\">Am fr\u00fchen Morgen, um exakt 5:37 Uhr, erblickte der kleine Luca Emanuel am Sonntag das Licht der Welt. Mit einem Gewicht von 3.360 Gramm und einer L\u00e4nge von 56 Zentimetern ist der kleine Junge gesund und munter. F\u00fcr seine Eltern Saskia und Tim ist Luca das vierte Kind \u2013 und wie seine drei \u00e4lteren Geschwister wurde auch er \u201eauf Gilead\u201c direkt unterhalb der Sparrenburg im EvKB geboren.<\/p>\n<p id=\"absatz4\" class=\"em_text\">Die Geburt des neuen Familienmitglieds verlief vollkommen unkompliziert, berichtet \u00c4rztin Aylin Yalcin: \u201eEs war eine sch\u00f6ne, ruhige Geburt \u2013 ambulant, wie von der Familie gew\u00fcnscht.\u201c<\/p>\n<p>\n        \u00d7\n    <\/p>\n<p>\n            Sie erhalten in wenigen Minuten eine E-Mail zur Best\u00e4tigung Ihrer Anmeldung.\n        <\/p>\n<p>Erst danach ist diese abgeschlossen.<\/p>\n<p>Bitte pr\u00fcfen Sie auch den Spam-Ordner.<\/p>\n<p>\n        \u00d7\n    <\/p>\n<p>\n            Sie haben bisher Ihre E-Mail-Adresse noch nicht best\u00e4tigt.\n        <\/p>\n<p>Erst danach ist diese abgeschlossen.<\/p>\n<p>Bitte pr\u00fcfen Sie auch den Spam-Ordner.<\/p>\n<p>\n        \u00d7\n    <\/p>\n<p>\n            Es ist einen Fehler aufgetreten\n        <\/p>\n<p>Bei Fragen hilft unser Newsletter-Support<\/p>\n<p> Newsletter<\/p>\n<p> Update zum Abend<\/p>\n<p>Informiert bleiben mit t\u00e4glichen News aus Bielefeld, OWL und der Welt.<\/p>\n<p>                Jetzt anmelden<\/p>\n<p id=\"absatz5\"><b class=\"bold\">Lesen Sie auch: <\/b><a href=\"https:\/\/www.nw.de\/nachrichten\/zwischen_weser_und_rhein\/24131333_Wieso-die-Geburtenrate-in-OWL-hoeher-ist-als-in-anderen-Regionen.html\" target=\"_blank\" rel=\"noopener\">Wieso die Geburtenrate in OWL h\u00f6her ist als in anderen Regionen<\/a><\/p>\n<p>Familie kennt das Bielefelder Klinikum<\/p>\n<p id=\"absatz6\" class=\"em_text\">F\u00fcr Mama Saskia und Papa Tim ist das Betheler Universit\u00e4tsklinikum l\u00e4ngst ein vertrauter Ort geworden. Besonders sch\u00e4tzen sie die pers\u00f6nliche und einf\u00fchlsame Betreuung: \u201eWir konnten all unsere W\u00fcnsche \u00e4u\u00dfern \u2013 und das gesamte Team hat uns das Gef\u00fchl gegeben, ernst genommen und begleitet zu werden.\u201c<\/p>\n<p id=\"absatz7\"><b class=\"bold\">Lesen Sie dazu auch:<\/b> <a href=\"https:\/\/www.nw.de\/lokal\/bielefeld\/mitte\/24028432_Neuheit-in-Bielefeld-Bethel-Klinik-startet-mobile-Psychotherapie.html\" rel=\"noopener\" target=\"_blank\">Neuheit in Bielefeld: Bethel-Klinik startet mobile Psychotherapie<\/a><\/p>\n<p id=\"absatz8\" class=\"em_text\">Bereits wenige Stunden sp\u00e4ter konnten die frischgebackenen Eltern mit ihrem Sohn das Krankenhaus wieder verlassen. Zu Hause warteten schon gespannt die Geschwister \u2013 bereit, ihren kleinen Bruder liebevoll in Empfang zu nehmen. Und gefeiert wird gleich doppelt: Denn Luca hat seinen Eltern die Freude gemacht, an dem Jahrestag ihrer Beziehung zur Welt zu kommen.<\/p>\n<p id=\"absatz9\" class=\"em_text\">Angeschlossen ist die Klinik in Bethel an das zertifizierte und einzige Perinatalzentrum der h\u00f6chsten Versorgungsstufe in Bielefeld. Damit ist sie auch auf Verl\u00e4ufe eingestellt, die sich komplizierter darstellen als die Geburt von Luca Emanuel. Die 1.000. Geburt ist f\u00fcr das Team der Klinik mehr als eine Zahl, sondern ein Zeichen des Vertrauens, das werdende Eltern ihnen schenken.<\/p>\n<p id=\"absatz10\"><b class=\"bold\">Lesen Sie auch:<\/b> <a href=\"https:\/\/www.nw.de\/nachrichten\/zwischen_weser_und_rhein\/23559098_Frauen-bekommen-immer-spaeter-Kinder-das-sind-die-Zahlen-fuer-OWL.html\" target=\"_blank\" rel=\"noopener\">Frauen bekommen immer sp\u00e4ter Kinder \u2013 das sind die Zahlen f\u00fcr OWL<\/a><\/p><\/p>\n","protected":false},"excerpt":{"rendered":"Bielefeld. Ein ganz besonderer Moment im Evangelischen Klinikum Bethel (EvKB): Mit der Geburt von Luca Emanuel feierte die&hellip;\n","protected":false},"author":2,"featured_media":253844,"comment_status":"","ping_status":"","sticky":false,"template":"","format":"standard","meta":{"footnotes":""},"categories":[1841],"tags":[77633,22060,1605,3364,29,553,8500,30,77632,77634,734,736,9312,737,1209,22059],"class_list":{"0":"post-253843","1":"post","2":"type-post","3":"status-publish","4":"format-standard","5":"has-post-thumbnail","7":"category-bielefeld","8":"tag-aylin-yalcin","9":"tag-bethel","10":"tag-bielefeld","11":"tag-de","12":"tag-deutschland","13":"tag-familie","14":"tag-geburt","15":"tag-germany","16":"tag-klinikum-bethel","17":"tag-luca-emanuel","18":"tag-meta_artikelklasse_nachricht","19":"tag-meta_copyrights_nw","20":"tag-meta_themen_familie_bildung_freizeit","21":"tag-meta_userneeds_lenkeab","22":"tag-nordrhein-westfalen","23":"tag-owl"},"share_on_mastodon":{"url":"https:\/\/pubeurope.com\/@de\/114821651944314412","error":""},"_links":{"self":[{"href":"https:\/\/www.europesays.com\/de\/wp-json\/wp\/v2\/posts\/253843","targetHints":{"allow":["GET"]}}],"collection":[{"href":"https:\/\/www.europesays.com\/de\/wp-json\/wp\/v2\/posts"}],"about":[{"href":"https:\/\/www.europesays.com\/de\/wp-json\/wp\/v2\/types\/post"}],"author":[{"embeddable":true,"href":"https:\/\/www.europesays.com\/de\/wp-json\/wp\/v2\/users\/2"}],"replies":[{"embeddable":true,"href":"https:\/\/www.europesays.com\/de\/wp-json\/wp\/v2\/comments?post=253843"}],"version-history":[{"count":0,"href":"https:\/\/www.europesays.com\/de\/wp-json\/wp\/v2\/posts\/253843\/revisions"}],"wp:featuredmedia":[{"embeddable":true,"href":"https:\/\/www.europesays.com\/de\/wp-json\/wp\/v2\/media\/253844"}],"wp:attachment":[{"href":"https:\/\/www.europesays.com\/de\/wp-json\/wp\/v2\/media?parent=253843"}],"wp:term":[{"taxonomy":"category","embeddable":true,"href":"https:\/\/www.europesays.com\/de\/wp-json\/wp\/v2\/categories?post=253843"},{"taxonomy":"post_tag","embeddable":true,"href":"https:\/\/www.europesays.com\/de\/wp-json\/wp\/v2\/tags?post=253843"}],"curies":[{"name":"wp","href":"https:\/\/api.w.org\/{rel}","templated":true}]}}