{"id":253851,"date":"2025-07-09T05:38:20","date_gmt":"2025-07-09T05:38:20","guid":{"rendered":"https:\/\/www.europesays.com\/de\/253851\/"},"modified":"2025-07-09T05:38:20","modified_gmt":"2025-07-09T05:38:20","slug":"neue-buergerkirche-in-wattenscheid-leithe-radio-bochum","status":"publish","type":"post","link":"https:\/\/www.europesays.com\/de\/253851\/","title":{"rendered":"Neue &#8222;B\u00fcrgerkirche&#8220; in Wattenscheid-Leithe &#8211; Radio Bochum"},"content":{"rendered":"<p class=\"small date article__date\">Ver\u00f6ffentlicht:\u00a0Mittwoch, 09.07.2025 07:01<\/p>\n<p>In Bochum hat die St. Johannes Kirche in Wattenscheid-Leithe den letzten katholischen Gottesdienst gefeiert. In Zukunft will das Gotteshaus sich \u00f6ffnen.<\/p>\n<p><img decoding=\"async\" alt=\"\" src=\"https:\/\/www.europesays.com\/de\/wp-content\/uploads\/2025\/07\/bochum231102807.jpg&#038;crop=0x449x8760x5475&#038;resize=1280x800&#038;dt=202507090608470.jpeg\" data-size=\"1280x800\"\/>\u00a9 www.blossey.eu \/ FUNKE Foto ServicesBochum: Neue &#8222;B\u00fcrgerkirche&#8220; in Wattenscheid<\/p>\n<p>Aus einer ehemaligen Bochumer Kirche wird ein neuer Ort f\u00fcr Begegnung: Die katholische Kirche St. Johannes in Wattenscheid-Leithe \u00f6ffnet ihr T\u00fcren f\u00fcr verschiedenste Formen des Miteinanders. <\/p>\n<p>K\u00fcnftig sollen in der Kirche Stadtteilgruppen, Serviceeinrichtungen, Seminare, Kultur, Verb\u00e4nde, Musik und Feierlichkeiten genauso wie spirituelle Angebote und besondere Gottesdienste Platz finden. Die letzte heilige Messe, wie es sie bisher in der Kirche gab, wurde bereits letztes Wochenende gefeiert. Jetzt stehen Umbau-Arbeiten an: Unter anderem soll die Kirche neu aufgeteilt werden und ein neues Innenleben bekommen, aber auch einen ungew\u00f6hnlichen Anbau. In einem ausgedienten Eisenbahnwaggon sollen Sanit\u00e4ranlagen, eine K\u00fcche und auch ein kleines Caf\u00e9 entstehen. <\/p>\n<p>Die katholische Gemeinde in Wattenscheid-Leithe plant in Zukunft weiterhin monatliche stattfindende Gottesdienste, in Zusammenarbeit mit der evangelischen Kirche, deren Christuskirche bereits 2024 geschlossen wurde. <\/p>\n<p>Alle weiteren Infos zum Projekt findet ihr <a href=\"https:\/\/www.radiobochum.de\/about:blank\" rel=\"noopener noreferrer\" target=\"_blank\">hier<\/a>.<\/p>\n","protected":false},"excerpt":{"rendered":"Ver\u00f6ffentlicht:\u00a0Mittwoch, 09.07.2025 07:01 In Bochum hat die St. Johannes Kirche in Wattenscheid-Leithe den letzten katholischen Gottesdienst gefeiert. In&hellip;\n","protected":false},"author":2,"featured_media":253852,"comment_status":"","ping_status":"","sticky":false,"template":"","format":"standard","meta":{"footnotes":""},"categories":[1839],"tags":[3274,7507,3364,29,30,1209],"class_list":{"0":"post-253851","1":"post","2":"type-post","3":"status-publish","4":"format-standard","5":"has-post-thumbnail","7":"category-bochum","8":"tag-kirche","9":"tag-bochum","10":"tag-de","11":"tag-deutschland","12":"tag-germany","13":"tag-nordrhein-westfalen"},"share_on_mastodon":{"url":"https:\/\/pubeurope.com\/@de\/114821667628151631","error":""},"_links":{"self":[{"href":"https:\/\/www.europesays.com\/de\/wp-json\/wp\/v2\/posts\/253851","targetHints":{"allow":["GET"]}}],"collection":[{"href":"https:\/\/www.europesays.com\/de\/wp-json\/wp\/v2\/posts"}],"about":[{"href":"https:\/\/www.europesays.com\/de\/wp-json\/wp\/v2\/types\/post"}],"author":[{"embeddable":true,"href":"https:\/\/www.europesays.com\/de\/wp-json\/wp\/v2\/users\/2"}],"replies":[{"embeddable":true,"href":"https:\/\/www.europesays.com\/de\/wp-json\/wp\/v2\/comments?post=253851"}],"version-history":[{"count":0,"href":"https:\/\/www.europesays.com\/de\/wp-json\/wp\/v2\/posts\/253851\/revisions"}],"wp:featuredmedia":[{"embeddable":true,"href":"https:\/\/www.europesays.com\/de\/wp-json\/wp\/v2\/media\/253852"}],"wp:attachment":[{"href":"https:\/\/www.europesays.com\/de\/wp-json\/wp\/v2\/media?parent=253851"}],"wp:term":[{"taxonomy":"category","embeddable":true,"href":"https:\/\/www.europesays.com\/de\/wp-json\/wp\/v2\/categories?post=253851"},{"taxonomy":"post_tag","embeddable":true,"href":"https:\/\/www.europesays.com\/de\/wp-json\/wp\/v2\/tags?post=253851"}],"curies":[{"name":"wp","href":"https:\/\/api.w.org\/{rel}","templated":true}]}}