{"id":253861,"date":"2025-07-09T05:43:11","date_gmt":"2025-07-09T05:43:11","guid":{"rendered":"https:\/\/www.europesays.com\/de\/253861\/"},"modified":"2025-07-09T05:43:11","modified_gmt":"2025-07-09T05:43:11","slug":"frankreichs-praesident-macron-spricht-vor-dem-britischen-parlament","status":"publish","type":"post","link":"https:\/\/www.europesays.com\/de\/253861\/","title":{"rendered":"Frankreichs Pr\u00e4sident Macron spricht vor dem britischen Parlament"},"content":{"rendered":"<p>                    <img decoding=\"async\" loading=\"lazy\" class=\"internal-image\" title=\"Frankreichs Pr\u00e4sident Macron steht vor dem Parlament in London hinter einem Rednerpult, er gestikuliert mit der rechten Hand.\" alt=\"Frankreichs Pr\u00e4sident Macron steht vor dem Parlament in London hinter einem Rednerpult, er gestikuliert mit der rechten Hand.\" src=\"https:\/\/www.europesays.com\/de\/wp-content\/uploads\/2025\/07\/frankreich-mardon-grossbritannien-london-starmer-parlament-zusammenarbeit-100-1920x1080.jpg\" \/><\/p>\n<p>                  Macron will eine engere Zusammenarbeit mit Gro\u00dfbritannien. (AFP \/ ELIOT BLONDET)<\/p>\n<p>Man m\u00fcsse die jahrhundertealte Allianz erneuern, um den aktuellen Bedrohungen etwas entgegensetzen zu k\u00f6nnen, sagte Macron vor dem Parlament in London. Als st\u00e4ndige Mitglieder des UNO-Sicherheitsrats h\u00e4tten beide L\u00e4nder eine besondere Verantwortung. Mit Blick auf die Ukraine betonte Macron, man werde das von Russland angegriffene Land niemals im Stich lassen. Zudem forderte der franz\u00f6sische Pr\u00e4sident eine bedingungslose Waffenruhe im Gazastreifen. Heute kommt Macron mit dem britischen Premierminister Starmer zu einem Gespr\u00e4ch zusammen.<\/p>\n<p>Es ist der erste Staatsbesuch eines europ\u00e4ischen Staatschefs in Gro\u00dfbritannien seit dem Brexit.<\/p>\n<p>Diese Nachricht wurde am 09.07.2025 im Programm Deutschlandfunk gesendet.<\/p>\n","protected":false},"excerpt":{"rendered":"Macron will eine engere Zusammenarbeit mit Gro\u00dfbritannien. (AFP \/ ELIOT BLONDET) Man m\u00fcsse die jahrhundertealte Allianz erneuern, um&hellip;\n","protected":false},"author":2,"featured_media":253862,"comment_status":"","ping_status":"","sticky":false,"template":"","format":"standard","meta":{"footnotes":""},"categories":[3974],"tags":[331,332,548,663,3934,3980,156,13,14,15,12],"class_list":{"0":"post-253861","1":"post","2":"type-post","3":"status-publish","4":"format-standard","5":"has-post-thumbnail","7":"category-frankreich","8":"tag-aktuelle-nachrichten","9":"tag-aktuelle-news","10":"tag-eu","11":"tag-europa","12":"tag-europe","13":"tag-france","14":"tag-frankreich","15":"tag-headlines","16":"tag-nachrichten","17":"tag-news","18":"tag-schlagzeilen"},"share_on_mastodon":{"url":"https:\/\/pubeurope.com\/@de\/114821687432096021","error":""},"_links":{"self":[{"href":"https:\/\/www.europesays.com\/de\/wp-json\/wp\/v2\/posts\/253861","targetHints":{"allow":["GET"]}}],"collection":[{"href":"https:\/\/www.europesays.com\/de\/wp-json\/wp\/v2\/posts"}],"about":[{"href":"https:\/\/www.europesays.com\/de\/wp-json\/wp\/v2\/types\/post"}],"author":[{"embeddable":true,"href":"https:\/\/www.europesays.com\/de\/wp-json\/wp\/v2\/users\/2"}],"replies":[{"embeddable":true,"href":"https:\/\/www.europesays.com\/de\/wp-json\/wp\/v2\/comments?post=253861"}],"version-history":[{"count":0,"href":"https:\/\/www.europesays.com\/de\/wp-json\/wp\/v2\/posts\/253861\/revisions"}],"wp:featuredmedia":[{"embeddable":true,"href":"https:\/\/www.europesays.com\/de\/wp-json\/wp\/v2\/media\/253862"}],"wp:attachment":[{"href":"https:\/\/www.europesays.com\/de\/wp-json\/wp\/v2\/media?parent=253861"}],"wp:term":[{"taxonomy":"category","embeddable":true,"href":"https:\/\/www.europesays.com\/de\/wp-json\/wp\/v2\/categories?post=253861"},{"taxonomy":"post_tag","embeddable":true,"href":"https:\/\/www.europesays.com\/de\/wp-json\/wp\/v2\/tags?post=253861"}],"curies":[{"name":"wp","href":"https:\/\/api.w.org\/{rel}","templated":true}]}}