{"id":253865,"date":"2025-07-09T05:45:12","date_gmt":"2025-07-09T05:45:12","guid":{"rendered":"https:\/\/www.europesays.com\/de\/253865\/"},"modified":"2025-07-09T05:45:12","modified_gmt":"2025-07-09T05:45:12","slug":"westeuropa-erlebt-waermsten-juni-seit-aufzeichnungsbeginn","status":"publish","type":"post","link":"https:\/\/www.europesays.com\/de\/253865\/","title":{"rendered":"Westeuropa erlebt w\u00e4rmsten Juni seit Aufzeichnungsbeginn"},"content":{"rendered":"<p>Folgen der Klimakrise <\/p>\n<p>Westeuropa erlebt w\u00e4rmsten Juni seit Aufzeichnungsbeginn<\/p>\n<p>Aktualisiert am 09.07.2025 &#8211; 07:40 UhrLesedauer: 2 Min.<\/p>\n<p><a href=\"#focus-0\" class=\"transition-colors duration-200 focus-within:text-magenta block text-current relative\" data-sctrack=\"FocusGalleryImage.Reference\"><img fetchpriority=\"high\" data-testid=\"Opener.Image\" style=\"--lqipURL:url('https:\/\/images.t-online.de\/2025\/07\/oXJ5HuEQcXep\/0x193:2048x1152\/fit-in\/150x0\/filters:blur(25)\/im-juni-wurde-ein-grossteil-westeuropas-von-einer-aussergewoehnlichen-hitzewelle-heimgesucht-archivbild.jpg')\"   loading=\"eager\" src=\"https:\/\/www.europesays.com\/de\/wp-content\/uploads\/2025\/07\/im-juni-wurde-ein-grossteil-westeuropas-von-einer-aussergewoehnlichen-hitzewelle-heimgesucht-archivb.jpeg\" alt=\"Hitze in Gro\u00dfbritannien\" title=\"Hitze in Gro\u00dfbritannien\" width=\"2048\" height=\"1152\" class=\"bg-[url:var(--lqipURL)] bg-cover bg-center flex h-full w-full max-w-full\" decoding=\"async\"\/><img style=\"--width:32;--height:32\" loading=\"lazy\" src=\"https:\/\/www.t-online.de\/s\/paper\/_next\/static\/media\/zoom-in.f7dae02f.svg\" alt=\"Vergr\u00f6\u00dfern des Bildes\" title=\"Vergr\u00f6\u00dfern des Bildes\" class=\"block h-[calc(var(--height)_\/_16_*_1rem)] w-[calc(var(--width)_\/_16_*_1rem)] max-w-none absolute bottom-8 right-8 rounded-4 bg-snow p-8\" decoding=\"async\"\/><\/a><\/p>\n<p>Im Juni wurde ein Gro\u00dfteil Westeuropas von einer au\u00dfergew\u00f6hnlichen Hitzewelle heimgesucht. (Archivbild) (Quelle: Jonathan Brady\/PA Wire\/dpa\/dpa-bilder)<\/p>\n<p class=\"font-bold text-18 leading-17\">Ungew\u00f6hnliche Wetterph\u00e4nomene und neue Spitzenwerte: Der Juni hat in Westeuropa Spuren hinterlassen.<\/p>\n<p class=\"text-18 leading-17\">Der Juni war in Westeuropa der hei\u00dfeste bisher gemessene. Die Durchschnittstemperatur lag bei 20,49 Grad, wie der EU-Klimawandeldienst Copernicus mitteilte. &#8222;Im Juni 2025 wurde ein Gro\u00dfteil Westeuropas von einer au\u00dfergew\u00f6hnlichen <a class=\"transition-colors duration-200 cursor-pointer text-inherit no-underline text-salemsfur md:hover:text-magenta md:hover:border-magenta md:focus:text-magenta border-current border-b border-solid break-words\" href=\"https:\/\/www.t-online.de\/themen\/hitzewelle\/\" data-sctrack=\"BodyAnchor\" target=\"_blank\" rel=\"noopener\">Hitzewelle<\/a> heimgesucht, wobei ein Gro\u00dfteil der Region unter sehr starker Hitzebelastung litt&#8220;, erkl\u00e4rte Samantha Burgess vom Europ\u00e4ischen Zentrum f\u00fcr mittelfristige Wettervorhersage (EZMW), das den Klimawandeldienst betreibt. &#8222;Diese Hitzewelle wurde durch Rekordwerte der Meeresoberfl\u00e4chentemperaturen im westlichen Mittelmeerraum noch verst\u00e4rkt.&#8220;<\/p>\n<p class=\"text-18 leading-17\">&#8222;In einer sich erw\u00e4rmenden Welt werden Hitzewellen wahrscheinlich h\u00e4ufiger auftreten, intensiver werden und mehr Menschen in ganz Europa treffen&#8220;, so Burgess. Der bisherige Juni-Rekord war mit 20,43 Grad im Jahr 2003 erreicht worden. Weltweit war der Monat mit einer durchschnittlichen Oberfl\u00e4chentemperatur von 16,46 Grad der drittw\u00e4rmste Juni seit Aufzeichnungsbeginn nach dem Juni 2023 und 2024. Die von Copernicus genutzten Daten gehen zur\u00fcck bis auf das Jahr 1950, teilweise sind auch fr\u00fchere Daten verf\u00fcgbar. <\/p>\n<p class=\"text-18 leading-17\">In weiten Teilen West- und Mitteleuropas lagen die Lufttemperaturen im Juni 2025 \u00fcber dem Durchschnitt, wie es weiter hie\u00df. Mitte und Ende Juni h\u00e4tten zwei starke Hitzewellen weite Teile West- und S\u00fcdeuropas getroffen. Im westlichen <a class=\"transition-colors duration-200 cursor-pointer text-inherit no-underline text-salemsfur md:hover:text-magenta md:hover:border-magenta md:focus:text-magenta border-current border-b border-solid break-words\" href=\"https:\/\/www.t-online.de\/themen\/mittelmeer\/\" data-sctrack=\"BodyAnchor\" target=\"_blank\" rel=\"noopener\">Mittelmeer<\/a> habe sich eine au\u00dfergew\u00f6hnliche marine Hitzewelle entwickelt, die zur h\u00f6chsten jemals in dieser Region gemessenen t\u00e4glichen durchschnittlichen Meeresoberfl\u00e4chentemperatur (SST) von 27,0 Grad f\u00fchrte.<\/p>\n<p class=\"text-18 leading-17\">Copernicus meldete auch, dass die Ausdehnung des arktischen Meereises 6 Prozent unter dem Durchschnitt lag, was die zweitniedrigste monatliche Ausdehnung f\u00fcr Juni seit Beginn der 47-j\u00e4hrigen Satellitenaufzeichnungen bedeute. &#8222;Die Ausdehnung des antarktischen Meereises lag 9 Prozent unter dem Durchschnitt und war damit die drittniedrigste jemals gemessene Ausbreitung f\u00fcr diesen Monat.&#8220;<\/p>\n<p class=\"text-18 leading-17\">Der Klimawandeldienst Copernicus der Europ\u00e4ischen Union ver\u00f6ffentlicht regelm\u00e4\u00dfig Daten zur Temperatur an der Erdoberfl\u00e4che, zur Meereisdecke und zu Niederschl\u00e4gen. Die Erkenntnisse beruhen auf computergenerierten Analysen, in die Milliarden von Messungen von Satelliten, Schiffen, Flugzeugen und Wetterstationen auf der ganzen Welt einflie\u00dfen.<\/p>\n","protected":false},"excerpt":{"rendered":"Folgen der Klimakrise Westeuropa erlebt w\u00e4rmsten Juni seit Aufzeichnungsbeginn Aktualisiert am 09.07.2025 &#8211; 07:40 UhrLesedauer: 2 Min. Im&hellip;\n","protected":false},"author":2,"featured_media":253866,"comment_status":"","ping_status":"","sticky":false,"template":"","format":"standard","meta":{"footnotes":""},"categories":[3933],"tags":[331,332,77636,548,663,158,3934,3935,13,18113,9446,700,14,15,77637,12,61205,72519,10807],"class_list":{"0":"post-253865","1":"post","2":"type-post","3":"status-publish","4":"format-standard","5":"has-post-thumbnail","7":"category-eu","8":"tag-aktuelle-nachrichten","9":"tag-aktuelle-news","10":"tag-aufzeichnungsbeginn","11":"tag-eu","12":"tag-europa","13":"tag-europaeische-union","14":"tag-europe","15":"tag-european-union","16":"tag-headlines","17":"tag-hitzewelle","18":"tag-klimakrise","19":"tag-mittelmeer","20":"tag-nachrichten","21":"tag-news","22":"tag-samantha-burgess","23":"tag-schlagzeilen","24":"tag-spitzenwert","25":"tag-suedeuropa","26":"tag-westeuropa"},"share_on_mastodon":{"url":"https:\/\/pubeurope.com\/@de\/114821695255314749","error":""},"_links":{"self":[{"href":"https:\/\/www.europesays.com\/de\/wp-json\/wp\/v2\/posts\/253865","targetHints":{"allow":["GET"]}}],"collection":[{"href":"https:\/\/www.europesays.com\/de\/wp-json\/wp\/v2\/posts"}],"about":[{"href":"https:\/\/www.europesays.com\/de\/wp-json\/wp\/v2\/types\/post"}],"author":[{"embeddable":true,"href":"https:\/\/www.europesays.com\/de\/wp-json\/wp\/v2\/users\/2"}],"replies":[{"embeddable":true,"href":"https:\/\/www.europesays.com\/de\/wp-json\/wp\/v2\/comments?post=253865"}],"version-history":[{"count":0,"href":"https:\/\/www.europesays.com\/de\/wp-json\/wp\/v2\/posts\/253865\/revisions"}],"wp:featuredmedia":[{"embeddable":true,"href":"https:\/\/www.europesays.com\/de\/wp-json\/wp\/v2\/media\/253866"}],"wp:attachment":[{"href":"https:\/\/www.europesays.com\/de\/wp-json\/wp\/v2\/media?parent=253865"}],"wp:term":[{"taxonomy":"category","embeddable":true,"href":"https:\/\/www.europesays.com\/de\/wp-json\/wp\/v2\/categories?post=253865"},{"taxonomy":"post_tag","embeddable":true,"href":"https:\/\/www.europesays.com\/de\/wp-json\/wp\/v2\/tags?post=253865"}],"curies":[{"name":"wp","href":"https:\/\/api.w.org\/{rel}","templated":true}]}}