{"id":253894,"date":"2025-07-09T06:06:44","date_gmt":"2025-07-09T06:06:44","guid":{"rendered":"https:\/\/www.europesays.com\/de\/253894\/"},"modified":"2025-07-09T06:06:44","modified_gmt":"2025-07-09T06:06:44","slug":"prozess-um-rachefeldzug-mit-ueber-30-verletzten-startet","status":"publish","type":"post","link":"https:\/\/www.europesays.com\/de\/253894\/","title":{"rendered":"Prozess um Rachefeldzug mit \u00fcber 30 Verletzten startet"},"content":{"rendered":"<p>Brandstiftung vor Gericht <\/p>\n<p>Prozess um mutma\u00dflichen Rachefeldzug mit Machete beginnt<\/p>\n<p>09.07.2025 &#8211; 07:38 UhrLesedauer: 1 Min.<\/p>\n<p><a href=\"#focus-0\" class=\"transition-colors duration-200 focus-within:text-magenta block text-current relative\" data-sctrack=\"FocusGalleryImage.Reference\"><img fetchpriority=\"high\" data-testid=\"Opener.Image\" style=\"--lqipURL:url('https:\/\/images.t-online.de\/2024\/08\/yCRH6dkb1395\/0x107:2048x1152\/fit-in\/150x0\/filters:blur(25)\/das-landgericht-essen-hier-wird-gegen-die-vier-jugendlichen-verhandelt-symbolbild.jpg')\"   loading=\"eager\" src=\"https:\/\/www.europesays.com\/de\/wp-content\/uploads\/2025\/07\/das-landgericht-essen-hier-wird-gegen-die-vier-jugendlichen-verhandelt-symbolbild.jpg\" alt=\"Landgericht Essen\" title=\"Landgericht Essen\" width=\"2048\" height=\"1152\" class=\"bg-[url:var(--lqipURL)] bg-cover bg-center flex h-full w-full max-w-full\" decoding=\"async\"\/><img style=\"--width:32;--height:32\" loading=\"lazy\" src=\"https:\/\/www.t-online.de\/s\/paper\/_next\/static\/media\/zoom-in.f7dae02f.svg\" alt=\"Vergr\u00f6\u00dfern des Bildes\" title=\"Vergr\u00f6\u00dfern des Bildes\" class=\"block h-[calc(var(--height)_\/_16_*_1rem)] w-[calc(var(--width)_\/_16_*_1rem)] max-w-none absolute bottom-8 right-8 rounded-4 bg-snow p-8\" decoding=\"async\"\/><\/a><\/p>\n<p>Landgericht Essen (Archivbild): Ein Prozess um einen mutma\u00dflichen Rachefeldzug beginnt. (Quelle: Bernd Thissen\/dpa\/dpa-bilder)<\/p>\n<p class=\"font-bold text-18 leading-17\">Ein 42-j\u00e4hriger Mann steht ab heute vor Gericht. Er soll nach der Trennung von seiner Frau Feuer in Mehrfamilienh\u00e4usern gelegt und Menschen mit einer Machete bedroht haben.<\/p>\n<p class=\"text-18 leading-17\">Vor dem Essener Schwurgericht hat heute der Prozess um einen mutma\u00dflichen Rachefeldzug begonnen, bei dem \u00fcber 30 Menschen zum Teil schwer verletzt wurden. Ein 42-j\u00e4hriger Syrer muss sich wegen versuchten Mordes und Brandstiftung verantworten.<\/p>\n<p class=\"text-18 leading-17\">Nach Angaben der Staatsanwaltschaft soll der Angeklagte am 28. September vergangenen Jahres in zwei Mehrfamilienh\u00e4usern <a class=\"transition-colors duration-200 cursor-pointer text-inherit no-underline text-salemsfur md:hover:text-magenta md:hover:border-magenta md:focus:text-magenta border-current border-b border-solid break-words\" href=\"https:\/\/www.t-online.de\/region\/essen\/\" data-sctrack=\"BodyAnchor\" target=\"_blank\" rel=\"noopener\">in Essen<\/a> Feuer gelegt haben. Zudem bedrohte er Menschen mit einer Machete.<\/p>\n<p class=\"text-18 leading-17\">Die Staatsanwaltschaft geht davon aus, dass der Mann die Trennung von seiner Ehefrau nicht akzeptieren wollte. Er habe versucht, die Menschen zu t\u00f6ten, die Kontakt zu seiner Ex-Frau hatten und die er f\u00fcr das Ende seiner Ehe verantwortlich machte.<\/p>\n<p class=\"text-18 leading-17\">Der Prozessauftakt findet unter erh\u00f6hten Sicherheitsvorkehrungen statt. Die Verhandlung wird voraussichtlich mehrere Wochen dauern.<\/p>\n","protected":false},"excerpt":{"rendered":"Brandstiftung vor Gericht Prozess um mutma\u00dflichen Rachefeldzug mit Machete beginnt 09.07.2025 &#8211; 07:38 UhrLesedauer: 1 Min. Landgericht Essen&hellip;\n","protected":false},"author":2,"featured_media":253895,"comment_status":"","ping_status":"","sticky":false,"template":"","format":"standard","meta":{"footnotes":""},"categories":[1834],"tags":[27954,722,17161,4852,3364,29,3688,30,3441,1209,56015,1997],"class_list":{"0":"post-253894","1":"post","2":"type-post","3":"status-publish","4":"format-standard","5":"has-post-thumbnail","7":"category-essen","8":"tag-landgericht-essen","9":"tag-722","10":"tag-17161","11":"tag-brandstiftung","12":"tag-de","13":"tag-deutschland","14":"tag-essen","15":"tag-germany","16":"tag-machete","17":"tag-nordrhein-westfalen","18":"tag-rachefeldzug","19":"tag-staatsanwaltschaft"},"share_on_mastodon":{"url":"https:\/\/pubeurope.com\/@de\/114821777720297739","error":""},"_links":{"self":[{"href":"https:\/\/www.europesays.com\/de\/wp-json\/wp\/v2\/posts\/253894","targetHints":{"allow":["GET"]}}],"collection":[{"href":"https:\/\/www.europesays.com\/de\/wp-json\/wp\/v2\/posts"}],"about":[{"href":"https:\/\/www.europesays.com\/de\/wp-json\/wp\/v2\/types\/post"}],"author":[{"embeddable":true,"href":"https:\/\/www.europesays.com\/de\/wp-json\/wp\/v2\/users\/2"}],"replies":[{"embeddable":true,"href":"https:\/\/www.europesays.com\/de\/wp-json\/wp\/v2\/comments?post=253894"}],"version-history":[{"count":0,"href":"https:\/\/www.europesays.com\/de\/wp-json\/wp\/v2\/posts\/253894\/revisions"}],"wp:featuredmedia":[{"embeddable":true,"href":"https:\/\/www.europesays.com\/de\/wp-json\/wp\/v2\/media\/253895"}],"wp:attachment":[{"href":"https:\/\/www.europesays.com\/de\/wp-json\/wp\/v2\/media?parent=253894"}],"wp:term":[{"taxonomy":"category","embeddable":true,"href":"https:\/\/www.europesays.com\/de\/wp-json\/wp\/v2\/categories?post=253894"},{"taxonomy":"post_tag","embeddable":true,"href":"https:\/\/www.europesays.com\/de\/wp-json\/wp\/v2\/tags?post=253894"}],"curies":[{"name":"wp","href":"https:\/\/api.w.org\/{rel}","templated":true}]}}