{"id":253921,"date":"2025-07-09T06:21:12","date_gmt":"2025-07-09T06:21:12","guid":{"rendered":"https:\/\/www.europesays.com\/de\/253921\/"},"modified":"2025-07-09T06:21:12","modified_gmt":"2025-07-09T06:21:12","slug":"ausbau-der-e-taxi-flotte-geraet-ins-stocken","status":"publish","type":"post","link":"https:\/\/www.europesays.com\/de\/253921\/","title":{"rendered":"Ausbau der E-Taxi-Flotte ger\u00e4t ins Stocken"},"content":{"rendered":"<p _ngcontent-sc113=\"\"> 09. Juli 2025 \u2013 Mira Oetinger <\/p>\n<p _ngcontent-sc113=\"\">Seit Jahresbeginn werden in Hamburg nur noch emissionsfreie Taxis zugelassen. Der Senat hat die Flottenumstellung mit Millionenbetr\u00e4gen gef\u00f6rdert. Doch jetzt stagniert der Anteil der E-Taxis.<\/p>\n<p _ngcontent-sc85=\"\" align=\"false\">Der Ausbau der E-Taxi-Flotte in Hamburg ist in den vergangenen 12 Monaten ins Stocken geraten. Ende Juni seien in der Stadt 697 lokal emissionsfreie Taxis unterwegs gewesen, hei\u00dft es in der Senatsantwort auf eine Schriftliche Kleine Anfrage des Verkehrsexperten der CDU-B\u00fcrgerschaftsfraktion, Philipp Hei\u00dfner. Ein Jahr zuvor waren es demnach 672 und Ende September 2024 sogar mit 698 E-Taxis eines mehr als heute. <\/p>\n<p _ngcontent-sc85=\"\" align=\"false\">Der auch durch F\u00f6rderprogramme befeuerte Boom der Jahre 2020 bis 2023, als der E-Taxi-Anteil in Hamburg von 0,14 auf 20,71 Prozent stieg, ist damit gebrochen. Ende 2024 lag er bei 22,31 und aktuell bei 23,33 Prozent. Zugleich sank die Gesamtzahl der in Hamburg zugelassenen Taxen in diesem Zeitraum um zwei Prozent von 3.070 auf 2.987. <\/p>\n<p>CDU kritisiert &#8222;E-Auto-Zwang&#8220; im Taxigewerbe <\/p>\n<p _ngcontent-sc85=\"\" align=\"false\">Der Ausbau der E-Taxi-Flotte stagniere bei einem Anteil von unter einem Viertel im Vergleich mit den Verbrennern, sagte Hei\u00dfner der Deutschen Presse-Agentur. &#8222;Vor diesem Hintergrund erscheint \u00e4u\u00dferst fragw\u00fcrdig, dass SPD und Gr\u00fcne gegen die gro\u00dfe Mehrheit der Betroffenen auf einen reinen E-Auto-Zwang setzen, statt zumindest \u00dcbergangsl\u00f6sungen wie Hybrid-Modelle zu erm\u00f6glichen.&#8220; <\/p>\n<p _ngcontent-sc85=\"\" align=\"false\">Seit Anfang des Jahres werden in Hamburg nur noch lokal emissionsfreie Autos als Taxis zugelassen. Seit 2021 hatte der rot-gr\u00fcne Senat die Umstellung der Flotte im Rahmen des Projekts &#8222;Zukunftstaxi&#8220; massiv gef\u00f6rdert. <\/p>\n<p>Zahl der Verbrenner &#8222;Ende 2024 stark angestiegen&#8220;<\/p>\n<p _ngcontent-sc85=\"\" align=\"false\">Am Markt fehlten jedoch noch kosteng\u00fcnstige und zuverl\u00e4ssige E-Taxi-Modelle, sagte Hei\u00dfner. Auch die Ladeinfrastruktur sei unzureichend, wie seine Anfrage ergeben habe. \u00abNur sieben Taxi-Lades\u00e4ulen sind in einer Stadt wie Hamburg einfach zu wenig.\u00bb <\/p>\n<p _ngcontent-sc85=\"\" align=\"false\">Viele Taxiunternehmen h\u00e4tten deshalb vor Jahresfrist noch schnell Verbrennerautos angeschafft. &#8222;Deren Zahl ist Ende 2024 stark angestiegen, w\u00e4hrend heute sogar weniger lokal emissionsfreie Taxen in Hamburg unterwegs sind als noch im September 2024.&#8220; <\/p>\n<p>Unternehmen bei Anschaffung neuer Fahrzeuge zur\u00fcckhaltend <\/p>\n<p _ngcontent-sc85=\"\" align=\"false\">Auch der Senat schreibt in seiner Antwort, dass die Unternehmen &#8222;bei der Beschaffung neuer Fahrzeuge sehr zur\u00fcckhaltend&#8220; seien. &#8222;Dies liegt an einem Nachfrager\u00fcckgang bei gleichbleibend hoher Taxenanzahl bzw. hohem Angebot an Taxen.&#8220; So seien im laufenden Jahr bislang lediglich 35 Fahrzeuge im Bestand ausgetauscht worden. &#8222;Daher stagniert auch der Anteil der lokal emissionsfreien Taxen.&#8220;<\/p>\n<p _ngcontent-sc85=\"\" align=\"false\">Um die Zahl der Taxen konstant zu halten und das Gewerbe zu entlasten, k\u00f6nnen in Hamburg bereits seit Juni vergangenen Jahres keine zus\u00e4tzlichen Taxen mehr zugelassen werden. Fahrzeuge k\u00f6nnen lediglich im Bestand ausgetauscht werden.<\/p>\n<p>Weitere News On Air<\/p>\n<p _ngcontent-sc85=\"\" align=\"false\">Weitere Nachrichten aus Hamburg, Deutschland und der Welt h\u00f6rt ihr immer zur vollen Stunde bei uns im Programm. Holt euch einfach unsere <a _ngcontent-sc133=\"\" href=\"https:\/\/www.radiohamburg.de\/programm\/frequenzen\/Streamen-%C3%BCber-die-App-id388032.html\" rel=\"nofollow noopener\" target=\"_blank\">kostenlose App<\/a>, h\u00f6rt uns \u00fcber euren <a _ngcontent-sc133=\"\" href=\"https:\/\/www.radiohamburg.de\/programm\/frequenzen\/Alexa-spiele-Radio-Hamburg-id387722.html\" rel=\"nofollow noopener\" target=\"_blank\">Smartspeaker<\/a> oder schaltet mit einem Klick unten auf den Playbutton das Webradio ein. Zum Nachh\u00f6ren gibt\u2019s das Ganze nat\u00fcrlich auch noch mal als <a _ngcontent-sc133=\"\" href=\"https:\/\/www.radiohamburg.de\/hoeren\/podcasts\/Radio-Hamburg-Nachrichten-id388455.html\" rel=\"nofollow noopener\" target=\"_blank\">Podcastangebot<\/a>.<\/p>\n<p><img decoding=\"async\" _ngcontent-sc130=\"\" class=\"\" src=\"https:\/\/www.europesays.com\/de\/wp-content\/uploads\/2025\/04\/app.jpg\" alt=\"App, App Store, iOS, Play Store, Google\" title=\"App, App Store, iOS, Play Store, Google\"\/><\/p>\n<p>Foto: Bloomicon \/ Shutterstock.com<\/p>\n<p> F\u00fcr iOS &amp; Android <\/p>\n<p>Holt euch die kostenlose Radio Hamburg App<\/p>\n<p _ngcontent-sc85=\"\" align=\"false\">H\u00f6rt uns an jedem Ort auf der Welt in bester Qualit\u00e4t &amp; st\u00f6rungsfrei \u00fcber unsere kostenlose App. Holt sie euch jetzt f\u00fcr Android oder iOS.<\/p>\n","protected":false},"excerpt":{"rendered":"09. Juli 2025 \u2013 Mira Oetinger Seit Jahresbeginn werden in Hamburg nur noch emissionsfreie Taxis zugelassen. Der Senat&hellip;\n","protected":false},"author":2,"featured_media":253922,"comment_status":"","ping_status":"","sticky":false,"template":"","format":"standard","meta":{"footnotes":""},"categories":[1826],"tags":[48871,13677,13021,8684,31,29,1368,77651,77647,77607,1519,77670,77656,77662,11998,77661,77654,19408,30,2013,692,77663,77652,23944,77648,77657,77669,36516,77665,55518,14602,184,77671,34896,77659,77658,77660,77667,77673,77664,77672,77650,77655,77666,11490,12839,77649,77160,1888,77668,77653,33477],"class_list":{"0":"post-253921","1":"post","2":"type-post","3":"status-publish","4":"format-standard","5":"has-post-thumbnail","7":"category-hamburg","8":"tag-taxiunternehmen","9":"tag-13677","10":"tag-13021","11":"tag-ausbau","12":"tag-cdu","13":"tag-deutschland","14":"tag-e-auto","15":"tag-e-auto-zwang","16":"tag-e-taxi","17":"tag-e-taxi-flotte","18":"tag-elektromobilitaet","19":"tag-elektromobilitaetsstrategie","20":"tag-emissionsfreie-taxis","21":"tag-fahrzeugbeschaffung","22":"tag-fahrzeuge","23":"tag-fahrzeugeinfuehrung","24":"tag-flottenumstellung","25":"tag-foerderprogramme","26":"tag-germany","27":"tag-gruene","28":"tag-hamburg","29":"tag-hamburg-taxenmarkt","30":"tag-hybrid-modelle","31":"tag-ladeinfrastruktur","32":"tag-lokal-emissionsfreie-taxis","33":"tag-nachfragerueckgang","34":"tag-nachhaltiger-verkehr","35":"tag-philipp-heissner","36":"tag-reine-e-autos","37":"tag-rueckgang","38":"tag-senatsantwort","39":"tag-spd","40":"tag-steuerung-der-flotte","41":"tag-taxen","42":"tag-taxenangebot","43":"tag-taxenanzahl","44":"tag-taxenbestand","45":"tag-taxenbestaende","46":"tag-taxenmarkt-hamburg","47":"tag-taxi-flotte","48":"tag-taxi-ladeinfrastruktur","49":"tag-taxigewerbe","50":"tag-taxiladesaeulen","51":"tag-taxiunternehmen-hamburg","52":"tag-umstellung","53":"tag-verbrenner","54":"tag-verkehrsexperte","55":"tag-verkehrsinfrastruktur","56":"tag-verkehrspolitik","57":"tag-verkehrsumschwung","58":"tag-zukunftstaxi","59":"tag-zuwachs"},"share_on_mastodon":{"url":"","error":"Validation failed: Text character limit of 500 exceeded"},"_links":{"self":[{"href":"https:\/\/www.europesays.com\/de\/wp-json\/wp\/v2\/posts\/253921","targetHints":{"allow":["GET"]}}],"collection":[{"href":"https:\/\/www.europesays.com\/de\/wp-json\/wp\/v2\/posts"}],"about":[{"href":"https:\/\/www.europesays.com\/de\/wp-json\/wp\/v2\/types\/post"}],"author":[{"embeddable":true,"href":"https:\/\/www.europesays.com\/de\/wp-json\/wp\/v2\/users\/2"}],"replies":[{"embeddable":true,"href":"https:\/\/www.europesays.com\/de\/wp-json\/wp\/v2\/comments?post=253921"}],"version-history":[{"count":0,"href":"https:\/\/www.europesays.com\/de\/wp-json\/wp\/v2\/posts\/253921\/revisions"}],"wp:featuredmedia":[{"embeddable":true,"href":"https:\/\/www.europesays.com\/de\/wp-json\/wp\/v2\/media\/253922"}],"wp:attachment":[{"href":"https:\/\/www.europesays.com\/de\/wp-json\/wp\/v2\/media?parent=253921"}],"wp:term":[{"taxonomy":"category","embeddable":true,"href":"https:\/\/www.europesays.com\/de\/wp-json\/wp\/v2\/categories?post=253921"},{"taxonomy":"post_tag","embeddable":true,"href":"https:\/\/www.europesays.com\/de\/wp-json\/wp\/v2\/tags?post=253921"}],"curies":[{"name":"wp","href":"https:\/\/api.w.org\/{rel}","templated":true}]}}