{"id":253927,"date":"2025-07-09T06:24:13","date_gmt":"2025-07-09T06:24:13","guid":{"rendered":"https:\/\/www.europesays.com\/de\/253927\/"},"modified":"2025-07-09T06:24:13","modified_gmt":"2025-07-09T06:24:13","slug":"reese-und-krattenmacher-fuehren-hertha-zum-sieg-im-testspiel-gegen-havelse","status":"publish","type":"post","link":"https:\/\/www.europesays.com\/de\/253927\/","title":{"rendered":"Reese und Krattenmacher f\u00fchren Hertha zum Sieg im Testspiel gegen Havelse"},"content":{"rendered":"<p>Fu\u00dfball-Zweitligist <a href=\"https:\/\/www.rbb24.de\/sport\/fussball\/hertha-bsc\/\" rel=\"nofollow noopener\" target=\"_blank\">Hertha BSC<\/a> hat auch sein drittes Testspiel in der Saisonvorbereitung gewonnen. Gegen Drittliga-Aufsteiger TSV Havelse hatten die Berliner am Dienstag beim 3:2 (2:2) im Amateurstadion auf dem Olympia-Gel\u00e4nde allerdings mehr M\u00fche als erwartet.<\/p>\n<p>Die Niedersachsen trafen in der ersten Minute durch Lorenzo Paldino. Nach dem Ausgleich durch Fabian Reese per Foulelfmeter (22. Minute) brachte Julius D\u00fcker (32.) die G\u00e4ste erneut in F\u00fchrung. Reese glich aber nach feiner Flanke von Maurice Krattenmacher (34.) vor 2.276 Zuschauern kurz darauf erneut aus.<\/p>\n<p>Das gute Zusammenspiel der Leihgabe des FC Bayern mit Reese war ein positiver Aspekt des Hertha-Spiels. Schon vor dem Tor hatte Krattenmacher den Berliner Fan-Liebling Reese gut in Szene gesetzt.<\/p>\n<p>Trainer Stefan Leitl wechselte zur Halbzeit sein Team durch, insgesamt kamen 22 Akteure zum Einsatz. Neuzugang Sebastian Gr\u00f6nning (50.) sicherte mit seinem Premierentreffer den Hertha-Sieg. Sp\u00e4ter traf der St\u00fcrmer noch die Latte (68.). Der Berliner Zweitligist hatte zuvor in der Vorbereitung mit 3:0 in Ludwigsfelde und mit 6:0 beim BFC Dynamo gewonnen.<\/p>\n<p>Kurz vor der Partie hatte Hertha vermeldet, dass Defensivspieler Pascal Klemens am Sprunggelenk operiert werden musste. Der 20-J\u00e4hrige fehlt den Berlinern f\u00fcr noch nicht absehbare Dauer. Klemens hatte sich die B\u00e4nderverletzung beim Aufw\u00e4rmen f\u00fcr das Testspiel beim BFC Dynamo am Samstag zugezogen. Leitl plante mit dem Junioren-Nationalspieler in der Innenverteidigung.<\/p>\n<p>Am Freitag reist Hertha BSC f\u00fcr eine Woche ins Trainingslager nach Kitzb\u00fchel, wo Testspiele gegen Br\u00f6ndby IF, Istanbul Basaksehir FK und Austria Wien anstehen. Ob John Antony Brooks nach \u00d6sterreich mitfahren kann, ist noch ungewiss. Der 32 Jahre alte Verteidiger hatte sich im <a href=\"https:\/\/www.rbb24.de\/sport\/beitrag\/2025\/07\/hertha-bsc-bfc-dynamo-testspiel-ergebnis-spielbericht-brooks-verletzung.html\" rel=\"nofollow noopener\" target=\"_blank\">Spiel gegen den BFC Dynamo<\/a> eine Muskelverletzung in der Wade zugezogen.<\/p>\n","protected":false},"excerpt":{"rendered":"Fu\u00dfball-Zweitligist Hertha BSC hat auch sein drittes Testspiel in der Saisonvorbereitung gewonnen. Gegen Drittliga-Aufsteiger TSV Havelse hatten die&hellip;\n","protected":false},"author":2,"featured_media":253928,"comment_status":"","ping_status":"","sticky":false,"template":"","format":"standard","meta":{"footnotes":""},"categories":[1825],"tags":[1941,1939,296,1937,29,30,1940,1938],"class_list":{"0":"post-253927","1":"post","2":"type-post","3":"status-publish","4":"format-standard","5":"has-post-thumbnail","7":"category-berlin","8":"tag-aktuelle-nachrichten-aus-berlin","9":"tag-aktuelle-news-aus-berlin","10":"tag-berlin","11":"tag-berlin-news","12":"tag-deutschland","13":"tag-germany","14":"tag-nachrichten-aus-berlin","15":"tag-news-aus-berlin"},"share_on_mastodon":{"url":"https:\/\/pubeurope.com\/@de\/114821849141145439","error":""},"_links":{"self":[{"href":"https:\/\/www.europesays.com\/de\/wp-json\/wp\/v2\/posts\/253927","targetHints":{"allow":["GET"]}}],"collection":[{"href":"https:\/\/www.europesays.com\/de\/wp-json\/wp\/v2\/posts"}],"about":[{"href":"https:\/\/www.europesays.com\/de\/wp-json\/wp\/v2\/types\/post"}],"author":[{"embeddable":true,"href":"https:\/\/www.europesays.com\/de\/wp-json\/wp\/v2\/users\/2"}],"replies":[{"embeddable":true,"href":"https:\/\/www.europesays.com\/de\/wp-json\/wp\/v2\/comments?post=253927"}],"version-history":[{"count":0,"href":"https:\/\/www.europesays.com\/de\/wp-json\/wp\/v2\/posts\/253927\/revisions"}],"wp:featuredmedia":[{"embeddable":true,"href":"https:\/\/www.europesays.com\/de\/wp-json\/wp\/v2\/media\/253928"}],"wp:attachment":[{"href":"https:\/\/www.europesays.com\/de\/wp-json\/wp\/v2\/media?parent=253927"}],"wp:term":[{"taxonomy":"category","embeddable":true,"href":"https:\/\/www.europesays.com\/de\/wp-json\/wp\/v2\/categories?post=253927"},{"taxonomy":"post_tag","embeddable":true,"href":"https:\/\/www.europesays.com\/de\/wp-json\/wp\/v2\/tags?post=253927"}],"curies":[{"name":"wp","href":"https:\/\/api.w.org\/{rel}","templated":true}]}}