{"id":253954,"date":"2025-07-09T06:38:15","date_gmt":"2025-07-09T06:38:15","guid":{"rendered":"https:\/\/www.europesays.com\/de\/253954\/"},"modified":"2025-07-09T06:38:15","modified_gmt":"2025-07-09T06:38:15","slug":"samsung-galaxy-unpacked-heute-mit-chance-auf-galaxy-g-fold-teaser-livestream-zum-galaxy-z-7-und-watch-8-launch-hier","status":"publish","type":"post","link":"https:\/\/www.europesays.com\/de\/253954\/","title":{"rendered":"Samsung Galaxy Unpacked heute mit Chance auf Galaxy G Fold Teaser: Livestream zum Galaxy Z 7 und Watch 8 Launch hier"},"content":{"rendered":"<p class=\"bodytext\">Samsung-Fans wissen sicherlich schon bestens dar\u00fcber Bescheid, was heute um 16.00 mitteleurop\u00e4ischer Zeit alles ausgepackt wird. Insbesondere die letzten Stunden waren voll mit <a href=\"https:\/\/www.notebookcheck.com\/Galaxy-Z-Fold-7-Galaxy-Z-Flip-7-und-Flip7-FE-Geleakte-Samsung-Webseiten-verraten-letzte-Details-vorab.1053982.0.html\" target=\"_self\" class=\"internal-link\" rel=\"nofollow noopener\">offiziellen Webseiten-Inhalte<\/a>n zu <a href=\"https:\/\/www.notebookcheck.com\/Samsung-Galaxy-Z-Fold-7-Viele-offizielle-Marketing-Bilder-sowie-Datenblatt-geleakt-aber-keine-S-Pen-Spuren.1053699.0.html\" target=\"_self\" class=\"internal-link\" rel=\"nofollow noopener\">Galaxy Z Fold 7<\/a>, <a href=\"https:\/\/www.notebookcheck.com\/Samsung-Galaxy-Z-Flip-7-Riesiges-Coverdisplay-im-Fokus-neuer-Promo-Bilder-Datenblatt-auch-zum-Galaxy-Z-Flip7-FE-geleakt.1053223.0.html\" target=\"_self\" class=\"internal-link\" rel=\"nofollow noopener\">Galaxy Z Flip 7, Galaxy Z Flip7 FE<\/a> sowie der <a href=\"https:\/\/www.notebookcheck.com\/Samsung-Galaxy-Watch-8-Classic-und-Galaxy-Watch-Ultra-2025-Promo-Bilder-enthuellen-Neuerungen-und-Unterschiede.1053692.0.html\" target=\"_self\" class=\"internal-link\" rel=\"nofollow noopener\">Galaxy Watch 8 Generation inklusive Galaxy Watch Ultra Refresh<\/a>. Das auf 8 Zoll angewachsene Hosentaschentablet verdient vermutlich tats\u00e4chlich den Beinamen &#8222;Ultra&#8220;, den Samsung aber nur in Teasern der neuen Galaxy-Foldables verwendet, nicht im Namen.&#13;<\/p>\n<p class=\"bodytext\">Dabei kursiert ja noch eine andere Idee in sozialen Netzen, was mit &#8222;Ultra Unfolds&#8220; letztlich vielleicht gemeint sein k\u00f6nnte und zwar ein Vorgeschmack auf Samsungs erstes Tri-Foldable oder &#8222;Multi-Fold&#8220; wie Samsung sein doppelt faltbare 10-Zoll-Tablet nennt, das ja seit geraumer Zeit in der Ger\u00fcchtek\u00fcche kursiert und im Herbst dieses Jahres auf den Markt kommen wird. Leider regional vermutlich stark eingeschr\u00e4nkt, wenn man <a href=\"https:\/\/www.notebookcheck.com\/Samsungs-High-End-Galaxy-G-Tri-Foldable-soll-im-Herbst-auf-robusteres-Huawei-Mate-XT-2-stossen.1050274.0.html\" target=\"_self\" class=\"internal-link\" rel=\"nofollow noopener\">Industrieberichten<\/a> Glauben schenken will, weswegen es nat\u00fcrlich nicht ausgeschlossen ist, dass ein offizieller Teaser im globalen Galaxy Unpacked Event heute nicht vorgesehen ist.&#13;<\/p>\n<p class=\"bodytext\">Wir wollen die Hoffnung dennoch nicht aufgeben, dass am Ende der Produktvorstellungen noch ein kurzer Trailer mit offizieller Enth\u00fcllung des Multi-Foldable Namens erfolgt, wie beim <a href=\"https:\/\/www.notebookcheck.com\/Laufzeit-Wunder-trotz-5-8-Millimeter-duennem-Gehaeuse-Test-Samsung-Galaxy-S25-Edge-Smartphone.1031865.0.html\" target=\"_self\" class=\"internal-link\" rel=\"nofollow noopener\">Galaxy S25 Edge<\/a> im Januar. Nicht ausgeschlossen ist zudem, dass &#8211; wieder analog zum Galaxy S25 Edge &#8211; im Anschluss an das Launchevent Prototypen des potentiell Galaxy G Fold benannten Falt-Tablets ausgestellt werden. Der Launch k\u00f6nnte also durchaus spannend werden, selbst wenn zum kommenden Foldable- und Wearable-Portfolio der S\u00fcdkoreaner bereits alles bekannt zu sein scheint. Der Livestream hier unten wird um 16.00 scharf geschalten.<\/p>\n<p><a href=\"https:\/\/www.notebookcheck.com\/Redaktion.113895.0.html?&amp;tx_nbc2journalist_pi1%5Bmode%5D=show&amp;tx_nbc2journalist_pi1%5Buid%5D=204\" rel=\"nofollow noopener\" target=\"_blank\"><img decoding=\"async\" src=\"https:\/\/www.europesays.com\/de\/wp-content\/uploads\/2025\/03\/csm_alex_am_weg_malta_e79154afb7.jpg\" loading=\"lazy\" width=\"120\" height=\"120\" alt=\"Alexander Fagot\"\/><\/a><a href=\"https:\/\/www.notebookcheck.com\/Redaktion.113895.0.html?&amp;tx_nbc2journalist_pi1%5Bmode%5D=show&amp;tx_nbc2journalist_pi1%5Buid%5D=204\" class=\"j_name\" rel=\"nofollow noopener\" target=\"_blank\">Alexander Fagot<\/a> &#8211; Managing Editor News  &#8211; 10745 Artikel auf Notebookcheck ver\u00f6ffentlicht seit 2016<\/p>\n<p>Als Tech-begeisterter Jugendlicher mit Assembling- und Overclocking-Vergangenheit, arbeitete ich als Filmvorf\u00fchrer noch mit dem guten alten 35 mm Film, bevor ich professionell in die Computerwelt eingestiegen bin und 7 Jahre lang Kunden beim \u00f6sterreichischen IT-Dienstleister Iphos IT Solutions als Windows Client- und Server-Administrator sowie Projektmanager betreut habe. Als viel reisender Freelancer schreibe ich nun schon seit 2016 f\u00fcr Notebookcheck von allen Ecken dieser Welt aus \u00fcber brandaktuelle mobile Technologien in Smartphones, Laptops und Gadgets aller Art.<\/p>\n","protected":false},"excerpt":{"rendered":"Samsung-Fans wissen sicherlich schon bestens dar\u00fcber Bescheid, was heute um 16.00 mitteleurop\u00e4ischer Zeit alles ausgepackt wird. Insbesondere die&hellip;\n","protected":false},"author":2,"featured_media":253955,"comment_status":"","ping_status":"","sticky":false,"template":"","format":"standard","meta":{"footnotes":""},"categories":[135],"tags":[56316,260,29,77687,77688,77693,258,77686,77684,77689,65344,65354,77690,75945,77692,75944,77691,76354,76353,30,261,259,251,253,77685,9150,77696,77694,264,263,15,250,252,26191,262,363,190,189,60706,7059,194,54796,191,254,255,257,256,77695,193,192],"class_list":{"0":"post-253954","1":"post","2":"type-post","3":"status-publish","4":"format-standard","5":"has-post-thumbnail","7":"category-wissenschaft-technik","8":"tag-alternative","9":"tag-benchmarks","10":"tag-deutschland","11":"tag-erstes-galaxy-tri-foldable","12":"tag-erstes-samsung-tri-foldable","13":"tag-fan-edition","14":"tag-forum","15":"tag-galaxy-g-fold","16":"tag-galaxy-unpacked","17":"tag-galaxy-watch-8","18":"tag-galaxy-watch-ultra-2025","19":"tag-galaxy-watch8","20":"tag-galaxy-watch8-classic","21":"tag-galaxy-z-flip-7","22":"tag-galaxy-z-flip-7-fe","23":"tag-galaxy-z-flip7","24":"tag-galaxy-z-flip7-fe","25":"tag-galaxy-z-fold-7","26":"tag-galaxy-z-fold7","27":"tag-germany","28":"tag-grafikkarten","29":"tag-informationen","30":"tag-laptop","31":"tag-laptops","32":"tag-launchevent","33":"tag-livestream","34":"tag-mate-xt","35":"tag-multi-fold","36":"tag-netbook","37":"tag-netbooks","38":"tag-news","39":"tag-notebook","40":"tag-notebooks","41":"tag-offiziell","42":"tag-prozessoren","43":"tag-samsung","44":"tag-science","45":"tag-science-technology","46":"tag-sommer-2025","47":"tag-specs","48":"tag-technik","49":"tag-technische-daten","50":"tag-technology","51":"tag-test","52":"tag-testbericht","53":"tag-testberichte","54":"tag-tests","55":"tag-tri-fold","56":"tag-wissenschaft","57":"tag-wissenschaft-technik"},"share_on_mastodon":{"url":"","error":"Validation failed: Text character limit of 500 exceeded"},"_links":{"self":[{"href":"https:\/\/www.europesays.com\/de\/wp-json\/wp\/v2\/posts\/253954","targetHints":{"allow":["GET"]}}],"collection":[{"href":"https:\/\/www.europesays.com\/de\/wp-json\/wp\/v2\/posts"}],"about":[{"href":"https:\/\/www.europesays.com\/de\/wp-json\/wp\/v2\/types\/post"}],"author":[{"embeddable":true,"href":"https:\/\/www.europesays.com\/de\/wp-json\/wp\/v2\/users\/2"}],"replies":[{"embeddable":true,"href":"https:\/\/www.europesays.com\/de\/wp-json\/wp\/v2\/comments?post=253954"}],"version-history":[{"count":0,"href":"https:\/\/www.europesays.com\/de\/wp-json\/wp\/v2\/posts\/253954\/revisions"}],"wp:featuredmedia":[{"embeddable":true,"href":"https:\/\/www.europesays.com\/de\/wp-json\/wp\/v2\/media\/253955"}],"wp:attachment":[{"href":"https:\/\/www.europesays.com\/de\/wp-json\/wp\/v2\/media?parent=253954"}],"wp:term":[{"taxonomy":"category","embeddable":true,"href":"https:\/\/www.europesays.com\/de\/wp-json\/wp\/v2\/categories?post=253954"},{"taxonomy":"post_tag","embeddable":true,"href":"https:\/\/www.europesays.com\/de\/wp-json\/wp\/v2\/tags?post=253954"}],"curies":[{"name":"wp","href":"https:\/\/api.w.org\/{rel}","templated":true}]}}