{"id":253998,"date":"2025-07-09T07:01:10","date_gmt":"2025-07-09T07:01:10","guid":{"rendered":"https:\/\/www.europesays.com\/de\/253998\/"},"modified":"2025-07-09T07:01:10","modified_gmt":"2025-07-09T07:01:10","slug":"1-million-euro-fuer-strassensanierung-newsblog-fuer-castrop-rauxel","status":"publish","type":"post","link":"https:\/\/www.europesays.com\/de\/253998\/","title":{"rendered":"1 Million Euro f\u00fcr Stra\u00dfensanierung ++ Newsblog f\u00fcr Castrop-Rauxel"},"content":{"rendered":"<p>\t\t++ Millionen-Investition: Stra\u00dfe im Wohnviertel wird saniert ++<br \/>\n\t\t\t\t\tLive-Newsblog f\u00fcr Castrop-Rauxel<\/p>\n<p>    <a href=\"https:\/\/www.ruhrnachrichten.de\/wp-content\/uploads\/2025\/07\/09\/06\/630_0900_4860734_map_17_-1648x824.jpg\" rel=\"nofollow noopener\" target=\"_blank\"><\/p>\n<p>            <img loading=\"lazy\" decoding=\"async\" src=\"https:\/\/www.europesays.com\/de\/wp-content\/uploads\/2025\/07\/630_0900_4860733_map_17_-640x428.jpg\" width=\"640\" height=\"428\"  alt=\"Newsblog\"\/><\/p>\n<p>    <\/a><br \/>\n    Rund 1 Million Euro wird an der Bergstra\u00dfe investiert. \u00a9 RVR<\/p>\n<p class=\"article__teaser-text\">Kurze Meldungen aus Castrop-Rauxel geb\u00fcndelt an einem Ort: Unser Newsblog f\u00fcr die Europastadt h\u00e4lt Sie stets auf dem Laufenden.<\/p>\n<p>1 Min Lesezeit<\/p>\n","protected":false},"excerpt":{"rendered":"++ Millionen-Investition: Stra\u00dfe im Wohnviertel wird saniert ++ Live-Newsblog f\u00fcr Castrop-Rauxel Rund 1 Million Euro wird an der&hellip;\n","protected":false},"author":2,"featured_media":253999,"comment_status":"","ping_status":"","sticky":false,"template":"","format":"standard","meta":{"footnotes":""},"categories":[1839],"tags":[7507,3364,29,30,14,10388,1209],"class_list":{"0":"post-253998","1":"post","2":"type-post","3":"status-publish","4":"format-standard","5":"has-post-thumbnail","7":"category-bochum","8":"tag-bochum","9":"tag-de","10":"tag-deutschland","11":"tag-germany","12":"tag-nachrichten","13":"tag-natur-umwelt","14":"tag-nordrhein-westfalen"},"share_on_mastodon":{"url":"https:\/\/pubeurope.com\/@de\/114821994111566590","error":""},"_links":{"self":[{"href":"https:\/\/www.europesays.com\/de\/wp-json\/wp\/v2\/posts\/253998","targetHints":{"allow":["GET"]}}],"collection":[{"href":"https:\/\/www.europesays.com\/de\/wp-json\/wp\/v2\/posts"}],"about":[{"href":"https:\/\/www.europesays.com\/de\/wp-json\/wp\/v2\/types\/post"}],"author":[{"embeddable":true,"href":"https:\/\/www.europesays.com\/de\/wp-json\/wp\/v2\/users\/2"}],"replies":[{"embeddable":true,"href":"https:\/\/www.europesays.com\/de\/wp-json\/wp\/v2\/comments?post=253998"}],"version-history":[{"count":0,"href":"https:\/\/www.europesays.com\/de\/wp-json\/wp\/v2\/posts\/253998\/revisions"}],"wp:featuredmedia":[{"embeddable":true,"href":"https:\/\/www.europesays.com\/de\/wp-json\/wp\/v2\/media\/253999"}],"wp:attachment":[{"href":"https:\/\/www.europesays.com\/de\/wp-json\/wp\/v2\/media?parent=253998"}],"wp:term":[{"taxonomy":"category","embeddable":true,"href":"https:\/\/www.europesays.com\/de\/wp-json\/wp\/v2\/categories?post=253998"},{"taxonomy":"post_tag","embeddable":true,"href":"https:\/\/www.europesays.com\/de\/wp-json\/wp\/v2\/tags?post=253998"}],"curies":[{"name":"wp","href":"https:\/\/api.w.org\/{rel}","templated":true}]}}