{"id":254006,"date":"2025-07-09T07:06:11","date_gmt":"2025-07-09T07:06:11","guid":{"rendered":"https:\/\/www.europesays.com\/de\/254006\/"},"modified":"2025-07-09T07:06:11","modified_gmt":"2025-07-09T07:06:11","slug":"ma-econocom-uebernimmt-integratoren-in-uk-irland","status":"publish","type":"post","link":"https:\/\/www.europesays.com\/de\/254006\/","title":{"rendered":"M&#038;A: Econocom \u00fcbernimmt Integratoren in UK\/Irland"},"content":{"rendered":"<p>Die \u00dcbernahme-Serie von Econocom setzt sich auch diese Woche fort. Nach den \u00dcbernahmen von <a href=\"https:\/\/invidis.de\/2025\/06\/ma-econocom-uebernimmt-mehrheit-an-ict\/\" rel=\"nofollow noopener\" target=\"_blank\">ICT (Deutschland)<\/a> und <a href=\"https:\/\/invidis.de\/2025\/07\/avanzia-econocom-uebernimmt-spanischen-integrator\/\" rel=\"nofollow noopener\" target=\"_blank\">Avanzia (Spanien)<\/a> vermeldet man heute die \u00dcbernahmen des irischen ProAV-Integrators Image Supply Systems Audio Visual (ISSAV) in Dublin und die bereits Anfang 2025 abgeschlossene Smartcomm-Transaktion. Die Econocom-Unternehmen in Europa erzielen in diesem Jahr mehr als 300 Millionen Euro Umsatz.<\/p>\n<blockquote class=\"wp-embedded-content\" data-secret=\"iQLeJFmcLa\">\n<p><a href=\"https:\/\/invidis.de\/2025\/07\/christoph-blaeser-econocom-managed-services-sind-die-zukunft\/\" rel=\"nofollow noopener\" target=\"_blank\">Christoph Bl\u00e4ser, Econocom: \u201eManaged Services sind die Zukunft\u201c<\/a><\/p>\n<\/blockquote>\n<p>Gemeinsam soll die beiden Unternehmens\u00fcbernahmen die F\u00e4higkeit von Econocom erm\u00f6glichen, komplexe ProAV- und Digital Signage-Projekte in Gro\u00dfbritannien und Irland zu realisieren.<\/p>\n<p>Durch die Akquisitionen verst\u00e4rkt Econocom sein Team in Gro\u00dfbritannien und Irland um mehr als 55 AV-Spezialisten. Zusammen mit den bestehenden Teams bietet der Integrator nun Beratung, Design, Installation, Integration, Wartung und Support f\u00fcr ProAV-und Digital Signage-Projekte in Gro\u00dfbritannien und Irland an.<\/p>\n<ul>\n<li>Smartcomm (UK) ist ein etablierter Systemintegrator \u2013 insbesondere in Corporate-, Universit\u00e4ts- und Projekten der \u00f6ffentlichen Hand.<\/li>\n<li>ISSAV (Dublin\/Irland) verf\u00fcgt \u00fcber ein Kundenportfolio von \u00fcber 150 Organisationen aus dem Bildungs-, \u00f6ffentlichen und Unternehmenssektor. Econocom erwarb einen Anteil von 67 Prozent an dem AV-Integrator, w\u00e4hrend die bisherigen Eigent\u00fcmer einen Anteil von 33 Prozent behielten.<\/li>\n<\/ul>\n<p>Beide Akquisitionen sind Teil des 225 Millionen Euro gro\u00dfen Investitionsprogramms von Econocom, mit dem der Konzern die fragmentierte nationale AV-M\u00e4rkte konsolidieren m\u00f6chte.<\/p>\n<p>Anzeige<\/p>\n<p><a href=\"https:\/\/invidis.de\/magazin-download-archive\/\" rel=\"nofollow noopener\" target=\"_blank\"><img loading=\"lazy\" decoding=\"async\" class=\"aligncenter size-full wp-image-319836\" src=\"https:\/\/www.europesays.com\/de\/wp-content\/uploads\/2025\/07\/invidis_banner_1100x250_jahrbuch_2025-1.jpg\" alt=\"\" width=\"1100\" height=\"250\"\/><\/a><\/p>\n","protected":false},"excerpt":{"rendered":"Die \u00dcbernahme-Serie von Econocom setzt sich auch diese Woche fort. Nach den \u00dcbernahmen von ICT (Deutschland) und Avanzia&hellip;\n","protected":false},"author":2,"featured_media":254007,"comment_status":"","ping_status":"","sticky":false,"template":"","format":"standard","meta":{"footnotes":""},"categories":[3976],"tags":[331,332,13,14,15,12,3992,3993,3994,173,3995,3996,3997],"class_list":{"0":"post-254006","1":"post","2":"type-post","3":"status-publish","4":"format-standard","5":"has-post-thumbnail","7":"category-vereinigtes-koenigreich","8":"tag-aktuelle-nachrichten","9":"tag-aktuelle-news","10":"tag-headlines","11":"tag-nachrichten","12":"tag-news","13":"tag-schlagzeilen","14":"tag-uk","15":"tag-united-kingdom","16":"tag-united-kingdom-of-great-britain-and-northern-ireland","17":"tag-unternehmen","18":"tag-vereinigtes-koenigreich","19":"tag-vereinigtes-koenigreich-grossbritannien-und-nordirland","20":"tag-vereinigtes-koenigreich-von-grossbritannien-und-nordirland"},"share_on_mastodon":{"url":"https:\/\/pubeurope.com\/@de\/114822013997409680","error":""},"_links":{"self":[{"href":"https:\/\/www.europesays.com\/de\/wp-json\/wp\/v2\/posts\/254006","targetHints":{"allow":["GET"]}}],"collection":[{"href":"https:\/\/www.europesays.com\/de\/wp-json\/wp\/v2\/posts"}],"about":[{"href":"https:\/\/www.europesays.com\/de\/wp-json\/wp\/v2\/types\/post"}],"author":[{"embeddable":true,"href":"https:\/\/www.europesays.com\/de\/wp-json\/wp\/v2\/users\/2"}],"replies":[{"embeddable":true,"href":"https:\/\/www.europesays.com\/de\/wp-json\/wp\/v2\/comments?post=254006"}],"version-history":[{"count":0,"href":"https:\/\/www.europesays.com\/de\/wp-json\/wp\/v2\/posts\/254006\/revisions"}],"wp:featuredmedia":[{"embeddable":true,"href":"https:\/\/www.europesays.com\/de\/wp-json\/wp\/v2\/media\/254007"}],"wp:attachment":[{"href":"https:\/\/www.europesays.com\/de\/wp-json\/wp\/v2\/media?parent=254006"}],"wp:term":[{"taxonomy":"category","embeddable":true,"href":"https:\/\/www.europesays.com\/de\/wp-json\/wp\/v2\/categories?post=254006"},{"taxonomy":"post_tag","embeddable":true,"href":"https:\/\/www.europesays.com\/de\/wp-json\/wp\/v2\/tags?post=254006"}],"curies":[{"name":"wp","href":"https:\/\/api.w.org\/{rel}","templated":true}]}}