{"id":254125,"date":"2025-07-09T08:10:16","date_gmt":"2025-07-09T08:10:16","guid":{"rendered":"https:\/\/www.europesays.com\/de\/254125\/"},"modified":"2025-07-09T08:10:16","modified_gmt":"2025-07-09T08:10:16","slug":"vortrag-ploetzlich-pflegebeduerftig-was-soll-ich-tun","status":"publish","type":"post","link":"https:\/\/www.europesays.com\/de\/254125\/","title":{"rendered":"Vortrag: &#8222;Pl\u00f6tzlich Pflegebed\u00fcrftig? Was soll ich tun?&#8220;"},"content":{"rendered":"<p>        <a href=\"https:\/\/www.lokalkompass.de\/s\/buergerreporter-werden\" target=\"_BLANK\" rel=\"nofollow noopener\">&#13;<br \/>\n<img decoding=\"async\" src=\"https:\/\/www.europesays.com\/de\/wp-content\/uploads\/2025\/04\/13544299_NATIVE.png\" height=\"100%\" width=\"auto\"\/><\/a><\/p>\n<p><b>&#8222;Pl\u00f6tzlich Pflegebed\u00fcrftig? Was soll ich tun?&#8220;<\/b><\/p>\n<p>Ein Pflegefall in der Familie kann pl\u00f6tzlich und unerwartet auftreten, beispielsweise durch einen Unfall oder eine Erkrankung. Welche Unterst\u00fctzungsm\u00f6glichkeiten und kostenlosen Angebote der Familialen Pflege am St. Barbara-Hospital existieren, pr\u00e4sentiert Ihnen Frau Susanne Natinger, B.A. Bereichsleitung Sozialdienst\/Entlassmanagement KKEL, gerne detailliert in ihrem Vortrag. Beispielhaft werden Informationen zur Feststellung der Pflegebed\u00fcrftigkeit, die verschiedenen Pflegegrade mit deren Voraussetzungen sowie die Leistungen und deren Abruf seitens der Pflegeversicherung thematisiert. Explizit werden auch sozialrechtliche Themen wie die Notwendigkeit der Vorsorgevollmacht und der Betreuungsverf\u00fcgung Erw\u00e4hnung finden.<\/p>\n<p>Der Vortrag von Susanne Natinger am 16.07.2025 beginnt um 16.00 Uhr im Konferenzraum, Mittelstr. 37, 45964 Gladbeck. Ab 15.00 Uhr k\u00f6nnen die G\u00e4ste Kaffee und Kuchen gegen ein kleines Entgelt erhalten.<br \/>Teilnehmen k\u00f6nnen alle interessierten B\u00fcrgerinnen und B\u00fcrger. Der Eintritt ist frei. Eine Anmeldung ist nicht erforderlich.<\/p>\n<p>                <a id=\"like-anchor\"\/><\/p>\n<p>                    Dieser Inhalt gef\u00e4llt Ihnen?<\/p>\n<p>Melden Sie sich an, um diesen Inhalt mit \u00abGef\u00e4llt mir\u00bb zu markieren.<\/p>\n<p>            \u00d7<\/p>\n<p>        <a href=\"#\" data-trigger-click-on-space-or-enter=\"\" class=\"button ggm-like-button hollow\" title=\"Gef\u00e4llt mir\" data-open=\"like-conversion-686e23e1a4aa2\"><\/p>\n<p>        <\/a><\/p>\n<p>\n        Gef\u00e4llt <strong>0<\/strong> mal<br \/>\n        0\n    <\/p>\n<p>            <a href=\"https:\/\/www.lokalkompass.de\/gladbeck\/profile-460456\/kneipp-verein-gladbeck-ev\" class=\"stop-click-event-propagation\" rel=\"nofollow noopener\" target=\"_blank\">    <\/p>\n<p>                                                                            <img class=\"imagecontainer\" decoding=\"auto\" data-aspect-ratio=\"1.016806723\" src=\"https:\/\/media04.lokalkompass.de\/user\/2025\/02\/12\/6\/114066_L.png?1739359795\" style=\"object-position: 50% 50%;\" data-object-position=\"50% 50%\" bad-src=\"data:image\/gif;base64,R0lGODlhAQABAIAAAAAAAP\/\/\/yH5BAEAAAAALAAAAAABAAEAAAIBRAA7\"\/><\/p>\n<p>        <\/a><\/p>\n<p>                    Sie m\u00f6chten diesem Profil folgen?<\/p>\n<p>Verpassen Sie nicht die neuesten Inhalte von diesem Profil: Melden Sie sich an, um neuen Inhalten von Profilen und Orten in Ihrem <strong>pers\u00f6nlichen Feed<\/strong> zu folgen.<\/p>\n<p>            \u00d7<\/p>\n<p>\n            <strong>Eine\/r<\/strong> folgt diesem Profil\n        <\/p>\n<p><a href=\"http:\/\/emag.lokalkompass.de\/titles\/ora\/11341?utm_source=E-Paper&amp;utm_medium=sidebar&amp;utm_campaign=Gladbeck\" target=\"_blank\" title=\"zum Stadtspiegel Gladbeck\" onclick=\"return fullscreen(&#039;http:\/\/emag.lokalkompass.de\/titles\/ora\/11341?utm_source=E-Paper&amp;utm_medium=sidebar&amp;utm_campaign=Gladbeck&#039;)\" rel=\"nofollow noopener\">&#13;<br \/>\n<img decoding=\"async\" src=\"https:\/\/www.europesays.com\/de\/wp-content\/uploads\/2025\/07\/1752048616_209_medium.jpg\" border=\"0\" height=\"0\" width=\"100%\"\/><\/a><\/p>\n<p>\u00a0<\/p>\n<p>        \u00d7<\/p>\n<p>    Video einbetten<\/p>\n<p class=\"help\">Es k\u00f6nnen nur einzelne Videos der jeweiligen Plattformen eingebunden werden, nicht jedoch Playlists, Streams oder \u00dcbersichtsseiten.<\/p>\n<p>        \u00d7<\/p>\n<p>    Code einbetten<\/p>\n<p>        Funktionalit\u00e4t des eingebetteten Codes ohne Gew\u00e4hr. Bitte Einbettungen f\u00fcr Video, Social, Link und Maps mit dem vom System vorgesehenen Einbettungsfuntkionen vornehmen.\n    <\/p>\n<p>                    Sie m\u00f6chten selbst beitragen?<\/p>\n<p>Melden Sie sich jetzt kostenlos an, um selbst mit eigenen Inhalten beizutragen.<\/p>\n<p>            \u00d7<\/p>\n<p>&#13;<br \/>\n        \u00a9 FUNKE Media Sales NRW GmbH&#13;\n    <\/p>\n<p align=\"right\">Eine Marke der <a href=\"https:\/\/www.funkemedien.de\/\" target=\"_blank\" rel=\"noopener nofollow\" style=\"font-weight:bold;\">FUNKE<\/a> Mediengruppe<\/p>\n","protected":false},"excerpt":{"rendered":"&#13; &#8222;Pl\u00f6tzlich Pflegebed\u00fcrftig? Was soll ich tun?&#8220; Ein Pflegefall in der Familie kann pl\u00f6tzlich und unerwartet auftreten, beispielsweise&hellip;\n","protected":false},"author":2,"featured_media":254126,"comment_status":"","ping_status":"","sticky":false,"template":"","format":"standard","meta":{"footnotes":""},"categories":[1848],"tags":[3364,29,548,663,3934,3658,30,13,14,15,1209,12],"class_list":{"0":"post-254125","1":"post","2":"type-post","3":"status-publish","4":"format-standard","5":"has-post-thumbnail","7":"category-gelsenkirchen","8":"tag-de","9":"tag-deutschland","10":"tag-eu","11":"tag-europa","12":"tag-europe","13":"tag-gelsenkirchen","14":"tag-germany","15":"tag-headlines","16":"tag-nachrichten","17":"tag-news","18":"tag-nordrhein-westfalen","19":"tag-schlagzeilen"},"share_on_mastodon":{"url":"https:\/\/pubeurope.com\/@de\/114822265698485894","error":""},"_links":{"self":[{"href":"https:\/\/www.europesays.com\/de\/wp-json\/wp\/v2\/posts\/254125","targetHints":{"allow":["GET"]}}],"collection":[{"href":"https:\/\/www.europesays.com\/de\/wp-json\/wp\/v2\/posts"}],"about":[{"href":"https:\/\/www.europesays.com\/de\/wp-json\/wp\/v2\/types\/post"}],"author":[{"embeddable":true,"href":"https:\/\/www.europesays.com\/de\/wp-json\/wp\/v2\/users\/2"}],"replies":[{"embeddable":true,"href":"https:\/\/www.europesays.com\/de\/wp-json\/wp\/v2\/comments?post=254125"}],"version-history":[{"count":0,"href":"https:\/\/www.europesays.com\/de\/wp-json\/wp\/v2\/posts\/254125\/revisions"}],"wp:featuredmedia":[{"embeddable":true,"href":"https:\/\/www.europesays.com\/de\/wp-json\/wp\/v2\/media\/254126"}],"wp:attachment":[{"href":"https:\/\/www.europesays.com\/de\/wp-json\/wp\/v2\/media?parent=254125"}],"wp:term":[{"taxonomy":"category","embeddable":true,"href":"https:\/\/www.europesays.com\/de\/wp-json\/wp\/v2\/categories?post=254125"},{"taxonomy":"post_tag","embeddable":true,"href":"https:\/\/www.europesays.com\/de\/wp-json\/wp\/v2\/tags?post=254125"}],"curies":[{"name":"wp","href":"https:\/\/api.w.org\/{rel}","templated":true}]}}